{"id":38000,"date":"2025-07-01T19:44:42","date_gmt":"2025-07-01T22:44:42","guid":{"rendered":"https:\/\/guialimeira.com.br\/2025\/07\/01\/engenho-central-recebe-o-4o-festival-de-orquideas-suculentas-e-flores-a-partir-da-sexta-feira-04-07-portal-do-municipio-de-piracicaba\/"},"modified":"2025-07-01T19:44:42","modified_gmt":"2025-07-01T22:44:42","slug":"engenho-central-recebe-o-4o-festival-de-orquideas-suculentas-e-flores-a-partir-da-sexta-feira-04-07-portal-do-municipio-de-piracicaba","status":"publish","type":"post","link":"https:\/\/guialimeira.com.br\/news\/engenho-central-recebe-o-4o-festival-de-orquideas-suculentas-e-flores-a-partir-da-sexta-feira-04-07-portal-do-municipio-de-piracicaba\/","title":{"rendered":"Engenho Central recebe o 4\u00ba Festival de Orqu\u00eddeas, Suculentas e Flores a partir da\u00a0sexta-feira,\u00a004\/07 \u2013 Portal do Munic\u00edpio de Piracicaba"},"content":{"rendered":"<p> <br \/>\n<\/p>\n<div>\n<figure class=\"wp-block-image size-large\"><img data-recalc-dims=\"1\" data-lazyloaded=\"1\" data-placeholder-resp=\"1024x1024\" fetchpriority=\"high\" decoding=\"async\" width=\"696\" height=\"696\" src=\"https:\/\/i0.wp.com\/piracicaba.sp.gov.br\/wp-content\/uploads\/2025\/07\/4o-Festival-de-Orquideas-Suculentas-e-Flores-que-sera-realizado-no-Armazem-9-do-Engenho-Central-1024x1024.jpg?resize=696%2C696&#038;ssl=1\" alt=\"A imagem mostra uma feira ou exposi\u00e7\u00e3o de orqu\u00eddeas. H\u00e1 v\u00e1rias pessoas olhando e comprando plantas. H\u00e1 muitas orqu\u00eddeas em vasos expostos em mesas. Uma mulher est\u00e1 usando uma camisa com o logotipo de um orquid\u00e1rio chamado &quot;Orquid\u00e1rio Fabiana Lahr&quot;, com informa\u00e7\u00f5es de contato. H\u00e1 tamb\u00e9m uma faixa com o mesmo nome e informa\u00e7\u00f5es de contato. O ambiente parece ser um sal\u00e3o ou \u00e1rea coberta. H\u00e1 tamb\u00e9m outras plantas al\u00e9m de orqu\u00eddeas.\" class=\"wp-image-107300\" srcset=\"https:\/\/piracicaba.sp.gov.br\/wp-content\/uploads\/2025\/07\/4o-Festival-de-Orquideas-Suculentas-e-Flores-que-sera-realizado-no-Armazem-9-do-Engenho-Central-1024x1024.jpg 1024w, https:\/\/piracicaba.sp.gov.br\/wp-content\/uploads\/2025\/07\/4o-Festival-de-Orquideas-Suculentas-e-Flores-que-sera-realizado-no-Armazem-9-do-Engenho-Central-300x300.jpg 300w, https:\/\/piracicaba.sp.gov.br\/wp-content\/uploads\/2025\/07\/4o-Festival-de-Orquideas-Suculentas-e-Flores-que-sera-realizado-no-Armazem-9-do-Engenho-Central-150x150.jpg 150w, https:\/\/piracicaba.sp.gov.br\/wp-content\/uploads\/2025\/07\/4o-Festival-de-Orquideas-Suculentas-e-Flores-que-sera-realizado-no-Armazem-9-do-Engenho-Central-768x768.jpg 768w, https:\/\/piracicaba.sp.gov.br\/wp-content\/uploads\/2025\/07\/4o-Festival-de-Orquideas-Suculentas-e-Flores-que-sera-realizado-no-Armazem-9-do-Engenho-Central.jpg 1080w\" data-sizes=\"(max-width: 1024px) 100vw, 1024px\"\/><figcaption class=\"wp-element-caption\">4<strong><em><sub>\u00ba Festival de Orqu\u00eddeas, Suculentas e Flores, que ser\u00e1 realizado no Armaz\u00e9m 9 do Engenho Central.<\/sub><\/em><\/strong><\/figcaption><\/figure>\n<p>Piracicaba sedia de sexta a domingo, 04 a 06\/07, o 4\u00ba Festival de Orqu\u00eddeas, Suculentas e Flores, que ser\u00e1 realizado no Armaz\u00e9m 9 do Engenho Central. Com entrada gratuita, o evento transforma o espa\u00e7o em um verdadeiro jardim, reunindo mais de 10 mil esp\u00e9cies de orqu\u00eddeas, suculentas, cactos, flores ornamentais e plantas frut\u00edferas, al\u00e9m de acess\u00f3rios e materiais para cultivo.<\/p>\n<p>O festival \u00e9 uma oportunidade para o p\u00fablico adquirir plantas diretamente de orquid\u00e1rios e produtores renomados, com pre\u00e7os acess\u00edveis. A programa\u00e7\u00e3o inclui ainda oficinas gratuitas de cultivo, oferecidas pela Associa\u00e7\u00e3o Orquid\u00f3fila de Piracicaba (Orquipira), no s\u00e1bado, 05\/07, \u00e0s 14h e 16h. As atividades s\u00e3o voltadas tanto para iniciantes quanto para os apaixonados por jardinagem que desejam aprofundar seus conhecimentos.<\/p>\n<p>Al\u00e9m das plantas e oficinas, o p\u00fablico encontrar\u00e1 uma estrutura com pra\u00e7a de alimenta\u00e7\u00e3o variada e feira de artesanato com produtos feitos por artistas da regi\u00e3o. O evento tem apoio da Prefeitura de Piracicaba e da Orquipira.<\/p>\n<p>\u201c\u00c9 gratificante ver como o p\u00fablico de Piracicaba e regi\u00e3o tem abra\u00e7ado o festival. A cada edi\u00e7\u00e3o, ampliamos a variedade de esp\u00e9cies, melhoramos a estrutura e refor\u00e7amos nosso compromisso com o acesso \u00e0 cultura, ao lazer e \u00e0 valoriza\u00e7\u00e3o da natureza\u201d, afirma Bento de Souza, um dos organizadores do evento.<\/p>\n<p><strong>SERVI\u00c7O<\/strong>\u00a0\u2013 4\u00ba Festival de Orqu\u00eddeas, Suculentas e Flores. No Armaz\u00e9m 9 do Engenho Central (avenida Dr. Maurice Allain, 454 \u2013 Vila Rezende). De 04 a 06\/07. Sexta e s\u00e1bado, das 9h \u00e0s 18h. Domingo, das 9h \u00e0s 16h. Entrada gratuita. Acesso pelo port\u00e3o principal ou pela passarela P\u00eansil.<\/p>\n<\/div>\n<p><br \/>\n<br \/><a href=\"https:\/\/piracicaba.sp.gov.br\/noticias\/engenho-central-recebe-o-4o-festival-de-orquideas-suculentas-e-flores-a-partir-da-sexta-feira-04-07\/\" rel=\"noopener\">Informa\u00e7\u00f5es PMP <\/a><\/p>\n","protected":false},"excerpt":{"rendered":"<p>4\u00ba Festival de Orqu\u00eddeas, Suculentas e Flores, que ser\u00e1 realizado no Armaz\u00e9m 9 do Engenho Central. Piracicaba sedia de sexta a domingo, 04 a 06\/07, o 4\u00ba Festival de Orqu\u00eddeas, Suculentas e Flores, que ser\u00e1 realizado no Armaz\u00e9m 9 do Engenho Central. Com entrada gratuita, o evento transforma o espa\u00e7o em um verdadeiro jardim, reunindo [&hellip;]<\/p>\n","protected":false},"author":1,"featured_media":38001,"comment_status":"open","ping_status":"open","sticky":false,"template":"","format":"standard","meta":{"_jetpack_newsletter_access":"","_jetpack_dont_email_post_to_subs":false,"_jetpack_newsletter_tier_id":0,"_jetpack_memberships_contains_paywalled_content":false,"_mbp_banners":[],"_jetpack_feature_clip_id":0,"_jetpack_memberships_contains_paid_content":false,"footnotes":"","jetpack_publicize_message":"","jetpack_publicize_feature_enabled":true,"jetpack_social_post_already_shared":true,"jetpack_social_options":{"image_generator_settings":{"template":"highway","default_image_id":0,"font":"","enabled":false},"version":2},"jetpack_post_was_ever_published":false},"categories":[20],"tags":[],"class_list":["post-38000","post","type-post","status-publish","format-standard","has-post-thumbnail","category-regiao"],"jetpack_publicize_connections":[],"jetpack-related-posts":[],"jetpack_shortlink":"https:\/\/wp.me\/p7Eq1F-9SU","jetpack_sharing_enabled":true,"jetpack_featured_media_url":"https:\/\/i0.wp.com\/guialimeira.com.br\/news\/wp-content\/uploads\/2025\/07\/4o-Festival-de-Orquideas-Suculentas-e-Flores-que-sera-realizado-no-Armazem-9-do-Engenho-Central-1024.jpeg?fit=1024%2C1024&ssl=1","_links":{"self":[{"href":"https:\/\/guialimeira.com.br\/news\/wp-json\/wp\/v2\/posts\/38000","targetHints":{"allow":["GET"]}}],"collection":[{"href":"https:\/\/guialimeira.com.br\/news\/wp-json\/wp\/v2\/posts"}],"about":[{"href":"https:\/\/guialimeira.com.br\/news\/wp-json\/wp\/v2\/types\/post"}],"author":[{"embeddable":true,"href":"https:\/\/guialimeira.com.br\/news\/wp-json\/wp\/v2\/users\/1"}],"replies":[{"embeddable":true,"href":"https:\/\/guialimeira.com.br\/news\/wp-json\/wp\/v2\/comments?post=38000"}],"version-history":[{"count":0,"href":"https:\/\/guialimeira.com.br\/news\/wp-json\/wp\/v2\/posts\/38000\/revisions"}],"wp:featuredmedia":[{"embeddable":true,"href":"https:\/\/guialimeira.com.br\/news\/wp-json\/wp\/v2\/media\/38001"}],"wp:attachment":[{"href":"https:\/\/guialimeira.com.br\/news\/wp-json\/wp\/v2\/media?parent=38000"}],"wp:term":[{"taxonomy":"category","embeddable":true,"href":"https:\/\/guialimeira.com.br\/news\/wp-json\/wp\/v2\/categories?post=38000"},{"taxonomy":"post_tag","embeddable":true,"href":"https:\/\/guialimeira.com.br\/news\/wp-json\/wp\/v2\/tags?post=38000"}],"curies":[{"name":"wp","href":"https:\/\/api.w.org\/{rel}","templated":true}]}}