{"id":37991,"date":"2025-07-01T18:44:07","date_gmt":"2025-07-01T21:44:07","guid":{"rendered":"https:\/\/guialimeira.com.br\/2025\/07\/01\/piracicaba-registra-saldo-de-113-vagas-de-emprego-em-maio-segundo-caged-portal-do-municipio-de-piracicaba\/"},"modified":"2025-07-01T18:44:07","modified_gmt":"2025-07-01T21:44:07","slug":"piracicaba-registra-saldo-de-113-vagas-de-emprego-em-maio-segundo-caged-portal-do-municipio-de-piracicaba","status":"publish","type":"post","link":"https:\/\/guialimeira.com.br\/news\/piracicaba-registra-saldo-de-113-vagas-de-emprego-em-maio-segundo-caged-portal-do-municipio-de-piracicaba\/","title":{"rendered":"Piracicaba registra saldo de 113 vagas de emprego em maio, segundo Caged \u2013 Portal do Munic\u00edpio de Piracicaba"},"content":{"rendered":"<p> <br \/>\n<\/p>\n<div>\n<p>Piracicaba encerrou o m\u00eas de maio com saldo positivo de 113 vagas formais de trabalho, de acordo com os dados do Caged (Cadastro Geral de Empregados e Desempregados), do Minist\u00e9rio do Trabalho, divulgados ontem, 30\/06. No per\u00edodo, foram registradas 6.359 admiss\u00f5es e 6.246 desligamentos.<\/p>\n<p>Os setores que mais contribu\u00edram para o resultado positivo foram Servi\u00e7os, com saldo de 202 vagas, seguido por Agropecu\u00e1ria, com 60 vagas, e Constru\u00e7\u00e3o, com 47.<\/p>\n<p>Das vagas geradas em maio, 153 foram ocupadas por mulheres, enquanto o saldo para homens foi negativo em 40 vagas. A maioria dos trabalhadores contratados tem entre 18 e 24 anos (107 vagas) e ensino fundamental completo (118).<\/p>\n<p>No ranking acumulado de janeiro a maio, Piracicaba alcan\u00e7ou a 42\u00aa coloca\u00e7\u00e3o no Brasil e a 13\u00aa no estado de S\u00e3o Paulo, com saldo de 3.634 vagas formais. Os destaques foram os setores da Constru\u00e7\u00e3o (1.493 vagas), Servi\u00e7os (1.457), Agropecu\u00e1ria (585) e Com\u00e9rcio (106).<\/p>\n<p>\u201cO desempenho positivo reflete o esfor\u00e7o da gest\u00e3o municipal em criar um ambiente favor\u00e1vel para gera\u00e7\u00e3o de empregos. Seguimos trabalhando para atrair novos investimentos e fortalecer os setores produtivos da cidade\u201d, afirmou o secret\u00e1rio de Trabalho, Emprego e Renda, Jos\u00e9 Luiz Ribeiro.<\/p>\n<figure class=\"wp-block-image size-large\"><img data-recalc-dims=\"1\" data-lazyloaded=\"1\" data-placeholder-resp=\"1024x768\" fetchpriority=\"high\" decoding=\"async\" width=\"696\" height=\"522\" src=\"https:\/\/i0.wp.com\/piracicaba.sp.gov.br\/wp-content\/uploads\/2025\/07\/Para-o-secretario-Jose-Luiz-Ribeiro-o-bom-desempenho-de-Piracicaba-e-reflexo-do-trabalho-da-Administracao-para-criar-um-ambiente-favoravel-para-geracao-de-empregos-1024x768.jpg?resize=696%2C522&#038;ssl=1\" alt=\"A imagem mostra uma cena em um ambiente externo, possivelmente um evento p\u00fablico. H\u00e1 tr\u00eas pessoas em destaque: uma mulher sentada \u00e0 mesa, aparentemente atendendo o p\u00fablico, um homem mais velho de jaqueta bege interagindo com uma mulher mais jovem sentada em uma cadeira, e uma segunda mulher sentada \u00e0 mesa, observando a intera\u00e7\u00e3o. Ao fundo, h\u00e1 outras pessoas sentadas em mesas, sugerindo um ambiente de atendimento ou registro. H\u00e1 panfletos e formul\u00e1rios sobre a mesa, indicando a possibilidade de inscri\u00e7\u00e3o ou coleta de informa\u00e7\u00f5es. O fundo apresenta uma parede azul e uma estrutura met\u00e1lica, sugerindo um espa\u00e7o coberto, talvez uma \u00e1rea de eventos ou feira. A atmosfera parece calma e organizada.\" class=\"wp-image-107308\" srcset=\"https:\/\/piracicaba.sp.gov.br\/wp-content\/uploads\/2025\/07\/Para-o-secretario-Jose-Luiz-Ribeiro-o-bom-desempenho-de-Piracicaba-e-reflexo-do-trabalho-da-Administracao-para-criar-um-ambiente-favoravel-para-geracao-de-empregos-1024x768.jpg 1024w, https:\/\/piracicaba.sp.gov.br\/wp-content\/uploads\/2025\/07\/Para-o-secretario-Jose-Luiz-Ribeiro-o-bom-desempenho-de-Piracicaba-e-reflexo-do-trabalho-da-Administracao-para-criar-um-ambiente-favoravel-para-geracao-de-empregos-300x225.jpg 300w, https:\/\/piracicaba.sp.gov.br\/wp-content\/uploads\/2025\/07\/Para-o-secretario-Jose-Luiz-Ribeiro-o-bom-desempenho-de-Piracicaba-e-reflexo-do-trabalho-da-Administracao-para-criar-um-ambiente-favoravel-para-geracao-de-empregos-768x576.jpg 768w, https:\/\/piracicaba.sp.gov.br\/wp-content\/uploads\/2025\/07\/Para-o-secretario-Jose-Luiz-Ribeiro-o-bom-desempenho-de-Piracicaba-e-reflexo-do-trabalho-da-Administracao-para-criar-um-ambiente-favoravel-para-geracao-de-empregos-1536x1152.jpg 1536w, https:\/\/piracicaba.sp.gov.br\/wp-content\/uploads\/2025\/07\/Para-o-secretario-Jose-Luiz-Ribeiro-o-bom-desempenho-de-Piracicaba-e-reflexo-do-trabalho-da-Administracao-para-criar-um-ambiente-favoravel-para-geracao-de-empregos.jpg 1600w\" data-sizes=\"(max-width: 1024px) 100vw, 1024px\"\/><figcaption class=\"wp-element-caption\">P<strong><em><sub>ara o secret\u00e1rio Jos\u00e9 Luiz Ribeiro, o bom desempenho de Piracicaba \u00e9 reflexo do trabalho da Administra\u00e7\u00e3o para criar um ambiente favor\u00e1vel para gera\u00e7\u00e3o de empregos<\/sub><\/em><\/strong><\/figcaption><\/figure>\n<\/div>\n<p><br \/>\n<br \/><a href=\"https:\/\/piracicaba.sp.gov.br\/noticias\/piracicaba-registra-saldo-de-113-vagas-de-emprego-em-maio-segundo-caged\/\" rel=\"noopener\">Informa\u00e7\u00f5es PMP <\/a><\/p>\n","protected":false},"excerpt":{"rendered":"<p>Piracicaba encerrou o m\u00eas de maio com saldo positivo de 113 vagas formais de trabalho, de acordo com os dados do Caged (Cadastro Geral de Empregados e Desempregados), do Minist\u00e9rio do Trabalho, divulgados ontem, 30\/06. No per\u00edodo, foram registradas 6.359 admiss\u00f5es e 6.246 desligamentos. Os setores que mais contribu\u00edram para o resultado positivo foram Servi\u00e7os, [&hellip;]<\/p>\n","protected":false},"author":1,"featured_media":37992,"comment_status":"open","ping_status":"open","sticky":false,"template":"","format":"standard","meta":{"_jetpack_newsletter_access":"","_jetpack_dont_email_post_to_subs":false,"_jetpack_newsletter_tier_id":0,"_jetpack_memberships_contains_paywalled_content":false,"_mbp_banners":[],"_jetpack_feature_clip_id":0,"_jetpack_memberships_contains_paid_content":false,"footnotes":"","jetpack_publicize_message":"","jetpack_publicize_feature_enabled":true,"jetpack_social_post_already_shared":true,"jetpack_social_options":{"image_generator_settings":{"template":"highway","default_image_id":0,"font":"","enabled":false},"version":2},"jetpack_post_was_ever_published":false},"categories":[20],"tags":[],"class_list":["post-37991","post","type-post","status-publish","format-standard","has-post-thumbnail","category-regiao"],"jetpack_publicize_connections":[],"jetpack-related-posts":[],"jetpack_shortlink":"https:\/\/wp.me\/p7Eq1F-9SL","jetpack_sharing_enabled":true,"jetpack_featured_media_url":"https:\/\/i0.wp.com\/guialimeira.com.br\/news\/wp-content\/uploads\/2025\/07\/Para-o-secretario-Jose-Luiz-Ribeiro-o-bom-desempenho-de-Piracicaba-e-reflexo-do-trabalho-da-Administ.jpeg?fit=1024%2C768&ssl=1","_links":{"self":[{"href":"https:\/\/guialimeira.com.br\/news\/wp-json\/wp\/v2\/posts\/37991","targetHints":{"allow":["GET"]}}],"collection":[{"href":"https:\/\/guialimeira.com.br\/news\/wp-json\/wp\/v2\/posts"}],"about":[{"href":"https:\/\/guialimeira.com.br\/news\/wp-json\/wp\/v2\/types\/post"}],"author":[{"embeddable":true,"href":"https:\/\/guialimeira.com.br\/news\/wp-json\/wp\/v2\/users\/1"}],"replies":[{"embeddable":true,"href":"https:\/\/guialimeira.com.br\/news\/wp-json\/wp\/v2\/comments?post=37991"}],"version-history":[{"count":0,"href":"https:\/\/guialimeira.com.br\/news\/wp-json\/wp\/v2\/posts\/37991\/revisions"}],"wp:featuredmedia":[{"embeddable":true,"href":"https:\/\/guialimeira.com.br\/news\/wp-json\/wp\/v2\/media\/37992"}],"wp:attachment":[{"href":"https:\/\/guialimeira.com.br\/news\/wp-json\/wp\/v2\/media?parent=37991"}],"wp:term":[{"taxonomy":"category","embeddable":true,"href":"https:\/\/guialimeira.com.br\/news\/wp-json\/wp\/v2\/categories?post=37991"},{"taxonomy":"post_tag","embeddable":true,"href":"https:\/\/guialimeira.com.br\/news\/wp-json\/wp\/v2\/tags?post=37991"}],"curies":[{"name":"wp","href":"https:\/\/api.w.org\/{rel}","templated":true}]}}