{"id":37988,"date":"2025-07-01T18:40:47","date_gmt":"2025-07-01T21:40:47","guid":{"rendered":"https:\/\/guialimeira.com.br\/?p=37988"},"modified":"2025-07-01T18:40:47","modified_gmt":"2025-07-01T21:40:47","slug":"obra-do-anel-viario-avanca-com-foco-em-seguranca-e-mobilidade-prefeitura-municipal-de-cordeiropolis","status":"publish","type":"post","link":"https:\/\/guialimeira.com.br\/news\/obra-do-anel-viario-avanca-com-foco-em-seguranca-e-mobilidade-prefeitura-municipal-de-cordeiropolis\/","title":{"rendered":"Obra do Anel Vi\u00e1rio avan\u00e7a com foco em seguran\u00e7a e mobilidade \u2013 Prefeitura Municipal de Cordeir\u00f3polis"},"content":{"rendered":"<p> <br \/>\n<\/p>\n<div>\n<p>A Prefeitura de Cordeir\u00f3polis deu in\u00edcio \u00e0 execu\u00e7\u00e3o do Anel Vi\u00e1rio da cidade. A obra est\u00e1 em fase inicial, com a prepara\u00e7\u00e3o do solo nos dois primeiros trechos: entre a rotat\u00f3ria da Avenida Presidente Vargas e a Rua Francisco Minatel, e entre a mesma avenida e o viaduto da Rumo, na Rodovia Constante Peruchi. O prazo de execu\u00e7\u00e3o total da obra \u00e9 de 24 meses.<\/p>\n<p>De acordo com a Secretaria de Obras e Planejamento, tamb\u00e9m ser\u00e1 constru\u00edda uma galeria dupla no trecho 2 (entre a Av. Presidente Vargas e o viaduto) para o escoamento das \u00e1guas do c\u00f3rrego existente. Um dos aterros, pr\u00f3ximo \u00e0 Rumo, ter\u00e1 aproximadamente 15 metros de altura, e a base ser\u00e1 refor\u00e7ada com pedra rach\u00e3o para garantir maior seguran\u00e7a \u00e0 estrutura.<\/p>\n<p>\u201c\u00c9 uma obra crucial para o desenvolvimento urbano de Cordeir\u00f3polis, pois vai tirar o tr\u00e1fego pesado da \u00e1rea urbana e aumentar a seguran\u00e7a vi\u00e1ria. Para que esse momento chegasse, foram necess\u00e1rios seis meses de muito trabalho das nossas equipes, adequando um projeto inicial que n\u00e3o dava certo, para esse que faremos para a popula\u00e7\u00e3o\u201d, afirmou a prefeita Cristina Saad.<\/p>\n<p>A chefe do Executivo visitou a obra nesta ter\u00e7a-feira (1\u00ba) ao lado do vice-prefeito Anderson Hespanhol Pique, do chefe de Gabinete, Denis Suidedos, do secret\u00e1rio de Obras, Le\u00f4nidas Siqueira, do diretor de Contabilidade, Renato Mascarin e do representante da empresa respons\u00e1vel pelas obras, Felipe Fonseca.<\/p>\n<p>A constru\u00e7\u00e3o do Anel Vi\u00e1rio foi iniciada na administra\u00e7\u00e3o do ex-prefeito Amarildo Zorzo. J\u00e1 a complementa\u00e7\u00e3o s\u00f3 come\u00e7ou nesta administra\u00e7\u00e3o \u2013 apesar da ordem de servi\u00e7o assinada no ano passado. \u201cFizemos a adequa\u00e7\u00e3o e aprova\u00e7\u00e3o do projeto executivo da obra, que previa um valor 25% maior do que est\u00e1 or\u00e7ado atualmente. Tamb\u00e9m foi necess\u00e1rio contratar uma opera\u00e7\u00e3o de cr\u00e9dito, aprovada pela C\u00e2mara Municipal, como parte da contrapartida da prefeitura\u201d, explicou Mascarin.<\/p>\n<p>\u201cA constru\u00e7\u00e3o do Anel Vi\u00e1rio \u00e9 uma conquista importante, porque representa uma mudan\u00e7a estrutural no tr\u00e2nsito da cidade e uma prepara\u00e7\u00e3o para o crescimento ordenado de Cordeir\u00f3polis\u201d, ressaltou Pique. \u201cUma obra que corria o risco de n\u00e3o acontecer, mas que com o esfor\u00e7o da equipe da gest\u00e3o da prefeita Cristina se tornar\u00e1 realidade\u201d, finalizou o vice-prefeito.<\/p>\n<figure class=\"wp-block-gallery has-nested-images columns-default is-cropped wp-block-gallery-1 is-layout-flex wp-block-gallery-is-layout-flex\">\n<figure class=\"wp-block-image size-large\"><\/figure>\n<figure class=\"wp-block-image size-large\"><img data-recalc-dims=\"1\" decoding=\"async\" loading=\"lazy\" width=\"696\" height=\"392\" data-id=\"30761\" src=\"https:\/\/i0.wp.com\/guialimeira.com.br\/wp-content\/uploads\/2025\/07\/1751406046_914_Obra-do-Anel-Viario-avanca-com-foco-em-seguranca-e.jpg?resize=696%2C392&#038;ssl=1\" alt=\"\" class=\"wp-image-30761\" \/><\/figure>\n<figure class=\"wp-block-image size-large\"><img data-recalc-dims=\"1\" decoding=\"async\" loading=\"lazy\" width=\"696\" height=\"392\" data-id=\"30759\" src=\"https:\/\/i0.wp.com\/guialimeira.com.br\/wp-content\/uploads\/2025\/07\/1751406046_93_Obra-do-Anel-Viario-avanca-com-foco-em-seguranca-e.jpg?resize=696%2C392&#038;ssl=1\" alt=\"\" class=\"wp-image-30759\" \/><\/figure>\n<\/figure><\/div>\n<p><br \/>\n<br \/><a href=\"https:\/\/www.cordeiropolis.sp.gov.br\/obra-do-anel-viario-avanca-com-foco-em-seguranca-e-mobilidade\/\" rel=\"noopener\">Informa\u00e7\u00f5es Cordeir\u00f3polis <\/a><\/p>\n","protected":false},"excerpt":{"rendered":"<p>A Prefeitura de Cordeir\u00f3polis deu in\u00edcio \u00e0 execu\u00e7\u00e3o do Anel Vi\u00e1rio da cidade. A obra est\u00e1 em fase inicial, com a prepara\u00e7\u00e3o do solo nos dois primeiros trechos: entre a rotat\u00f3ria da Avenida Presidente Vargas e a Rua Francisco Minatel, e entre a mesma avenida e o viaduto da Rumo, na Rodovia Constante Peruchi. O [&hellip;]<\/p>\n","protected":false},"author":1,"featured_media":37989,"comment_status":"open","ping_status":"open","sticky":false,"template":"","format":"standard","meta":{"_jetpack_newsletter_access":"","_jetpack_dont_email_post_to_subs":false,"_jetpack_newsletter_tier_id":0,"_jetpack_memberships_contains_paywalled_content":false,"_mbp_banners":[],"_jetpack_feature_clip_id":0,"_jetpack_memberships_contains_paid_content":false,"footnotes":"","jetpack_publicize_message":"","jetpack_publicize_feature_enabled":true,"jetpack_social_post_already_shared":true,"jetpack_social_options":{"image_generator_settings":{"template":"highway","default_image_id":0,"font":"","enabled":false},"version":2},"jetpack_post_was_ever_published":false},"categories":[20],"tags":[],"class_list":["post-37988","post","type-post","status-publish","format-standard","has-post-thumbnail","category-regiao"],"jetpack_publicize_connections":[],"jetpack-related-posts":[],"jetpack_shortlink":"https:\/\/wp.me\/p7Eq1F-9SI","jetpack_sharing_enabled":true,"jetpack_featured_media_url":"https:\/\/i0.wp.com\/guialimeira.com.br\/news\/wp-content\/uploads\/2025\/07\/Obra-do-Anel-Viario-avanca-com-foco-em-seguranca-e.jpg?fit=1024%2C576&ssl=1","_links":{"self":[{"href":"https:\/\/guialimeira.com.br\/news\/wp-json\/wp\/v2\/posts\/37988","targetHints":{"allow":["GET"]}}],"collection":[{"href":"https:\/\/guialimeira.com.br\/news\/wp-json\/wp\/v2\/posts"}],"about":[{"href":"https:\/\/guialimeira.com.br\/news\/wp-json\/wp\/v2\/types\/post"}],"author":[{"embeddable":true,"href":"https:\/\/guialimeira.com.br\/news\/wp-json\/wp\/v2\/users\/1"}],"replies":[{"embeddable":true,"href":"https:\/\/guialimeira.com.br\/news\/wp-json\/wp\/v2\/comments?post=37988"}],"version-history":[{"count":1,"href":"https:\/\/guialimeira.com.br\/news\/wp-json\/wp\/v2\/posts\/37988\/revisions"}],"predecessor-version":[{"id":37990,"href":"https:\/\/guialimeira.com.br\/news\/wp-json\/wp\/v2\/posts\/37988\/revisions\/37990"}],"wp:featuredmedia":[{"embeddable":true,"href":"https:\/\/guialimeira.com.br\/news\/wp-json\/wp\/v2\/media\/37989"}],"wp:attachment":[{"href":"https:\/\/guialimeira.com.br\/news\/wp-json\/wp\/v2\/media?parent=37988"}],"wp:term":[{"taxonomy":"category","embeddable":true,"href":"https:\/\/guialimeira.com.br\/news\/wp-json\/wp\/v2\/categories?post=37988"},{"taxonomy":"post_tag","embeddable":true,"href":"https:\/\/guialimeira.com.br\/news\/wp-json\/wp\/v2\/tags?post=37988"}],"curies":[{"name":"wp","href":"https:\/\/api.w.org\/{rel}","templated":true}]}}