{"id":3791,"date":"2024-05-04T18:13:45","date_gmt":"2024-05-04T21:13:45","guid":{"rendered":"https:\/\/guialimeira.com.br\/2024\/05\/04\/ubss-e-centros-comunitarios-vao-receber-doacoes-para-campanha-solidariedade-sem-fronteiras-praca-toledo-barros-tera-drive-thru\/"},"modified":"2024-05-04T18:13:45","modified_gmt":"2024-05-04T21:13:45","slug":"ubss-e-centros-comunitarios-vao-receber-doacoes-para-campanha-solidariedade-sem-fronteiras-praca-toledo-barros-tera-drive-thru","status":"publish","type":"post","link":"https:\/\/guialimeira.com.br\/news\/ubss-e-centros-comunitarios-vao-receber-doacoes-para-campanha-solidariedade-sem-fronteiras-praca-toledo-barros-tera-drive-thru\/","title":{"rendered":"UBSs e Centros Comunit\u00e1rios v\u00e3o receber doa\u00e7\u00f5es para campanha \u201cSolidariedade Sem Fronteiras\u201d; Pra\u00e7a Toledo Barros ter\u00e1 drive-thru"},"content":{"rendered":"<p> <br \/>\n<\/p>\n<div id=\"\">&#13;<br \/>\n                &#13;<br \/>\n&#13;<br \/>\n&#13;<br \/>\n&#13;<br \/>\n    <img data-recalc-dims=\"1\" decoding=\"async\" src=\"https:\/\/i0.wp.com\/ecrie.com.br\/sistema\/conteudos\/imagem\/m_137_0_1_04052024143014.jpg?w=696&#038;ssl=1\" alt=\"UBSs e Centros Comunit\u00e1rios v\u00e3o receber doa\u00e7\u00f5es para campanha \u201cSolidariedade Sem Fronteiras\u201d; Pra\u00e7a Toledo Barros ter\u00e1 drive-thru\"\/>&#13;<br \/>\n&#13;<\/p>\n<p><span style=\"color: #000000;\">O Fundo Social de Limeira ampliou os pontos de arrecada\u00e7\u00e3o de doa\u00e7\u00f5es para a campanha \u201cSolidariedade Sem Fronteiras. A a\u00e7\u00e3o tem o objetivo de ajudar as fam\u00edlias atingidas pela chuva no Rio Grande do Sul. Al\u00e9m da Prefeitura (das 8h \u00e0s 15h), as Unidades B\u00e1sicas de Sa\u00fade (UBSs) e os Centros Comunit\u00e1rios ir\u00e3o receber doa\u00e7\u00f5es de \u00e1gua pot\u00e1vel, produtos de higiene e de limpeza.<\/span><\/p>\n<p>&#13;<\/p>\n<p><span style=\"color: #000000;\">Para intensificar a iniciativa, o Fundo Social vai realizar, a partir de segunda-feira (6), das 8h \u00e0s 15h, um drive-thru na Pra\u00e7a Toledo Barros \u2013 acesso pelo Rua Senador Vergueiro. \u00a0<\/span><\/p>\n<p>&#13;<\/p>\n<p><span style=\"color: #000000;\">Todas as doa\u00e7\u00f5es ser\u00e3o repassadas ao Fundo Social do Estado de S\u00e3o Paulo.<\/span><\/p>\n<p>&#13;<\/p>\n<p><span style=\"color: #000000;\">SERVI\u00c7O<\/span><\/p>\n<p>&#13;<\/p>\n<p><span style=\"color: #000000;\">&#8220;Solidariedade Sem Fronteiras\u201d<\/span><\/p>\n<p>&#13;<\/p>\n<p><span style=\"color: #000000;\">O que doar: \u00e1gua pot\u00e1vel, produtos de higiene e de limpeza<\/span><\/p>\n<p>&#13;<\/p>\n<p><span style=\"color: #000000;\">Pontos de arrecada\u00e7\u00e3o:<\/span><\/p>\n<p>&#13;<\/p>\n<p>\u00a0<\/p>\n<p>&#13;<\/p>\n<p><strong><span style=\"color: #000000;\">Portaria da Prefeitura de Limeira \u2013 ao lado da Secretaria de Sa\u00fade (8h \u00e0s 15h)<\/span><\/strong><\/p>\n<p>&#13;<\/p>\n<p><strong><span style=\"color: #000000;\">Drive-thru na Pra\u00e7a Toledo Barros \u2013 Rua Senador Vergueiro (8h \u00e0s 15h)<\/span><\/strong><\/p>\n<p>&#13;<\/p>\n<p><strong><span style=\"color: #000000;\">Unidades B\u00e1sicas de Sa\u00fade:<\/span><\/strong><\/p>\n<p>&#13;<\/p>\n<p>\u00a0<\/p>\n<p>&#13;<\/p>\n<p><span style=\"color: #000000;\"><a style=\"color: #000000;\" href=\"https:\/\/goo.gl\/maps\/keWLf46dyszVypHJ6\" rel=\"noopener\"><strong>AMBULAT\u00d3RIO DE ESPECIALIDADES<\/strong><strong><br \/>Dr\u00ba H\u00e9lio M\u00e1rcio Mamede &#8211; RUBI<\/strong><\/a><\/span><br \/><span style=\"color: #000000;\"> Rua Professora Maria Expedita Cordeiro da Silva, 100, Residencial Rubi<\/span><\/p>\n<p>&#13;<\/p>\n<p><span style=\"color: #000000;\"><a style=\"color: #000000;\" href=\"https:\/\/goo.gl\/maps\/ujmTyefKW6NS9PuR6\" rel=\"noopener\"><strong>UBS \u00a0AB\u00cdLIO PEDRO \u00a0<\/strong><\/a><\/span><br \/><span style=\"color: #000000;\"> Rua Agostinho Gianotto, s\/n\u00ba (pr\u00f3ximo ao n\u00ba 147), Pq. Ab\u00edlio Pedro \u00a0 \u00a0\u00a0<\/span><br \/><span style=\"color: #000000;\"> \u00a0 \u00a0 \u00a0 \u00a0 \u00a0 \u00a0 \u00a0 \u00a0 \u00a0 \u00a0 \u00a0 \u00a0 \u00a0 \u00a0 \u00a0 \u00a0 \u00a0 \u00a0 \u00a0\u00a0<\/span><br \/><span style=\"color: #000000;\"> <a style=\"color: #000000;\" href=\"https:\/\/www.google.com.br\/maps\/place\/UBS+AEROPORTO\/@-22.6004831,-47.4175928,19z\/data=!4m6!3m5!1s0x94c881a4818fe2c3:0x333b0cdf9a2121c0!8m2!3d-22.6004237!4d-47.4174547!16s%2Fg%2F11f4ld7jp9\" rel=\"noopener\"><strong>UBS \u00a0AEROPORTO \u00a0<\/strong><\/a><\/span><br \/><span style=\"color: #000000;\"> Avenida Dr. Antonio de Luna, s\/n\u00ba esquina com a Rua Em\u00edlia, Pq. Res. Aeroporto\u00a0<\/span><br \/><span style=\"color: #000000;\"> \u00a0<\/span><br \/><span style=\"color: #000000;\"> <a style=\"color: #000000;\" href=\"https:\/\/goo.gl\/maps\/YnNCYcSNgpRy2RCh9?coh=178572&amp;entry=tt\" rel=\"noopener\"><strong>UBS \u00a0BOA VISTA\u00a0<\/strong><\/a><\/span><br \/><span style=\"color: #000000;\"> Rua Castro Barreto, 162, Boa Vista \u00a0 \u00a0<\/span><\/p>\n<p>&#13;<\/p>\n<p><span style=\"color: #000000;\"><a style=\"color: #000000;\" href=\"https:\/\/goo.gl\/maps\/XMVoygCiuZYGhz3z7?coh=178572&amp;entry=tt\" rel=\"noopener\"><strong>UBS CAMPO BELO<\/strong><\/a><\/span><br \/><span style=\"color: #000000;\"> Avenida Pedro Perissotto, 1.973, Jd. Campo Belo\u00a0<\/span><\/p>\n<p><span style=\"color: #000000;\"> <a style=\"color: #000000;\" href=\"https:\/\/goo.gl\/maps\/3hdkGCHENS1aKRuf7\" rel=\"noopener\"><strong>UBS \u00a0CECAP \u00a0<\/strong><\/a><\/span><br \/><span style=\"color: #000000;\"> Avenida Fausto Esteves dos Santos, s\/n\u00ba, Conjunto Res. Victor D\u2019Andr\u00e9a \u00a0 \u00a0 \u00a0\u00a0<\/span><br \/><span style=\"color: #000000;\"> \u00a0 \u00a0 \u00a0 \u00a0 \u00a0 \u00a0 \u00a0 \u00a0 \u00a0 \u00a0 \u00a0 \u00a0 \u00a0 \u00a0 \u00a0 \u00a0 \u00a0 \u00a0 \u00a0<\/span><br \/><span style=\"color: #000000;\"> <a style=\"color: #000000;\" href=\"https:\/\/goo.gl\/maps\/93SgkM7h6WHiJKnt5\" rel=\"noopener\"><strong>UBS \u00a0GRAMINHA\u00a0<\/strong><\/a><\/span><br \/><span style=\"color: #000000;\"> Luiz Pereira do Prado, 156, Jd. Graminha I \u00a0 \u00a0 \u00a0 \u00a0 \u00a0 \u00a0 \u00a0 \u00a0 \u00a0 \u00a0 \u00a0 \u00a0 \u00a0 \u00a0 \u00a0 \u00a0 \u00a0 \u00a0\u00a0<\/span><br \/><span style=\"color: #000000;\"> \u00a0<\/span><br \/><span style=\"color: #000000;\"> <a style=\"color: #000000;\" href=\"https:\/\/goo.gl\/maps\/jSRaX5ghe53xcRqN6\" rel=\"noopener\"><strong>UBS N. S. DO AMPARO\u00a0<\/strong><\/a><\/span><\/p>\n<p><span style=\"color: #000000;\"> Rua Tancredo de Luna, 384, Jd. Nossa Senhora do Amparo\u00a0<\/span><br \/><span style=\"color: #000000;\"> \u00a0<\/span><br \/><span style=\"color: #000000;\"> <a style=\"color: #000000;\" href=\"https:\/\/goo.gl\/maps\/YC6CbAAJwrGr6YP97?coh=178571&amp;entry=tt\" rel=\"noopener\"><strong>UBS \u00a0LOPES\u00a0<\/strong><\/a><\/span><br \/><span style=\"color: #000000;\"> Rua Antonio Sonego, s\/n\u00ba KM 135\/136 &#8211; Rodovia Limeira\/Campinas, Bairro dos Lopes\u00a0<\/span><br \/><span style=\"color: #000000;\"> \u00a0<\/span><br \/><span style=\"color: #000000;\"> <a style=\"color: #000000;\" href=\"https:\/\/goo.gl\/maps\/84vMNNvnbhb1EyUd9?coh=178571&amp;entry=tt\" rel=\"noopener\"><strong>UBS \u00a0MORRO AZUL\u00a0<\/strong><\/a><\/span><br \/><span style=\"color: #000000;\"> Rua Oswaldo Bertolini, 500, Jd. Morro Azul\u00a0<\/span><br \/><span style=\"color: #000000;\"> \u00a0<\/span><br \/><span style=\"color: #000000;\"> <a style=\"color: #000000;\" href=\"https:\/\/goo.gl\/maps\/KrjKS3AG7x5MdvtSA?coh=178571&amp;entry=tt\" rel=\"noopener\"><strong>UBS \u00a0N. S. DAS DORES 1\u00a0<\/strong><\/a><\/span><br \/><span style=\"color: #000000;\"> Av. Frei Jo\u00e3o das Merc\u00eas, 50, Parque Nossa Senhora das Dores, I Etapa \u00a0 \u00a0 \u00a0<\/span><br \/><span style=\"color: #000000;\"> \u00a0<\/span><br \/><span style=\"color: #000000;\"> <a style=\"color: #000000;\" href=\"https:\/\/goo.gl\/maps\/w7WyqEJVaFEPhRAq7?coh=178571&amp;entry=tt\" rel=\"noopener\"><strong>UBS \u00a0NOVA EUROPA \u00a0<\/strong><\/a><\/span><br \/><span style=\"color: #000000;\"> Rua Dona Eliza Sthalberg, 366, Jd. Nova Europa\u00a0<\/span><br \/><span style=\"color: #000000;\"> \u00a0<\/span><br \/><span style=\"color: #000000;\"> <a style=\"color: #000000;\" href=\"https:\/\/goo.gl\/maps\/LWCHwpoz3cjmKG3Z7?coh=178571&amp;entry=tt\" rel=\"noopener\"><strong>UBS NOVA \u00a0LIMEIRA\u00a0<\/strong><\/a><\/span><br \/><span style=\"color: #000000;\"> Rua Jos\u00e9 Fontini, n\u00ba179, Jd. Nova Limeira\u00a0<\/span><br \/><span style=\"color: #000000;\"> \u00a0 \u00a0<\/span><br \/><span style=\"color: #000000;\"> <a style=\"color: #000000;\" href=\"https:\/\/goo.gl\/maps\/RBZG2NGBJncNrXJv6?coh=178571&amp;entry=tt\" rel=\"noopener\"><strong>UBS \u00a0NOVA SU\u00cd\u00c7A\u00a0<\/strong><\/a><\/span><br \/><span style=\"color: #000000;\"> Rua Vereador Samuel Berto, s\/n\u00ba, Jd. Nova Su\u00ed\u00e7a \u00a0 \u00a0 \u00a0 \u00a0 \u00a0 \u00a0 \u00a0 \u00a0 \u00a0 \u00a0 \u00a0 \u00a0 \u00a0 \u00a0 \u00a0 \u00a0 \u00a0 \u00a0 \u00a0 \u00a0 \u00a0 \u00a0 \u00a0<\/span><br \/><span style=\"color: #000000;\"> \u00a0<\/span><br \/><span style=\"color: #000000;\"> <a style=\"color: #000000;\" href=\"https:\/\/goo.gl\/maps\/hr2chXUCSphhz7mX6?coh=178571&amp;entry=tt\" rel=\"noopener\"><strong>UBS \u00a0PINHAL\u00a0<\/strong><\/a><\/span><br \/><span style=\"color: #000000;\"> Rodovia Limeira &#8211; Mogi Mirim, KM 97, Bairro do Pinhal\u00a0<\/span><br \/><span style=\"color: #000000;\"> \u00a0<\/span><br \/><span style=\"color: #000000;\"> <a style=\"color: #000000;\" href=\"https:\/\/goo.gl\/maps\/f9nQukR84jgJUmdB8?coh=178571&amp;entry=tt\" rel=\"noopener\"><strong>UBS \u00a0 PLANALTO\u00a0<\/strong><\/a><\/span><br \/><span style=\"color: #000000;\"> Rua Professor Hely de Almeida Campos, s\/n\u00ba, Jd. Planalto \u00a0 \u00a0 \u00a0 \u00a0 \u00a0 \u00a0 \u00a0 \u00a0 \u00a0 \u00a0 \u00a0 \u00a0 \u00a0 \u00a0 \u00a0 \u00a0 \u00a0 \u00a0 \u00a0 \u00a0 \u00a0\u00a0<\/span><br \/><span style=\"color: #000000;\"> \u00a0<\/span><br \/><span style=\"color: #000000;\"> <a style=\"color: #000000;\" href=\"https:\/\/goo.gl\/maps\/1EoCPHXUZjaWaCEB9?coh=178571&amp;entry=tt\" rel=\"noopener\"><strong>UBS \u00a0PQ. HIP\u00d3LITO 1\u00a0<\/strong><\/a><\/span><br \/><span style=\"color: #000000;\"> Rua Arlinda Abreu Ribeiro s\/n\u00ba, Pq. Hip\u00f3lito \u00a0 \u00a0 \u00a0 \u00a0 \u00a0 \u00a0 \u00a0 \u00a0 \u00a0 \u00a0 \u00a0 \u00a0 \u00a0 \u00a0 \u00a0 \u00a0 \u00a0 \u00a0 \u00a0 \u00a0 \u00a0 \u00a0 \u00a0 \u00a0 \u00a0 \u00a0 \u00a0 \u00a0 \u00a0 \u00a0 \u00a0 \u00a0\u00a0<\/span><br \/><span style=\"color: #000000;\"> \u00a0<\/span><br \/><span style=\"color: #000000;\"> <a style=\"color: #000000;\" href=\"https:\/\/goo.gl\/maps\/2UKzdrPwbFzD5wk7A?coh=178571&amp;entry=tt\" rel=\"noopener\"><strong>UBS \u00a0VISTA ALEGRE\u00a0<\/strong><\/a><\/span><br \/><span style=\"color: #000000;\"> Rua Alberto Pelegrino, s\/n\u00ba, Jd. Vista Alegre \u00a0 \u00a0 \u00a0 \u00a0 \u00a0 \u00a0 \u00a0 \u00a0 \u00a0 \u00a0 \u00a0 \u00a0 \u00a0 \u00a0 \u00a0 \u00a0 \u00a0 \u00a0 \u00a0 \u00a0 \u00a0 \u00a0 \u00a0 \u00a0 \u00a0\u00a0<\/span><br \/><span style=\"color: #000000;\"> \u00a0<\/span><br \/><span style=\"color: #000000;\"> <a style=\"color: #000000;\" href=\"https:\/\/goo.gl\/maps\/fZc6PvWHcHasgNPZ6?coh=178571&amp;entry=tt\" rel=\"noopener\"><strong>UBS \u00a0 TATU\u00a0<\/strong><\/a><\/span><br \/><span style=\"color: #000000;\"> Rua Jacob Degaspari, 71, Bairro do Tatu\u00a0<\/span><br \/><span style=\"color: #000000;\"> \u00a0<\/span><br \/><span style=\"color: #000000;\"> <a style=\"color: #000000;\" href=\"https:\/\/goo.gl\/maps\/n6LWjXLABxdXP9Vz9?coh=178571&amp;entry=tt\" rel=\"noopener\"><strong>UBS \u00a0 ERNESTO KUHL 1 \u00a0<\/strong><\/a><\/span><br \/><span style=\"color: #000000;\"> Rua Eduardo Gon\u00e7alves, n\u00ba 26, Pq. Res. Aeroporto\u00a0<\/span><br \/><span style=\"color: #000000;\"> \u00a0 \u00a0 \u00a0 \u00a0 \u00a0 \u00a0<\/span><br \/><span style=\"color: #000000;\"> <a style=\"color: #000000;\" href=\"https:\/\/goo.gl\/maps\/o1E9ML3dphRmKuHT8?coh=178571&amp;entry=tt\" rel=\"noopener\"><strong>UBS \u00a0ERNESTO KUHL 2 \u00a0<\/strong><\/a><\/span><br \/><span style=\"color: #000000;\"> Rua Josefa Raimundo Candiotto, 200, Pq. Res. Aeroporto\u00a0<\/span><br \/><span style=\"color: #000000;\"> \u00a0 \u00a0 \u00a0 \u00a0 \u00a0<\/span><br \/><span style=\"color: #000000;\"> <a style=\"color: #000000;\" href=\"https:\/\/goo.gl\/maps\/mYBGrsz5YqfbsDgA6?coh=178571&amp;entry=tt\" rel=\"noopener\"><strong>UBS \u00a0OD\u00c9CIO DEGAN \u00a0\u00a0<\/strong><\/a><\/span><br \/><span style=\"color: #000000;\"> Rua Jos\u00e9 Medeiros, 113, Pq. Res. Manoel Simao Levy \u00a0\u00a0<\/span><br \/><span style=\"color: #000000;\"> \u00a0 \u00a0 \u00a0 \u00a0 \u00a0 \u00a0 \u00a0 \u00a0 \u00a0 \u00a0 \u00a0 \u00a0 \u00a0 \u00a0 \u00a0 \u00a0 \u00a0 \u00a0<\/span><br \/><span style=\"color: #000000;\"> <a style=\"color: #000000;\" href=\"https:\/\/goo.gl\/maps\/HK31mCpULu36xrQq9?coh=178571&amp;entry=tt\" rel=\"noopener\"><strong>UBS \u00a0BELINHA OMETTO 1 \u00a0<\/strong><\/a><\/span><br \/><span style=\"color: #000000;\"> Rua Granada, 572, Pq. Res. Belinha Ometto \u00a0 \u00a0 \u00a0 \u00a0 \u00a0 \u00a0 \u00a0 \u00a0 \u00a0 \u00a0 \u00a0 \u00a0 \u00a0 \u00a0 \u00a0 \u00a0 \u00a0 \u00a0 \u00a0 \u00a0 \u00a0\u00a0<\/span><br \/><span style=\"color: #000000;\"> \u00a0<\/span><br \/><span style=\"color: #000000;\"> <a style=\"color: #000000;\" href=\"https:\/\/goo.gl\/maps\/V1YF6Wzg5Mx8epYh8?coh=178571&amp;entry=tt\" rel=\"noopener\"><strong>UBS \u00a0BELINHA OMETTO 2\u00a0<\/strong><\/a><\/span><br \/><span style=\"color: #000000;\"> Avenida Canad\u00e1, 699, Pq. Res. Belinha Ometto\u00a0<\/span><br \/><span style=\"color: #000000;\"> \u00a0<\/span><br \/><span style=\"color: #000000;\"> <a style=\"color: #000000;\" href=\"https:\/\/goo.gl\/maps\/rea2JFhGq9u3iz1w5?coh=178571&amp;entry=tt\" rel=\"noopener\"><strong>UBS \u00a0BELINHA OMETTO 3\u00a0<\/strong><\/a><\/span><br \/><span style=\"color: #000000;\"> Rua Barbados, 185, Pq. Res. Belinha Ometto \u00a0 \u00a0 \u00a0 \u00a0 \u00a0 \u00a0 \u00a0 \u00a0 \u00a0 \u00a0 \u00a0 \u00a0 \u00a0 \u00a0 \u00a0 \u00a0\u00a0<\/span><br \/><span style=\"color: #000000;\"> \u00a0<\/span><br \/><span style=\"color: #000000;\"> <a style=\"color: #000000;\" href=\"https:\/\/goo.gl\/maps\/uza7BExF31StWJeb9?coh=178571&amp;entry=tt\" rel=\"noopener\"><strong>UBS \u00a0NOVO HORIZONTE\u00a0<\/strong><\/a><\/span><br \/><span style=\"color: #000000;\"> Rua Nelson Ferraz da Silva, s\/n\u00ba, Jd. Novo Horizonte \u00a0 \u00a0<\/span><\/p>\n<p>&#13;<\/p>\n<p><span style=\"color: #000000;\"> <a style=\"color: #000000;\" href=\"https:\/\/goo.gl\/maps\/dfBXUSSSNhLi1Kzs6?coh=178571&amp;entry=tt\" rel=\"noopener\"><strong>UBS \u00a0N. S. DAS DORES 2\u00a0<\/strong><\/a><\/span><br \/><span style=\"color: #000000;\"> Avenida Vit\u00f3rio Bortolan, 1080,CAIC<\/span><br \/><span style=\"color: #000000;\"> \u00a0<\/span><br \/><span style=\"color: #000000;\"> <a style=\"color: #000000;\" href=\"https:\/\/goo.gl\/maps\/6hqFkUi1C6kJ4db79?coh=178571&amp;entry=tt\" rel=\"noopener\"><strong>UBS \u00a0 PARQUE HIP\u00d3LITO 2 \u00a0<\/strong><\/a><\/span><br \/><span style=\"color: #000000;\"> Rua Manoel Rodrigues Ferreira, 249, Pq. Hip\u00f3lito \u00a0 \u00a0 \u00a0 \u00a0 \u00a0 \u00a0 \u00a0 \u00a0<\/span><br \/><span style=\"color: #000000;\"> \u00a0<\/span><br \/><span style=\"color: #000000;\"> <a style=\"color: #000000;\" href=\"https:\/\/goo.gl\/maps\/okKP1y5C24pSHp3z6?coh=178571&amp;entry=tt\" rel=\"noopener\"><strong>UBS CIDADE JARDIM \u00a0\u00a0<\/strong><\/a><\/span><br \/><span style=\"color: #000000;\"> Av. Campinas, 781\u00a0Cidade Jardim \u00a0 \u00a0\u00a0<\/span><br \/><span style=\"color: #000000;\"> \u00a0<\/span><br \/><span style=\"color: #000000;\"> <a style=\"color: #000000;\" href=\"https:\/\/goo.gl\/maps\/XHiqRLeqWnEJToor6?coh=178571&amp;entry=tt\" rel=\"noopener\"><strong>UBS \u00a0SANTO ANDR\u00c9 \u00a0\u00a0<\/strong><\/a><\/span><br \/><span style=\"color: #000000;\"> Av. Od\u00e9cio Roland, 145, Jardim Santo Andr\u00e9\u00a0<\/span><br \/><span style=\"color: #000000;\"> \u00a0<\/span><br \/><span style=\"color: #000000;\"> <strong><a style=\"color: #000000;\" href=\"https:\/\/goo.gl\/maps\/KUXxEdzvgmBho2kM6?coh=178571&amp;entry=tt\" rel=\"noopener\">UBS \u00a0LAGOA NOVA\u00a0<\/a><\/strong><\/span><br \/><span style=\"color: #000000;\"> Rua Adilson Edgard Amigo, 509, Pq. Residencial Aeroporto\u00a0<\/span><br \/><span style=\"color: #000000;\"> \u00a0<\/span><br \/><span style=\"color: #000000;\"> <a style=\"color: #000000;\" href=\"https:\/\/goo.gl\/maps\/RQHXWU9kUHkXGdN7A?coh=178571&amp;entry=tt\" rel=\"noopener\"><strong>UBS \u00a0BOA ESPERAN\u00c7A\u00a0<\/strong><\/a><\/span><br \/><span style=\"color: #000000;\"> Rua \u00a0Carlos Pfeifer, 140, Jd. Boa Esperan\u00e7a\u00a0<\/span><br \/><span style=\"color: #000000;\"> \u00a0<\/span><br \/><span style=\"color: #000000;\"> <a style=\"color: #000000;\" href=\"https:\/\/goo.gl\/maps\/N1QQc91joAzx3Udg7?coh=178571&amp;entry=tt\" rel=\"noopener\"><strong>UBS \u00a0ANAVEC\u00a0<\/strong><\/a><\/span><br \/><span style=\"color: #000000;\"> Luiz Jose Cavinato, 703, Anavec\u00a0<\/span><\/p>\n<p>&#13;<\/p>\n<p><span style=\"color: #000000;\"><strong>\u00a0<\/strong><\/span><\/p>\n<p>&#13;<\/p>\n<p><span style=\"color: #000000;\"><strong>Centros Comunit\u00e1rios:<\/strong><\/span><\/p>\n<p>&#13;<\/p>\n<p>\u00a0<\/p>\n<p>&#13;<\/p>\n<p><span style=\"color: #000000;\">C.C. \u201cJo\u00e3o Mofatto\u201d \u2013 Parque Hip\u00f3lito<\/span><\/p>\n<p>&#13;<\/p>\n<p><span style=\"color: #000000;\">C.C do Jardim Vista Alegre<\/span><\/p>\n<p>&#13;<\/p>\n<p><span style=\"color: #000000;\">C.C do Parque Nossa Senhora das Dores I<\/span><\/p>\n<p>&#13;<\/p>\n<p><span style=\"color: #000000;\">C.C do Jardim Ernesto K\u00fchl<\/span><\/p>\n<p>&#13;<\/p>\n<p><span style=\"color: #000000;\">C.C do Jardim Od\u00e9cio Degan<\/span><\/p>\n<p>&#13;<\/p>\n<p><span style=\"color: #000000;\">C.C Sebasti\u00e3o Fumagalli\u201d \u2013 Ouro Verde<\/span><\/p>\n<p>&#13;<\/p>\n<p><span style=\"color: #000000;\">C.C \u201cFrancisco Dragone\u201d \u2013 Teixeira Marques<\/span><\/p>\n<p>&#13;<\/p>\n<p><span style=\"color: #000000;\">C. C Belinha Ometto\u201d<\/span><\/p>\n<p>&#13;<\/p>\n<p><span style=\"color: #000000;\">C.C do Parque Victor D\u2019Andr\u00e9a<\/span><\/p>\n<p>&#13;<br \/>\n&#13;<br \/>\n&#13;<br \/>\n&#13;<\/p>\n<aside class=\"list-related no-print\">&#13;<br \/>\n        &#13;<br \/>\n&#13;<\/p>\n<article class=\"list-item noticias \">&#13;<br \/>\n                    <a class=\"list-item__img\" href=\"https:\/\/limeira.sp.gov.br\/imprensa\/noticias\/gabinete-do-prefeito\/fundo-social-faz-campanha-para-familias-atingidas-por-chuva-no-rio-grande-do-sul\" tabindex=\"-1\" aria-hidden=\"true\" rel=\"noopener\">&#13;<br \/>\n                        <img data-recalc-dims=\"1\" decoding=\"async\" src=\"https:\/\/i0.wp.com\/ecrie.com.br\/sistema\/conteudos\/imagem\/m_137_0_1_04052024143014.jpg?w=696&#038;ssl=1\" alt=\"Fundo Social faz campanha para fam\u00edlias atingidas por chuva no Rio Grande do Sul\"\/>&#13;<br \/>\n                    <\/a>&#13;<br \/>\n&#13;<br \/>\n                &#13;<br \/>\n            <\/article>\n<p>&#13;<\/p>\n<article class=\"list-item noticias \">&#13;<br \/>\n                    <a class=\"list-item__img\" href=\"https:\/\/limeira.sp.gov.br\/imprensa\/noticias\/saude\/prefeitura-de-limeira-aguarda-envio-de-novas-doses-para-retomar-vacinacao-de-maiores-de-12-anos\" tabindex=\"-1\" aria-hidden=\"true\" rel=\"noopener\">&#13;<br \/>\n                        <img data-recalc-dims=\"1\" decoding=\"async\" src=\"https:\/\/i0.wp.com\/ecrie.com.br\/sistema\/conteudos\/imagem\/m_137_0_1_02032023105323.jpg?w=696&#038;ssl=1\" alt=\"Prefeitura de Limeira aguarda envio de novas doses para retomar vacina\u00e7\u00e3o de maiores de 12 anos\"\/>&#13;<br \/>\n                    <\/a>&#13;<br \/>\n&#13;<br \/>\n                &#13;<br \/>\n            <\/article>\n<p>&#13;<\/p>\n<article class=\"list-item noticias \">&#13;<br \/>\n                    <a class=\"list-item__img\" href=\"https:\/\/limeira.sp.gov.br\/imprensa\/noticias\/gabinete-do-prefeito\/prefeitura-envia-para-camara-projeto-que-amplia-data-limite-para-adequacao-a-lei\" tabindex=\"-1\" aria-hidden=\"true\" rel=\"noopener\">&#13;<br \/>\n                        <img data-recalc-dims=\"1\" decoding=\"async\" src=\"https:\/\/i0.wp.com\/ecrie.com.br\/sistema\/conteudos\/imagem\/m_137_0_1_03052024163947.jpg?w=696&#038;ssl=1\" alt=\"Prefeitura envia para C\u00e2mara projeto que amplia data limite para adequa\u00e7\u00e3o \u00e0 lei\"\/>&#13;<br \/>\n                    <\/a>&#13;<br \/>\n&#13;<br \/>\n                &#13;<br \/>\n            <\/article>\n<p>&#13;<br \/>\n    <\/aside>\n<p>&#13;<br \/>\n&#13;\n            <\/p><\/div>\n<p><br \/>\n<br \/><a href=\"https:\/\/limeira.sp.gov.br\/ubss-e-centros-comunitarios-vao-receber-doacoes-para-campanha-solidariedade-sem-fronteiras-praca-toledo-barros-tera-drive-thru\" rel=\"noopener\">Informa\u00e7\u00f5es da PML <\/a><\/p>\n","protected":false},"excerpt":{"rendered":"<p>&#13; &#13; &#13; &#13; &#13; &#13; &#13; O Fundo Social de Limeira ampliou os pontos de arrecada\u00e7\u00e3o de doa\u00e7\u00f5es para a campanha \u201cSolidariedade Sem Fronteiras. A a\u00e7\u00e3o tem o objetivo de ajudar as fam\u00edlias atingidas pela chuva no Rio Grande do Sul. Al\u00e9m da Prefeitura (das 8h \u00e0s 15h), as Unidades B\u00e1sicas de Sa\u00fade (UBSs) [&hellip;]<\/p>\n","protected":false},"author":1,"featured_media":3773,"comment_status":"open","ping_status":"open","sticky":false,"template":"","format":"standard","meta":{"_jetpack_newsletter_access":"","_jetpack_dont_email_post_to_subs":false,"_jetpack_newsletter_tier_id":0,"_jetpack_memberships_contains_paywalled_content":false,"_mbp_banners":[],"_jetpack_feature_clip_id":0,"_jetpack_memberships_contains_paid_content":false,"footnotes":"","jetpack_publicize_message":"","jetpack_publicize_feature_enabled":true,"jetpack_social_post_already_shared":true,"jetpack_social_options":{"image_generator_settings":{"template":"highway","default_image_id":0,"font":"","enabled":false},"version":2},"jetpack_post_was_ever_published":false},"categories":[16],"tags":[],"class_list":["post-3791","post","type-post","status-publish","format-standard","has-post-thumbnail","category-local"],"jetpack_publicize_connections":[],"jetpack-related-posts":[],"jetpack_shortlink":"https:\/\/wp.me\/p7Eq1F-Z9","jetpack_sharing_enabled":true,"jetpack_featured_media_url":"https:\/\/i0.wp.com\/guialimeira.com.br\/news\/wp-content\/uploads\/2024\/05\/m_137_0_1_04052024143014.jpg?fit=1600%2C900&ssl=1","_links":{"self":[{"href":"https:\/\/guialimeira.com.br\/news\/wp-json\/wp\/v2\/posts\/3791","targetHints":{"allow":["GET"]}}],"collection":[{"href":"https:\/\/guialimeira.com.br\/news\/wp-json\/wp\/v2\/posts"}],"about":[{"href":"https:\/\/guialimeira.com.br\/news\/wp-json\/wp\/v2\/types\/post"}],"author":[{"embeddable":true,"href":"https:\/\/guialimeira.com.br\/news\/wp-json\/wp\/v2\/users\/1"}],"replies":[{"embeddable":true,"href":"https:\/\/guialimeira.com.br\/news\/wp-json\/wp\/v2\/comments?post=3791"}],"version-history":[{"count":0,"href":"https:\/\/guialimeira.com.br\/news\/wp-json\/wp\/v2\/posts\/3791\/revisions"}],"wp:featuredmedia":[{"embeddable":true,"href":"https:\/\/guialimeira.com.br\/news\/wp-json\/wp\/v2\/media\/3773"}],"wp:attachment":[{"href":"https:\/\/guialimeira.com.br\/news\/wp-json\/wp\/v2\/media?parent=3791"}],"wp:term":[{"taxonomy":"category","embeddable":true,"href":"https:\/\/guialimeira.com.br\/news\/wp-json\/wp\/v2\/categories?post=3791"},{"taxonomy":"post_tag","embeddable":true,"href":"https:\/\/guialimeira.com.br\/news\/wp-json\/wp\/v2\/tags?post=3791"}],"curies":[{"name":"wp","href":"https:\/\/api.w.org\/{rel}","templated":true}]}}