{"id":3789,"date":"2024-05-04T17:58:50","date_gmt":"2024-05-04T20:58:50","guid":{"rendered":"https:\/\/guialimeira.com.br\/2024\/05\/04\/reserva-dos-espacos-culturais-do-edificio-oswald-de-andrade\/"},"modified":"2024-05-04T17:58:50","modified_gmt":"2024-05-04T20:58:50","slug":"reserva-dos-espacos-culturais-do-edificio-oswald-de-andrade","status":"publish","type":"post","link":"https:\/\/guialimeira.com.br\/news\/reserva-dos-espacos-culturais-do-edificio-oswald-de-andrade\/","title":{"rendered":"Reserva dos espa\u00e7os culturais do Edif\u00edcio Oswald de Andrade"},"content":{"rendered":"<p> <br \/>\n<\/p>\n<div id=\"\">&#13;<br \/>\n                                <!-- Title -->&#13;<br \/>\n                                &#13;<br \/>\n&#13;<br \/>\n                                <!-- Excerpt -->&#13;<\/p>\n<p class=\"excerpt\">O documento tem a finalidade de estabelecer crit\u00e9rios para a reserva e utiliza\u00e7\u00e3o das salas dispon\u00edveis no pr\u00e9dio<\/p>\n<p>&#13;<br \/>\n&#13;<br \/>\n                                &#13;\n                            <\/p><\/div>\n<div id=\"\">&#13;<\/p>\n<figure id=\"attachment_5877040\" style=\"width: 100%;max-width: 752px\" class=\"wp-caption alignnone\"><img data-recalc-dims=\"1\" decoding=\"async\" loading=\"lazy\" class=\" wp-image-5877040\" src=\"https:\/\/i0.wp.com\/www.saopaulo.sp.gov.br\/wp-content\/uploads\/2024\/05\/2fc6f8a4-36ba-4e46-9975-fd4375b35731-300x197.jpeg?resize=696%2C457&#038;ssl=1\" alt=\"\" width=\"696\" height=\"457\" srcset=\"https:\/\/www.saopaulo.sp.gov.br\/wp-content\/uploads\/2024\/05\/2fc6f8a4-36ba-4e46-9975-fd4375b35731-300x197.jpeg 300w, https:\/\/www.saopaulo.sp.gov.br\/wp-content\/uploads\/2024\/05\/2fc6f8a4-36ba-4e46-9975-fd4375b35731-1024x671.jpeg 1024w, https:\/\/www.saopaulo.sp.gov.br\/wp-content\/uploads\/2024\/05\/2fc6f8a4-36ba-4e46-9975-fd4375b35731-768x504.jpeg 768w, https:\/\/www.saopaulo.sp.gov.br\/wp-content\/uploads\/2024\/05\/2fc6f8a4-36ba-4e46-9975-fd4375b35731-1536x1007.jpeg 1536w, https:\/\/www.saopaulo.sp.gov.br\/wp-content\/uploads\/2024\/05\/2fc6f8a4-36ba-4e46-9975-fd4375b35731.jpeg 1600w\" sizes=\"auto, (max-width: 752px) 100vw, 752px\"\/><figcaption class=\"wp-caption-text\">Os interessados devem enviar um formul\u00e1rio de solicita\u00e7\u00e3o ou comparecer ao edif\u00edcio<\/figcaption><\/figure>\n<p>A Secretaria da Cultura, Economia e Ind\u00fastria Criativas do Estado de S\u00e3o Paulo publicou resolu\u00e7\u00e3o com diretrizes para utiliza\u00e7\u00e3o e reserva dos espa\u00e7os do pr\u00e9dio Oswald de Andrade, no Bom Retiro, centro da capital paulista.<\/p>\n<p>Os interessados devem enviar um formul\u00e1rio de solicita\u00e7\u00e3o \u2013 conforme disposto na publica\u00e7\u00e3o do Di\u00e1rio Oficial \u2013 para o e-mail oswalddeandrade@sp.gov.br ou comparecer ao edif\u00edcio. L\u00e1, se dirigir ao balc\u00e3o de atendimento, de segunda a sexta-feira (exceto feriados e pontos facultativos), das 10h \u00e0s 17h, com no m\u00ednimo sete dias \u00fateis de anteced\u00eancia da data desejada para a utiliza\u00e7\u00e3o do espa\u00e7o.<\/p>\n<p>\u00c9 parte do requerimento que o proponente descreva a natureza do seu projeto, suas necessidades espec\u00edficas, apresente uma breve biografia do respons\u00e1vel t\u00e9cnico e zele pelo espa\u00e7o p\u00fablico, deixando-o nas mesmas condi\u00e7\u00f5es antes do seu uso.<\/p>\n<p>A partir disso, a secretaria ir\u00e1 avaliar o pedido e dar seguimento aos tr\u00e2mites de libera\u00e7\u00e3o ou n\u00e3o para uso das salas, teatro e p\u00e1tio do edif\u00edcio. A pasta seguir\u00e1 os seguintes crit\u00e9rios de an\u00e1lise: relev\u00e2ncia cultural do projeto apresentado; hist\u00f3rico e contribui\u00e7\u00e3o, para a comunidade art\u00edstica, do respons\u00e1vel t\u00e9cnico do projeto; e equidade na distribui\u00e7\u00e3o dos espa\u00e7os entre todos os agentes culturais solicitantes.<\/p>\n<p>Siga o canal \u201cGoverno de S\u00e3o Paulo\u201d no WhatsApp:<br \/><a href=\"https:\/\/bit.ly\/govspnozap\" target=\"_blank\" rel=\"noopener noreferrer\">https:\/\/bit.ly\/govspnozap<\/a><\/p>\n<\/p><\/div>\n<p><br \/>\n<br \/><a href=\"https:\/\/www.saopaulo.sp.gov.br\/spnoticias\/ultimas-noticias\/oswald-de-andrade-cultura-de-sp-publica-resolucao-com-regras-para-uso-do-espaco\/\" rel=\"noopener\">Informa\u00e7\u00f5es GOV.SP<\/a><\/p>\n","protected":false},"excerpt":{"rendered":"<p>&#13; &#13; &#13; &#13; &#13; O documento tem a finalidade de estabelecer crit\u00e9rios para a reserva e utiliza\u00e7\u00e3o das salas dispon\u00edveis no pr\u00e9dio &#13; &#13; &#13; &#13; Os interessados devem enviar um formul\u00e1rio de solicita\u00e7\u00e3o ou comparecer ao edif\u00edcio A Secretaria da Cultura, Economia e Ind\u00fastria Criativas do Estado de S\u00e3o Paulo publicou resolu\u00e7\u00e3o com [&hellip;]<\/p>\n","protected":false},"author":1,"featured_media":3790,"comment_status":"open","ping_status":"open","sticky":false,"template":"","format":"standard","meta":{"_jetpack_newsletter_access":"","_jetpack_dont_email_post_to_subs":false,"_jetpack_newsletter_tier_id":0,"_jetpack_memberships_contains_paywalled_content":false,"_mbp_banners":[],"_jetpack_feature_clip_id":0,"_jetpack_memberships_contains_paid_content":false,"footnotes":"","jetpack_publicize_message":"","jetpack_publicize_feature_enabled":true,"jetpack_social_post_already_shared":true,"jetpack_social_options":{"image_generator_settings":{"template":"highway","default_image_id":0,"font":"","enabled":false},"version":2},"jetpack_post_was_ever_published":false},"categories":[21],"tags":[],"class_list":["post-3789","post","type-post","status-publish","format-standard","has-post-thumbnail","category-sp-news"],"jetpack_publicize_connections":[],"jetpack-related-posts":[],"jetpack_shortlink":"https:\/\/wp.me\/p7Eq1F-Z7","jetpack_sharing_enabled":true,"jetpack_featured_media_url":"https:\/\/i0.wp.com\/guialimeira.com.br\/news\/wp-content\/uploads\/2024\/05\/Reserva-dos-espacos-culturais-do-Edificio-Oswald-de-Andrade.jpeg?fit=300%2C197&ssl=1","_links":{"self":[{"href":"https:\/\/guialimeira.com.br\/news\/wp-json\/wp\/v2\/posts\/3789","targetHints":{"allow":["GET"]}}],"collection":[{"href":"https:\/\/guialimeira.com.br\/news\/wp-json\/wp\/v2\/posts"}],"about":[{"href":"https:\/\/guialimeira.com.br\/news\/wp-json\/wp\/v2\/types\/post"}],"author":[{"embeddable":true,"href":"https:\/\/guialimeira.com.br\/news\/wp-json\/wp\/v2\/users\/1"}],"replies":[{"embeddable":true,"href":"https:\/\/guialimeira.com.br\/news\/wp-json\/wp\/v2\/comments?post=3789"}],"version-history":[{"count":0,"href":"https:\/\/guialimeira.com.br\/news\/wp-json\/wp\/v2\/posts\/3789\/revisions"}],"wp:featuredmedia":[{"embeddable":true,"href":"https:\/\/guialimeira.com.br\/news\/wp-json\/wp\/v2\/media\/3790"}],"wp:attachment":[{"href":"https:\/\/guialimeira.com.br\/news\/wp-json\/wp\/v2\/media?parent=3789"}],"wp:term":[{"taxonomy":"category","embeddable":true,"href":"https:\/\/guialimeira.com.br\/news\/wp-json\/wp\/v2\/categories?post=3789"},{"taxonomy":"post_tag","embeddable":true,"href":"https:\/\/guialimeira.com.br\/news\/wp-json\/wp\/v2\/tags?post=3789"}],"curies":[{"name":"wp","href":"https:\/\/api.w.org\/{rel}","templated":true}]}}