{"id":3785,"date":"2024-05-04T16:57:53","date_gmt":"2024-05-04T19:57:53","guid":{"rendered":"https:\/\/guialimeira.com.br\/2024\/05\/04\/exposicao-no-museu-de-sp-celebra-o-dia-mundial-da-lingua-portuguesa\/"},"modified":"2024-05-04T16:57:53","modified_gmt":"2024-05-04T19:57:53","slug":"exposicao-no-museu-de-sp-celebra-o-dia-mundial-da-lingua-portuguesa","status":"publish","type":"post","link":"https:\/\/guialimeira.com.br\/news\/exposicao-no-museu-de-sp-celebra-o-dia-mundial-da-lingua-portuguesa\/","title":{"rendered":"Exposi\u00e7\u00e3o no Museu de SP celebra o Dia Mundial da L\u00edngua Portuguesa\u202f \u202f\u202f\u202f"},"content":{"rendered":"<p> <br \/>\n<\/p>\n<div id=\"\">&#13;<\/p>\n<figure id=\"attachment_5877147\" style=\"width: 100%;max-width: 749px\" class=\"wp-caption alignnone caption-hide\"><img data-recalc-dims=\"1\" decoding=\"async\" loading=\"lazy\" class=\"wp-image-5877147\" src=\"https:\/\/i0.wp.com\/www.saopaulo.sp.gov.br\/wp-content\/uploads\/2024\/05\/WhatsApp-Image-2021-07-26-at-08.49.11-300x202.jpeg?resize=696%2C468&#038;ssl=1\" alt=\"\" width=\"696\" height=\"468\" srcset=\"https:\/\/www.saopaulo.sp.gov.br\/wp-content\/uploads\/2024\/05\/WhatsApp-Image-2021-07-26-at-08.49.11-300x202.jpeg 300w, https:\/\/www.saopaulo.sp.gov.br\/wp-content\/uploads\/2024\/05\/WhatsApp-Image-2021-07-26-at-08.49.11-768x516.jpeg 768w, https:\/\/www.saopaulo.sp.gov.br\/wp-content\/uploads\/2024\/05\/WhatsApp-Image-2021-07-26-at-08.49.11.jpeg 1000w\" sizes=\"auto, (max-width: 749px) 100vw, 749px\"\/><figcaption class=\"wp-caption-text\">Programa\u00e7\u00e3o conta com shows, oficinas, apresenta\u00e7\u00f5es e exposi\u00e7\u00f5es<\/figcaption><\/figure>\n<p>Uma exposi\u00e7\u00e3o tempor\u00e1ria dedicada \u00e0 influ\u00eancia das l\u00ednguas africanas no Brasil e a celebra\u00e7\u00e3o do dia de nosso idioma s\u00e3o os principais destaques da programa\u00e7\u00e3o de maio do\u00a0Museu da L\u00edngua Portuguesa, institui\u00e7\u00e3o da Secretaria da Cultura, Economia e Ind\u00fastria Criativas do Estado de S\u00e3o Paulo. Enquanto a mostra \u201cL\u00ednguas Africanas que fazem o Brasil\u201d\u00a0ser\u00e1 inaugurada no fim do m\u00eas, a programa\u00e7\u00e3o do\u00a0Dia Mundial da L\u00edngua Portuguesa\u00a0acontecer\u00e1 no dia 4 (s\u00e1bado), com shows, performances e gastronomia.<\/p>\n<p>O Museu tamb\u00e9m vai promover novas edi\u00e7\u00f5es do clube de leitura\u00a0Papo Liter\u00e1rio\u00a0\u2013 o livro do m\u00eas \u00e9\u00a0Mata Doce, de Luciany Aparecida \u2013 e da\u00a0Feira de Troca de Livros. Al\u00e9m disso, haver\u00e1\u00a0Sarau Africanizar,\u00a0Plataforma Conex\u00f5es\u00a0e\u00a0Falas do Corpo.<\/p>\n<p>Nos feriado de Corpus Christi (30 de maio), o Museu funcionar\u00e1 normalmente, sendo uma excelente op\u00e7\u00e3o para quem estiver na capital paulista nessas datas. Em 5 de maio (domingo), quando se comemora oficialmente o Dia Mundial da L\u00edngua Portuguesa, a entrada para visitar a exposi\u00e7\u00e3o principal do Museu ser\u00e1 gratuita para todos os p\u00fablicos. Tamb\u00e9m \u00e9 gr\u00e1tis aos s\u00e1bados.<\/p>\n<p><strong>Confira abaixo os destaques da programa\u00e7\u00e3o.\u00a0<\/strong><\/p>\n<p><b>Nova exposi\u00e7\u00e3o tempor\u00e1ria<\/b><\/p>\n<p>L\u00ednguas africanas que fazem o Brasil. Este \u00e9 o t\u00edtulo da pr\u00f3xima exposi\u00e7\u00e3o tempor\u00e1ria do Museu da L\u00edngua Portuguesa. Com curadoria do m\u00fasico e poeta Tigan\u00e1 Santana, a mostra ser\u00e1 inaugurada no fim de maio. O projeto destaca a forte presen\u00e7a das l\u00ednguas banto, iorub\u00e1 e eve-fon na configura\u00e7\u00e3o do portugu\u00eas falado no Brasil, seja em seu vocabul\u00e1rio, seja na sua maneira de pronunciar as palavras e de entoar as frases.<\/p>\n<p>A exposi\u00e7\u00e3o apresenta ainda linguagens n\u00e3o-verbais da \u00c1frica, que se manifestam por meio de turbantes, cabelos tran\u00e7ados e tambores, e mostra como toda a nossa cultura est\u00e1 impregnada dessa presen\u00e7a negro-africana, que deu uma nova fisionomia ao pa\u00eds.<\/p>\n<p><b>Dia de celebrar a nossa l\u00edngua<\/b><\/p>\n<p>O\u00a0Dia Mundial da L\u00edngua Portuguesa (5 de maio) ser\u00e1 celebrado em 4 de maio (s\u00e1bado) no Museu da L\u00edngua Portuguesa. O evento vai reunir artistas do Brasil (Fabiana Cozza, Slam das Minas, Funmilayo Afrobeat Orquestra), Angola (Ermi Panzo), Guin\u00e9-Conacri (Fanta Konat\u00ea), Mo\u00e7ambique (Otis Selimane) e Portugal (Dino D\u2019Santiago) com shows e gastronomia. Gratuito, o evento, das 10h \u00e0s 19h, ter\u00e1 como tema \u2018L\u00ednguas Africanas no Brasil\u2019.\u202fA curadoria \u00e9 do m\u00fasico e poeta brasileiro Tigan\u00e1 Santana e do escritor angolano Kalaf Epalanga. A programa\u00e7\u00e3o completa, com informa\u00e7\u00f5es sobre os hor\u00e1rios dos shows e ingressos, pode ser consultada<a href=\"https:\/\/www.museudalinguaportuguesa.org.br\/dia-mundial-da-lingua-portuguesa-2024-no-museu\/\" target=\"_blank\" rel=\"noopener noreferrer\">\u00a0neste link<\/a>.<\/p>\n<p><b>Livro\u00a0<\/b><b>Mata Doce<\/b><\/p>\n<p>O livro Mata Doce, de Luciany Aparecida, \u00e9 o foco do Papo Liter\u00e1rio: narrativas negras em l\u00edngua portuguesa de maio. O encontro, que ser\u00e1 mediado pela escritora Jarid Arraes, ter\u00e1 como tema \u2018Presente, passado e futuro, as diversas vozes de mulheres na literatura de Luciany Aparecida\u2019. Vai acontecer no dia 11 (s\u00e1bado), das 14h30 \u00e0s 16h30, no Sagu\u00e3o B do Museu, com entrada gratuita.<\/p>\n<p>Lan\u00e7ada pela editora Alfaguara, a obra percorre a trajet\u00f3ria de Maria Teresa, ou Filinha Mata-Boi, com suas m\u00e3es adotivas e os acontecimentos que cercam um pequeno vilarejo rural no interior da Bahia. A curadoria do\u00a0Papo Liter\u00e1rio\u00a0em 2024 \u00e9 de Camilla Dias, integrante dos coletivos Lendo Escritores Negro-Brasileiros e Leituras Decoloniais, al\u00e9m de autora do perfil @camillaeseuslivros no Instagram.<\/p>\n<p><b>Troca de livros<\/b><\/p>\n<p>No dia 11 de maio (s\u00e1bado), das 14h \u00e0s 17h, tamb\u00e9m acontece a 2\u00aa edi\u00e7\u00e3o da\u00a0Feira de Troca de Livros, no Sagu\u00e3o B, P\u00e1tio B e Cal\u00e7ada. A atividade tem como objetivo proporcionar um espa\u00e7o de encontro por meio do livro e da literatura e ainda incentivar a leitura.<\/p>\n<p>A cada edi\u00e7\u00e3o, as pessoas ser\u00e3o estimuladas a trocar com o Museu at\u00e9 oito livros em bom estado: sendo quatro livros por outros quatro livros da institui\u00e7\u00e3o e quatro livros por quatro ingressos (v\u00e1lidos at\u00e9 29 de dezembro de 2024). Caso a pessoa queira doar mais livros ao Museu, n\u00e3o h\u00e1 limite, desde que respeitadas as categorias liter\u00e1rias indicadas.<\/p>\n<p>Ser\u00e3o aceitos livros de literatura infantil, infantojuvenil e adulta nos g\u00eaneros poesia, fic\u00e7\u00e3o, hist\u00f3rias em quadrinhos, zine, cord\u00e9is, biografias, autobiografias, ensaios e arte. Os livros ficar\u00e3o dispon\u00edveis para troca ou ser\u00e3o oferecidos a pessoas em situa\u00e7\u00e3o de vulnerabilidade. Com esta atitude, o Museu pretende tornar a feira um evento acolhedor e acess\u00edvel a todos os p\u00fablicos.<\/p>\n<p>Quem estiver presente na feira tamb\u00e9m poder\u00e1 realizar a troca de seus livros entre si, sem a intermedia\u00e7\u00e3o da equipe do Museu.<\/p>\n<p><b>Samba no p\u00e9<\/b><\/p>\n<p>DJ Pedrinho, a passista e apresentadora C\u00edntia Mello e o professor de samba Will Tequila s\u00e3o os convidados do\u00a03\u00aa Sarau Africanizar no Museu. A passista C\u00edntia estar\u00e1 acompanhada do grupo Now Music<b>,<\/b>\u00a0composto por m\u00fasicos de v\u00e1rias agremia\u00e7\u00f5es do Carnaval de S\u00e3o Paulo. Com a ajuda do professor de samba Will Tequila, ela promete fazer com que todos os presentes no Sagu\u00e3o Central da Esta\u00e7\u00e3o da Luz dancem. Gratuita, a atividade est\u00e1 marcada para o dia 18 de maio, das 12h \u00e0s 14h, sob comando do Samba D\u2019Ketu.<\/p>\n<p>O\u00a0Sarau Africanizar no Museu\u00a0destaca a cultura afro por meio da poesia, da m\u00fasica, da dan\u00e7a, da moda e das artes visuais. Os trabalhos exibidos est\u00e3o em di\u00e1logo com o tema\u00a0da exposi\u00e7\u00e3o tempor\u00e1ria\u00a0L\u00ednguas africanas que fazem o Brasil.<\/p>\n<p><b>Guin\u00e9 mais perto<\/b><\/p>\n<p>Instrumentos africanos, como djemb\u00ea e balafom, s\u00e3o utilizados nas m\u00fasicas dan\u00e7adas, tocadas e interpretadas nas l\u00ednguas susu e malinke, de Guin\u00e9, no show\u00a0<i>Conex\u00e3o \u00c1frica D\u2019Oeste \u2013 Brasil<\/i>, atra\u00e7\u00e3o do 3\u00ba\u00a0Plataforma Conex\u00f5es. Nesta apresenta\u00e7\u00e3o, a bailarina Bofory Camara estar\u00e1 acompanhada do grupo Limanya, que conta com os integrantes Mariama Camara, Assane Mboup e Abou Cisse. A performance poder\u00e1 ser vista no dia 11 de maio (s\u00e1bado), das 12h \u00e0s 13h, no Sagu\u00e3o Central da Esta\u00e7\u00e3o da Luz. Gr\u00e1tis.<\/p>\n<p>Em 2024, o projeto\u00a0Plataforma Conex\u00f5es\u00a0selecionou trabalhos de dez artistas iniciantes nas \u00e1reas de m\u00fasica, literatura, dan\u00e7a ou performance, com o tema\u00a0L\u00ednguas Africanas no Brasil, o mesmo da pr\u00f3xima exposi\u00e7\u00e3o tempor\u00e1ria.<\/p>\n<p><b>Para as pessoas idosas<\/b><\/p>\n<p>O Falas do Corpo organiza quatro encontros voltados para o p\u00fablico da terceira idade, principalmente, em maio. Haver\u00e1 uma oficina de jogo de quebra-cabe\u00e7a (dia 9), oficina de postais com o N\u00facleo Educativo (dia 16) e Baile da Terceira Idade com o tema <i>Valsa<\/i>\u00a0(dia 23). O projeto \u00e9 organizado pelo Programa de Articula\u00e7\u00e3o Social do Museu em parceria com o educador f\u00edsico Denny Tavares e acontece \u00e0s quintas-feiras, das 14h \u00e0s 16h, no Sagu\u00e3o B do Museu.<\/p>\n<p><b>Em Bel\u00e9m e no Rio de Janeiro<\/b><\/p>\n<p>A exposi\u00e7\u00e3o\u00a0Nhe\u2019\u1ebd Por\u00e3: Mem\u00f3ria e Transforma\u00e7\u00e3o\u00a0pode ser vista nas cidades de Bel\u00e9m, no Museu Paraense Em\u00edlio Goeldi, e do Rio de Janeiro, no Museu de Arte do Rio. Com curadoria da artista ind\u00edgena e mestre em Direitos Humanos Daiara Tukano, e cocuradoria \u00e9 da antrop\u00f3loga Majo\u00ed Gongora, destaca as cerca de 175 l\u00ednguas ind\u00edgenas que existem e resistem nos dias de hoje.<\/p>\n<p>A mostra \u00e9 uma realiza\u00e7\u00e3o do Museu da L\u00edngua Portuguesa, com articula\u00e7\u00e3o e patroc\u00ednio m\u00e1ster do Instituto Cultural Vale, por meio da Lei Federal de Incentivo \u00e0 Cultura \u2013 Lei Rouanet.<\/p>\n<p>Siga o canal \u201cGoverno de S\u00e3o Paulo\u201d no WhatsApp:<br \/><a href=\"https:\/\/bit.ly\/govspnozap\" target=\"_blank\" rel=\"noopener noreferrer\">https:\/\/bit.ly\/govspnozap<\/a><\/p>\n<p><b>Servi\u00e7o<\/b><\/p>\n<\/p><\/div>\n<p><br \/>\n<br \/><a href=\"https:\/\/www.saopaulo.sp.gov.br\/spnoticias\/ultimas-noticias\/dia-mundial-da-lingua-portuguesa-museu-de-sp-abre-nova-exposicao-para-celebrar-a-data\/\" rel=\"noopener\">Informa\u00e7\u00f5es GOV.SP<\/a><\/p>\n","protected":false},"excerpt":{"rendered":"<p>&#13; Programa\u00e7\u00e3o conta com shows, oficinas, apresenta\u00e7\u00f5es e exposi\u00e7\u00f5es Uma exposi\u00e7\u00e3o tempor\u00e1ria dedicada \u00e0 influ\u00eancia das l\u00ednguas africanas no Brasil e a celebra\u00e7\u00e3o do dia de nosso idioma s\u00e3o os principais destaques da programa\u00e7\u00e3o de maio do\u00a0Museu da L\u00edngua Portuguesa, institui\u00e7\u00e3o da Secretaria da Cultura, Economia e Ind\u00fastria Criativas do Estado de S\u00e3o Paulo. Enquanto [&hellip;]<\/p>\n","protected":false},"author":1,"featured_media":3786,"comment_status":"open","ping_status":"open","sticky":false,"template":"","format":"standard","meta":{"_jetpack_newsletter_access":"","_jetpack_dont_email_post_to_subs":false,"_jetpack_newsletter_tier_id":0,"_jetpack_memberships_contains_paywalled_content":false,"_mbp_banners":[],"_jetpack_feature_clip_id":0,"_jetpack_memberships_contains_paid_content":false,"footnotes":"","jetpack_publicize_message":"","jetpack_publicize_feature_enabled":true,"jetpack_social_post_already_shared":true,"jetpack_social_options":{"image_generator_settings":{"template":"highway","default_image_id":0,"font":"","enabled":false},"version":2},"jetpack_post_was_ever_published":false},"categories":[21],"tags":[],"class_list":["post-3785","post","type-post","status-publish","format-standard","has-post-thumbnail","category-sp-news"],"jetpack_publicize_connections":[],"jetpack-related-posts":[],"jetpack_shortlink":"https:\/\/wp.me\/p7Eq1F-Z3","jetpack_sharing_enabled":true,"jetpack_featured_media_url":"https:\/\/i0.wp.com\/guialimeira.com.br\/news\/wp-content\/uploads\/2024\/05\/Exposicao-no-Museu-de-SP-celebra-o-Dia-Mundial-da.jpeg?fit=300%2C202&ssl=1","_links":{"self":[{"href":"https:\/\/guialimeira.com.br\/news\/wp-json\/wp\/v2\/posts\/3785","targetHints":{"allow":["GET"]}}],"collection":[{"href":"https:\/\/guialimeira.com.br\/news\/wp-json\/wp\/v2\/posts"}],"about":[{"href":"https:\/\/guialimeira.com.br\/news\/wp-json\/wp\/v2\/types\/post"}],"author":[{"embeddable":true,"href":"https:\/\/guialimeira.com.br\/news\/wp-json\/wp\/v2\/users\/1"}],"replies":[{"embeddable":true,"href":"https:\/\/guialimeira.com.br\/news\/wp-json\/wp\/v2\/comments?post=3785"}],"version-history":[{"count":0,"href":"https:\/\/guialimeira.com.br\/news\/wp-json\/wp\/v2\/posts\/3785\/revisions"}],"wp:featuredmedia":[{"embeddable":true,"href":"https:\/\/guialimeira.com.br\/news\/wp-json\/wp\/v2\/media\/3786"}],"wp:attachment":[{"href":"https:\/\/guialimeira.com.br\/news\/wp-json\/wp\/v2\/media?parent=3785"}],"wp:term":[{"taxonomy":"category","embeddable":true,"href":"https:\/\/guialimeira.com.br\/news\/wp-json\/wp\/v2\/categories?post=3785"},{"taxonomy":"post_tag","embeddable":true,"href":"https:\/\/guialimeira.com.br\/news\/wp-json\/wp\/v2\/tags?post=3785"}],"curies":[{"name":"wp","href":"https:\/\/api.w.org\/{rel}","templated":true}]}}