{"id":3780,"date":"2024-05-04T15:56:50","date_gmt":"2024-05-04T18:56:50","guid":{"rendered":"https:\/\/guialimeira.com.br\/2024\/05\/04\/conheca-programas-do-governo-de-sao-paulo-que-impulsionam-a-geracao-de-empregos\/"},"modified":"2024-05-04T15:56:50","modified_gmt":"2024-05-04T18:56:50","slug":"conheca-programas-do-governo-de-sao-paulo-que-impulsionam-a-geracao-de-empregos","status":"publish","type":"post","link":"https:\/\/guialimeira.com.br\/news\/conheca-programas-do-governo-de-sao-paulo-que-impulsionam-a-geracao-de-empregos\/","title":{"rendered":"Conhe\u00e7a programas do Governo de S\u00e3o Paulo que impulsionam a gera\u00e7\u00e3o de empregos"},"content":{"rendered":"<p> <br \/>\n<\/p>\n<div id=\"\">&#13;<br \/>\n                                <!-- Title -->&#13;<br \/>\n                                &#13;<br \/>\n&#13;<br \/>\n                                <!-- Excerpt -->&#13;<\/p>\n<p class=\"excerpt\">Governo de SP oferece iniciativas gratuitas para capacita\u00e7\u00e3o, apoio e encaminhamento profissional no mercado de trabalho<\/p>\n<p>&#13;<br \/>\n&#13;<br \/>\n                                &#13;\n                            <\/p><\/div>\n<div id=\"\">&#13;<\/p>\n<figure id=\"attachment_5821527\" style=\"width: 100%;max-width: 772px\" class=\"wp-caption alignnone\"><img data-recalc-dims=\"1\" decoding=\"async\" loading=\"lazy\" class=\"wp-image-5821527\" src=\"https:\/\/i0.wp.com\/www.saopaulo.sp.gov.br\/wp-content\/uploads\/2024\/02\/Carteira-de-Trabalho-digital-1-2-300x225.jpg?resize=696%2C522&#038;ssl=1\" alt=\"carteira de trabalho digital com vagas de emprego\" width=\"696\" height=\"522\" srcset=\"https:\/\/www.saopaulo.sp.gov.br\/wp-content\/uploads\/2024\/02\/Carteira-de-Trabalho-digital-1-2-300x225.jpg 300w, https:\/\/www.saopaulo.sp.gov.br\/wp-content\/uploads\/2024\/02\/Carteira-de-Trabalho-digital-1-2-1024x768.jpg 1024w, https:\/\/www.saopaulo.sp.gov.br\/wp-content\/uploads\/2024\/02\/Carteira-de-Trabalho-digital-1-2-768x576.jpg 768w, https:\/\/www.saopaulo.sp.gov.br\/wp-content\/uploads\/2024\/02\/Carteira-de-Trabalho-digital-1-2-1536x1152.jpg 1536w, https:\/\/www.saopaulo.sp.gov.br\/wp-content\/uploads\/2024\/02\/Carteira-de-Trabalho-digital-1-2-2048x1536.jpg 2048w\" sizes=\"auto, (max-width: 772px) 100vw, 772px\"\/><figcaption class=\"wp-caption-text\">Programas ajudam na busca por emprego em SP<\/figcaption><\/figure>\n<p>O Governo de S\u00e3o Paulo tem implementado diversos programas voltados para a gera\u00e7\u00e3o de emprego e renda em todo o estado. Com 14 milh\u00f5es de trabalhadores com carteira assinada, o estado representa cerca de <a href=\"https:\/\/www.saopaulo.sp.gov.br\/spnoticias\/ultimas-noticias\/estado-de-sp-tem-maior-salario-medio-de-admissao-do-pais-mostra-caged\/\" rel=\"noopener\">27% dos empregos formais do pa\u00eds, de acordo com dados da Funda\u00e7\u00e3o Seade<\/a>. Em 2023, foram criadas 391 mil novas vagas, nos setores de servi\u00e7os, ind\u00fastria, com\u00e9rcio e agropecu\u00e1ria.<\/p>\n<p>As iniciativas visam n\u00e3o apenas a cria\u00e7\u00e3o de novas vagas, mas tamb\u00e9m o desenvolvimento de habilidades, cursos e a inclus\u00e3o de grupos vulner\u00e1veis no mercado de trabalho. Conhe\u00e7a os programas do governo que t\u00eam desempenhado um papel fundamental no avan\u00e7o profissional dos moradores de S\u00e3o Paulo.<\/p>\n<p><strong>Postos de Atendimento ao Trabalhador (PATs)<\/strong><br \/>Com mais 340 mil vagas de emprego ofertadas em 2023, os Postos de Atendimento ao Trabalhador (PATs) se tornaram refer\u00eancia na gera\u00e7\u00e3o de emprego em S\u00e3o Paulo. O programa conta com uma rede de atendimento que informa e orienta os trabalhadores, auxilia os empregadores na busca de funcion\u00e1rios e oferece servi\u00e7os como: habilita\u00e7\u00e3o de seguro desemprego, emiss\u00e3o da carteira de trabalho e previd\u00eancia social.<\/p>\n<p>Os PATs contam com mais de 230 unidades em todas as regi\u00f5es do estado, incluindo as unidades do Poupatempo. O programa oferece oportunidades de emprego em diversas \u00e1reas de atua\u00e7\u00e3o, todas unidades do PATs est\u00e3o dispon\u00edveis no link: <a href=\"https:\/\/www.meuemprego.sp.gov.br\/Servicos#pats\" rel=\"noopener\">https:\/\/www.meuemprego.sp.gov.br\/Servicos#pats<\/a><\/p>\n<p><strong>Qualifica SP <\/strong><br \/>Qualifica SP capacita quem procura por uma vaga para atender as demandas do mercado. Com cursos t\u00e9cnicos em diversas \u00e1reas, como tecnologia, inform\u00e1tica, gest\u00e3o empresarial e idiomas, o programa auxilia na inser\u00e7\u00e3o do mercado de trabalho, recoloca\u00e7\u00e3o profissional e no avan\u00e7o do empreendedorismo paulista.<\/p>\n<p>Lan\u00e7ado em mar\u00e7o de 2023, o programa disponibilizou 165 mil vagas em cursos de diferentes segmentos. Com carga hor\u00e1ria entre 140h e 360h, ap\u00f3s a conclus\u00e3o das aulas, os estudantes tamb\u00e9m recebem a chance de concorrer a vagas de est\u00e1gio em empresas. Conhe\u00e7a alguns dos cursos ofertados:<\/p>\n<p><strong>Qualifica Novo Emprego:<\/strong> cursos de capacita\u00e7\u00e3o profissional com certifica\u00e7\u00e3o garantida e turmas no formato presencial.<br \/><a href=\"https:\/\/www.qualificasp.sp.gov.br\/novoemprego\/cursos\" rel=\"noopener\">https:\/\/www.qualificasp.sp.gov.br\/novoemprego\/cursos<\/a><\/p>\n<p>Crit\u00e9rios para participar:<br \/>\u2013 Jovens e adultos a partir de 16 anos<br \/>\u2013 Morador de S\u00e3o Paulo<br \/>\u2013 Alfabetizados<br \/>\u2013 Desempregados<\/p>\n<p><strong>Qualifica SP \u2013 Empreenda:<\/strong> cursos de capacita\u00e7\u00e3o empreendedora realizados em parceria com empresas especialistas do mercado de cr\u00e9dito, as aulas contam com qualifica\u00e7\u00e3o profissional e materiais para auxiliar na implementa\u00e7\u00e3o do cr\u00e9dito. As aulas do curso acontecem no formato presencial e online.<br \/><a href=\"https:\/\/www.qualificasp.sp.gov.br\/EmpreendaSP\/cursos\" rel=\"noopener\">https:\/\/www.qualificasp.sp.gov.br\/EmpreendaSP\/cursos<\/a><\/p>\n<p>Crit\u00e9rios para participar:<br \/>\u2013 Idade acima de 18 anos<br \/>\u2013 Ser empreendedor<br \/>\u2013 Estar executando o seu neg\u00f3cio h\u00e1 no m\u00ednimo 3 meses<br \/>\u2013 Aberto para empreendedores formais e informais<\/p>\n<p><strong>Qualifica SP \u2013 Meu Primeiro Emprego:<\/strong> Cursos de capacita\u00e7\u00e3o profissional com certificado de ensino, as aulas acontecem no formato presencial e online.<br \/><a href=\"https:\/\/www.qualificasp.sp.gov.br\/meuprimeiroemprego\/cursos\" rel=\"noopener\">https:\/\/www.qualificasp.sp.gov.br\/meuprimeiroemprego\/cursos<\/a><\/p>\n<p>Crit\u00e9rios para participar:<br \/>\u2013 Jovens de 16 a 24 anos de idade<br \/>\u2013 Morador de S\u00e3o Paulo<br \/>\u2013 Ensino fundamental completo<\/p>\n<p><strong>Portal Meu Emprego<\/strong><br \/>O portal Meu Emprego, coordenado pela Secretaria de Desenvolvimento Econ\u00f4mico (SDE), concentra todas as informa\u00e7\u00f5es de cursos profissionalizantes na plataforma online. As capacita\u00e7\u00f5es oferecidas s\u00e3o em \u00e1reas como tecnologia, administra\u00e7\u00e3o, ind\u00fastria e servi\u00e7os. O site realiza a intermedia\u00e7\u00e3o da m\u00e3o de obra por meio do sistema de registro das demandas e cursos das prefeituras, garantindo que os participantes encontrem oportunidades de emprego compat\u00edveis com seu perfil e habilidades. Mais informa\u00e7\u00f5es no site <a href=\"http:\/\/www.meuemprego.sp.gov.br\" rel=\"noopener\">www.meuemprego.sp.gov.br.<\/a><\/p>\n<p><strong>Programas de empregabilidade oferecidos no Meu Emprego<\/strong><br \/><strong>Meu Emprego Pr\u00f3-Egresso:<\/strong> promove a integra\u00e7\u00e3o social dos presos em regime semiaberto e egressos do sistema penitenci\u00e1rio no mercado de trabalho. Oferecendo oportunidades de trabalho e qualifica\u00e7\u00e3o profissional por meio de a\u00e7\u00f5es conjuntas entre a Secretaria de Desenvolvimento Econ\u00f4mico (SDE) e a Secretaria de Administra\u00e7\u00e3o Penitenci\u00e1ria (SAP).<\/p>\n<p>Apenas em 2024, o programa recebeu 457 inscri\u00e7\u00f5es e encaminhou 134 egressos para 80 vagas afirmativas. Os egressos recebem orienta\u00e7\u00e3o psicossocial nos Centros de Apoio ao Egresso e \u00e0 Fam\u00edlia (CAEF), que direciona os participantes na busca de oportunidades de trabalho junto \u00e0s empresas parceiras.<\/p>\n<p><strong>Meu Emprego Trabalho Inclusivo:<\/strong> traz o desenvolvimento profissional, inclus\u00e3o e perman\u00eancia das pessoas com defici\u00eancia no mercado de trabalho. O programa conta com 202 vagas exclusivas para PCD.<\/p>\n<p>Os Polos de Empregabilidade Inclusivas (PEI) orientam os candidatos, realizam entrevistas individuais para o mapeamento das habilidades e oferecem qualifica\u00e7\u00e3o profissional. Logo depois, os participantes s\u00e3o encaminhados para os Postos de Atendimento ao Trabalhador (PATs), que conectam e oferecem, caso necess\u00e1rio, a emiss\u00e3o de laudo m\u00e9dico de funcionalidades para trabalho.<\/p>\n<p>\u00a0<\/p>\n<p>\u00a0<\/p>\n<p>\u00a0<\/p>\n<p>\u00a0<\/p>\n<p>\u00a0<\/p>\n<p>\u00a0<\/p>\n<p>\u00a0<\/p>\n<p>\u00a0<\/p>\n<\/p><\/div>\n<p><br \/>\n<br \/><a href=\"https:\/\/www.saopaulo.sp.gov.br\/spnoticias\/ultimas-noticias\/conheca-programas-do-governo-de-sao-paulo-que-impulsionam-a-geracao-de-empregos\/\" rel=\"noopener\">Informa\u00e7\u00f5es GOV.SP<\/a><\/p>\n","protected":false},"excerpt":{"rendered":"<p>&#13; &#13; &#13; &#13; &#13; Governo de SP oferece iniciativas gratuitas para capacita\u00e7\u00e3o, apoio e encaminhamento profissional no mercado de trabalho &#13; &#13; &#13; &#13; Programas ajudam na busca por emprego em SP O Governo de S\u00e3o Paulo tem implementado diversos programas voltados para a gera\u00e7\u00e3o de emprego e renda em todo o estado. Com [&hellip;]<\/p>\n","protected":false},"author":1,"featured_media":3781,"comment_status":"open","ping_status":"open","sticky":false,"template":"","format":"standard","meta":{"_jetpack_newsletter_access":"","_jetpack_dont_email_post_to_subs":false,"_jetpack_newsletter_tier_id":0,"_jetpack_memberships_contains_paywalled_content":false,"_mbp_banners":[],"_jetpack_feature_clip_id":0,"_jetpack_memberships_contains_paid_content":false,"footnotes":"","jetpack_publicize_message":"","jetpack_publicize_feature_enabled":true,"jetpack_social_post_already_shared":true,"jetpack_social_options":{"image_generator_settings":{"template":"highway","default_image_id":0,"font":"","enabled":false},"version":2},"jetpack_post_was_ever_published":false},"categories":[21],"tags":[],"class_list":["post-3780","post","type-post","status-publish","format-standard","has-post-thumbnail","category-sp-news"],"jetpack_publicize_connections":[],"jetpack-related-posts":[],"jetpack_shortlink":"https:\/\/wp.me\/p7Eq1F-YY","jetpack_sharing_enabled":true,"jetpack_featured_media_url":"https:\/\/i0.wp.com\/guialimeira.com.br\/news\/wp-content\/uploads\/2024\/05\/Conheca-programas-do-Governo-de-Sao-Paulo-que-impulsionam-a.jpg?fit=300%2C225&ssl=1","_links":{"self":[{"href":"https:\/\/guialimeira.com.br\/news\/wp-json\/wp\/v2\/posts\/3780","targetHints":{"allow":["GET"]}}],"collection":[{"href":"https:\/\/guialimeira.com.br\/news\/wp-json\/wp\/v2\/posts"}],"about":[{"href":"https:\/\/guialimeira.com.br\/news\/wp-json\/wp\/v2\/types\/post"}],"author":[{"embeddable":true,"href":"https:\/\/guialimeira.com.br\/news\/wp-json\/wp\/v2\/users\/1"}],"replies":[{"embeddable":true,"href":"https:\/\/guialimeira.com.br\/news\/wp-json\/wp\/v2\/comments?post=3780"}],"version-history":[{"count":0,"href":"https:\/\/guialimeira.com.br\/news\/wp-json\/wp\/v2\/posts\/3780\/revisions"}],"wp:featuredmedia":[{"embeddable":true,"href":"https:\/\/guialimeira.com.br\/news\/wp-json\/wp\/v2\/media\/3781"}],"wp:attachment":[{"href":"https:\/\/guialimeira.com.br\/news\/wp-json\/wp\/v2\/media?parent=3780"}],"wp:term":[{"taxonomy":"category","embeddable":true,"href":"https:\/\/guialimeira.com.br\/news\/wp-json\/wp\/v2\/categories?post=3780"},{"taxonomy":"post_tag","embeddable":true,"href":"https:\/\/guialimeira.com.br\/news\/wp-json\/wp\/v2\/tags?post=3780"}],"curies":[{"name":"wp","href":"https:\/\/api.w.org\/{rel}","templated":true}]}}