{"id":3776,"date":"2024-05-04T15:54:29","date_gmt":"2024-05-04T18:54:29","guid":{"rendered":"https:\/\/guialimeira.com.br\/?p=3776"},"modified":"2024-05-04T15:54:32","modified_gmt":"2024-05-04T18:54:32","slug":"alto-consumo-e-temperaturas-elevadas-afetam-nivel-de-reservatorio-que-abastece-a-regiao-sudeste-de-limeira-neste-sabado","status":"publish","type":"post","link":"https:\/\/guialimeira.com.br\/news\/alto-consumo-e-temperaturas-elevadas-afetam-nivel-de-reservatorio-que-abastece-a-regiao-sudeste-de-limeira-neste-sabado\/","title":{"rendered":"Alto consumo e temperaturas elevadas afetam n\u00edvel de reservat\u00f3rio que abastece a regi\u00e3o Sudeste de Limeira neste s\u00e1bado"},"content":{"rendered":"\n<h5 class=\"wp-block-heading\">A previs\u00e3o \u00e9 que o fornecimento de \u00e1gua seja regularizado ainda na noite de hoje, dia 04<\/h5>\n\n\n\n<p class=\"wp-block-paragraph\">A BRK, concession\u00e1ria respons\u00e1vel pelos servi\u00e7os de \u00e1gua e esgoto de Limeira, informa que os bairros da regi\u00e3o Sudeste podem ter oscila\u00e7\u00f5es no abastecimento de \u00e1gua neste s\u00e1bado, dia 04.<\/p>\n\n\n\n<p class=\"wp-block-paragraph\">O conta do alto consumo e das temperaturas elevadas, ocasionaram baixa no n\u00edvel do reservat\u00f3rio que abastece a regi\u00e3o.<\/p>\n\n\n\n<p class=\"wp-block-paragraph\">T\u00e9cnicos da concession\u00e1ria trabalham para sanar o problema. A previs\u00e3o \u00e9 que o abastecimento seja totalmente regularizado na noite deste s\u00e1bado, dia 04.<\/p>\n\n\n\n<p class=\"wp-block-paragraph\">Diante da situa\u00e7\u00e3o, a concession\u00e1ria refor\u00e7a a import\u00e2ncia do consumo consciente por parte da popula\u00e7\u00e3o. Os bairros que podem ser afetados s\u00e3o: Arena Eventos, Bairro Itaipu, Distrito Industrial Cil, Distrito Industrial Conel, Distrito Industrial II Barras, ETE Tatu, Jardim Marajoara, Jardim Residencial Recanto Alvorada, Parque dos Sabias, Parque Pompeu, Residencial Alto dos Pinheiros, Residencial Campo Verde, Residencial Village Limeira, Via Jur. Paix\u00e3o at\u00e9 At. Sanit\u00e1rio, Alvorada Residencial CECAP, Conjunto Habitacional Dr. Joseu Luiz Blumer, Est\u00e2ncia Aquarius, Est\u00e2ncia Del Rey, Jardim Bartolomeu Grotta, Jardim Campo Belo, Jardim Gustavo Picinini, Jardim Ibirapuera, Jardim Regina Bastelli, Jardim Residencial Santa Eul\u00e1lia, Jardim Santina, Jardim Vit\u00f3ria, Portal das Flores, Parque dasNa\u00e7\u00f5es, Parque Novo Mundo, Residencial Atualle e Terras de Limeira.&nbsp;<br><br>Em caso de d\u00favidas ligue para 0800 771 0001. A liga\u00e7\u00e3o \u00e9 gratuita e o atendimento funciona 24 horas por dia.&nbsp;<br>&nbsp; &nbsp; &nbsp; &nbsp; &nbsp; &nbsp; &nbsp; &nbsp; &nbsp; &nbsp; &nbsp; &nbsp; &nbsp; &nbsp; &nbsp; &nbsp; &nbsp; &nbsp; &nbsp; &nbsp; &nbsp; &nbsp; &nbsp; &nbsp; &nbsp; &nbsp; &nbsp; &nbsp; &nbsp; &nbsp; &nbsp; &nbsp; &nbsp;<\/p>\n","protected":false},"excerpt":{"rendered":"<p>A previs\u00e3o \u00e9 que o fornecimento de \u00e1gua seja regularizado ainda na noite de hoje, dia 04 A BRK, concession\u00e1ria respons\u00e1vel pelos servi\u00e7os de \u00e1gua e esgoto de Limeira, informa que os bairros da regi\u00e3o Sudeste podem ter oscila\u00e7\u00f5es no abastecimento de \u00e1gua neste s\u00e1bado, dia 04. O conta do alto consumo e das temperaturas [&hellip;]<\/p>\n","protected":false},"author":1,"featured_media":2235,"comment_status":"open","ping_status":"open","sticky":false,"template":"","format":"standard","meta":{"_jetpack_newsletter_access":"","_jetpack_dont_email_post_to_subs":false,"_jetpack_newsletter_tier_id":0,"_jetpack_memberships_contains_paywalled_content":false,"_mbp_banners":[],"_jetpack_feature_clip_id":0,"_jetpack_memberships_contains_paid_content":false,"footnotes":"","jetpack_publicize_message":"","jetpack_publicize_feature_enabled":true,"jetpack_social_post_already_shared":true,"jetpack_social_options":{"image_generator_settings":{"template":"highway","default_image_id":0,"font":"","enabled":false},"version":2},"jetpack_post_was_ever_published":false},"categories":[16],"tags":[],"class_list":["post-3776","post","type-post","status-publish","format-standard","has-post-thumbnail","category-local"],"jetpack_publicize_connections":[],"jetpack-related-posts":[],"jetpack_shortlink":"https:\/\/wp.me\/p7Eq1F-YU","jetpack_sharing_enabled":true,"jetpack_featured_media_url":"https:\/\/i0.wp.com\/guialimeira.com.br\/news\/wp-content\/uploads\/2024\/04\/brk-limeira-scaled.jpg?fit=2560%2C1707&ssl=1","_links":{"self":[{"href":"https:\/\/guialimeira.com.br\/news\/wp-json\/wp\/v2\/posts\/3776","targetHints":{"allow":["GET"]}}],"collection":[{"href":"https:\/\/guialimeira.com.br\/news\/wp-json\/wp\/v2\/posts"}],"about":[{"href":"https:\/\/guialimeira.com.br\/news\/wp-json\/wp\/v2\/types\/post"}],"author":[{"embeddable":true,"href":"https:\/\/guialimeira.com.br\/news\/wp-json\/wp\/v2\/users\/1"}],"replies":[{"embeddable":true,"href":"https:\/\/guialimeira.com.br\/news\/wp-json\/wp\/v2\/comments?post=3776"}],"version-history":[{"count":1,"href":"https:\/\/guialimeira.com.br\/news\/wp-json\/wp\/v2\/posts\/3776\/revisions"}],"predecessor-version":[{"id":3777,"href":"https:\/\/guialimeira.com.br\/news\/wp-json\/wp\/v2\/posts\/3776\/revisions\/3777"}],"wp:featuredmedia":[{"embeddable":true,"href":"https:\/\/guialimeira.com.br\/news\/wp-json\/wp\/v2\/media\/2235"}],"wp:attachment":[{"href":"https:\/\/guialimeira.com.br\/news\/wp-json\/wp\/v2\/media?parent=3776"}],"wp:term":[{"taxonomy":"category","embeddable":true,"href":"https:\/\/guialimeira.com.br\/news\/wp-json\/wp\/v2\/categories?post=3776"},{"taxonomy":"post_tag","embeddable":true,"href":"https:\/\/guialimeira.com.br\/news\/wp-json\/wp\/v2\/tags?post=3776"}],"curies":[{"name":"wp","href":"https:\/\/api.w.org\/{rel}","templated":true}]}}