{"id":3772,"date":"2024-05-04T15:10:50","date_gmt":"2024-05-04T18:10:50","guid":{"rendered":"https:\/\/guialimeira.com.br\/2024\/05\/04\/fundo-social-faz-campanha-para-familias-atingidas-por-chuva-no-rio-grande-do-sul\/"},"modified":"2024-05-04T15:10:50","modified_gmt":"2024-05-04T18:10:50","slug":"fundo-social-faz-campanha-para-familias-atingidas-por-chuva-no-rio-grande-do-sul","status":"publish","type":"post","link":"https:\/\/guialimeira.com.br\/news\/fundo-social-faz-campanha-para-familias-atingidas-por-chuva-no-rio-grande-do-sul\/","title":{"rendered":"Fundo Social faz campanha para fam\u00edlias atingidas por chuva no Rio Grande do Sul"},"content":{"rendered":"<p> <br \/>\n<\/p>\n<div>\n            <main class=\"\">&#13;<br \/>\n                &#13;<br \/>\n&#13;<br \/>\n&#13;<br \/>\n&#13;<br \/>\n    <img data-recalc-dims=\"1\" decoding=\"async\" src=\"https:\/\/i0.wp.com\/ecrie.com.br\/sistema\/conteudos\/imagem\/m_137_0_1_04052024143014.jpg?w=696&#038;ssl=1\" alt=\"Fundo Social faz campanha para fam\u00edlias atingidas por chuva no Rio Grande do Sul\"\/>&#13;<br \/>\n&#13;<\/p>\n<p style=\"text-align: justify;\">O Fundo Social de Limeira, presidido pela primeira-dama Roberta Botion, com apoio do prefeito Mario Botion e da vice-prefeita Erika Tank, realiza uma campanha em prol das fam\u00edlias atingidas pela chuva no Rio Grande do Sul. A a\u00e7\u00e3o \u201cSolidariedade Sem Fronteiras\u201d faz parte do &#8220;Limeira Solid\u00e1ria&#8221;. \u201cA nossa cidade \u00e9 extremamente solid\u00e1ria, tenho certeza que a popula\u00e7\u00e3o vai colaborar com esta iniciativa\u201d, destacou Roberta Botion.<\/p>\n<p>&#13;<\/p>\n<p style=\"text-align: justify;\">A partir de segunda-feira (6), o Fundo Social vai receber doa\u00e7\u00f5es de \u00e1gua pot\u00e1vel, produtos de higiene e de limpeza. Os itens devem ser entregues na portaria da Prefeitura de Limeira \u2013 ao lado da Secretaria de Sa\u00fade, das 8h \u00e0s 15h.\u00a0<span style=\"font-size: 1em;\">&#8220;Em todas as a\u00e7\u00f5es da campanha Limeira Solid\u00e1ria tivemos resultados positivos. Tudo o que for arrecadado ser\u00e1 bem-vindo&#8221;, afirmou o prefeito Mario Botion. &#8220;Estamos abra\u00e7ando mais esta causa. Vamos ajudar estas fam\u00edlias que est\u00e3o sofrendo no sul do pa\u00eds&#8221;, refor\u00e7ou a vice-prefeita Erika Tank.<\/span><\/p>\n<p>&#13;<\/p>\n<p style=\"text-align: justify;\">Todas as doa\u00e7\u00f5es ser\u00e3o repassadas ao Fundo Social do Estado de S\u00e3o Paulo.<\/p>\n<p>&#13;<\/p>\n<p style=\"text-align: justify;\">SERVI\u00c7O<\/p>\n<p>&#13;<\/p>\n<p style=\"text-align: justify;\">Campanha &#8220;Solidariedade Sem Fronteiras\u201d<\/p>\n<p>O que doar: \u00e1gua pot\u00e1vel, produtos de higiene e de limpeza.<br \/>Onde doar: portaria da Prefeitura de Limeira \u2013 ao lado da Secretaria de Sa\u00fade.<br \/>Hor\u00e1rio: das 8h \u00e0s 15h<\/p>\n<p>&#13;<br \/>\n&#13;<br \/>\n&#13;<br \/>\n&#13;<\/p>\n<aside class=\"list-related no-print\">&#13;<br \/>\n        &#13;<br \/>\n&#13;<\/p>\n<article class=\"list-item noticias \">&#13;<br \/>\n                    <a class=\"list-item__img\" href=\"https:\/\/limeira.sp.gov.br\/imprensa\/noticias\/gabinete-do-prefeito\/prefeitura-envia-para-camara-projeto-que-amplia-data-limite-para-adequacao-a-lei\" tabindex=\"-1\" aria-hidden=\"true\" rel=\"noopener\">&#13;<br \/>\n                        <img data-recalc-dims=\"1\" decoding=\"async\" src=\"https:\/\/i0.wp.com\/ecrie.com.br\/sistema\/conteudos\/imagem\/m_137_0_1_03052024163947.jpg?w=696&#038;ssl=1\" alt=\"Prefeitura envia para C\u00e2mara projeto que amplia data limite para adequa\u00e7\u00e3o \u00e0 lei\"\/>&#13;<br \/>\n                    <\/a>&#13;<br \/>\n&#13;<br \/>\n                &#13;<br \/>\n            <\/article>\n<p>&#13;<\/p>\n<article class=\"list-item noticias \">&#13;<br \/>\n                    <a class=\"list-item__img\" href=\"https:\/\/limeira.sp.gov.br\/imprensa\/noticias\/gabinete-do-prefeito\/via-santo-antonio-recebe-recapeamento-prefeito-e-vice-prefeita-acompanham-inicio-das-obras\" tabindex=\"-1\" aria-hidden=\"true\" rel=\"noopener\">&#13;<br \/>\n                        <img data-recalc-dims=\"1\" decoding=\"async\" src=\"https:\/\/i0.wp.com\/ecrie.com.br\/sistema\/conteudos\/imagem\/m_137_2_3_02052024171327.jpg?w=696&#038;ssl=1\" alt=\"Via Santo Ant\u00f4nio recebe recapeamento; prefeito e vice-prefeita acompanham in\u00edcio das obras\"\/>&#13;<br \/>\n                    <\/a>&#13;<br \/>\n&#13;<br \/>\n                &#13;<br \/>\n            <\/article>\n<p>&#13;<\/p>\n<article class=\"list-item noticias \">&#13;<br \/>\n                    <a class=\"list-item__img\" href=\"https:\/\/limeira.sp.gov.br\/imprensa\/noticias\/fundo-social-de-limeira\/prefeitura-abre-inscricoes-para-curso-gratuito-de-maquiador\" tabindex=\"-1\" aria-hidden=\"true\" rel=\"noopener\">&#13;<br \/>\n                        <img data-recalc-dims=\"1\" decoding=\"async\" src=\"https:\/\/i0.wp.com\/ecrie.com.br\/sistema\/conteudos\/imagem\/m_137_0_1_02052024154146.jpg?w=696&#038;ssl=1\" alt=\"Prefeitura abre inscri\u00e7\u00f5es para curso gratuito de Maquiador\"\/>&#13;<br \/>\n                    <\/a>&#13;<br \/>\n&#13;<br \/>\n                &#13;<br \/>\n            <\/article>\n<p>&#13;<br \/>\n    <\/aside>\n<p>&#13;<br \/>\n&#13;<br \/>\n            <\/main><\/p><\/div>\n<p><br \/>\n<br \/><a href=\"https:\/\/limeira.sp.gov.br\/fundo-social-faz-campanha-para-familias-atingidas-por-chuva-no-rio-grande-do-sul\" rel=\"noopener\">Informa\u00e7\u00f5es da PML <\/a><\/p>\n","protected":false},"excerpt":{"rendered":"<p>&#13; &#13; &#13; &#13; &#13; &#13; &#13; O Fundo Social de Limeira, presidido pela primeira-dama Roberta Botion, com apoio do prefeito Mario Botion e da vice-prefeita Erika Tank, realiza uma campanha em prol das fam\u00edlias atingidas pela chuva no Rio Grande do Sul. A a\u00e7\u00e3o \u201cSolidariedade Sem Fronteiras\u201d faz parte do &#8220;Limeira Solid\u00e1ria&#8221;. \u201cA nossa [&hellip;]<\/p>\n","protected":false},"author":1,"featured_media":3773,"comment_status":"open","ping_status":"open","sticky":false,"template":"","format":"standard","meta":{"_jetpack_newsletter_access":"","_jetpack_dont_email_post_to_subs":false,"_jetpack_newsletter_tier_id":0,"_jetpack_memberships_contains_paywalled_content":false,"_mbp_banners":[],"_jetpack_feature_clip_id":0,"_jetpack_memberships_contains_paid_content":false,"footnotes":"","jetpack_publicize_message":"","jetpack_publicize_feature_enabled":true,"jetpack_social_post_already_shared":true,"jetpack_social_options":{"image_generator_settings":{"template":"highway","default_image_id":0,"font":"","enabled":false},"version":2},"jetpack_post_was_ever_published":false},"categories":[16],"tags":[],"class_list":["post-3772","post","type-post","status-publish","format-standard","has-post-thumbnail","category-local"],"jetpack_publicize_connections":[],"jetpack-related-posts":[],"jetpack_shortlink":"https:\/\/wp.me\/p7Eq1F-YQ","jetpack_sharing_enabled":true,"jetpack_featured_media_url":"https:\/\/i0.wp.com\/guialimeira.com.br\/news\/wp-content\/uploads\/2024\/05\/m_137_0_1_04052024143014.jpg?fit=1600%2C900&ssl=1","_links":{"self":[{"href":"https:\/\/guialimeira.com.br\/news\/wp-json\/wp\/v2\/posts\/3772","targetHints":{"allow":["GET"]}}],"collection":[{"href":"https:\/\/guialimeira.com.br\/news\/wp-json\/wp\/v2\/posts"}],"about":[{"href":"https:\/\/guialimeira.com.br\/news\/wp-json\/wp\/v2\/types\/post"}],"author":[{"embeddable":true,"href":"https:\/\/guialimeira.com.br\/news\/wp-json\/wp\/v2\/users\/1"}],"replies":[{"embeddable":true,"href":"https:\/\/guialimeira.com.br\/news\/wp-json\/wp\/v2\/comments?post=3772"}],"version-history":[{"count":0,"href":"https:\/\/guialimeira.com.br\/news\/wp-json\/wp\/v2\/posts\/3772\/revisions"}],"wp:featuredmedia":[{"embeddable":true,"href":"https:\/\/guialimeira.com.br\/news\/wp-json\/wp\/v2\/media\/3773"}],"wp:attachment":[{"href":"https:\/\/guialimeira.com.br\/news\/wp-json\/wp\/v2\/media?parent=3772"}],"wp:term":[{"taxonomy":"category","embeddable":true,"href":"https:\/\/guialimeira.com.br\/news\/wp-json\/wp\/v2\/categories?post=3772"},{"taxonomy":"post_tag","embeddable":true,"href":"https:\/\/guialimeira.com.br\/news\/wp-json\/wp\/v2\/tags?post=3772"}],"curies":[{"name":"wp","href":"https:\/\/api.w.org\/{rel}","templated":true}]}}