{"id":3770,"date":"2024-05-04T14:55:56","date_gmt":"2024-05-04T17:55:56","guid":{"rendered":"https:\/\/guialimeira.com.br\/2024\/05\/04\/sp-reforca-ajuda-de-aeronaves-e-profissionais-ao-rs-com-cerca-de-1-300-atendimentos\/"},"modified":"2024-05-04T14:55:56","modified_gmt":"2024-05-04T17:55:56","slug":"sp-reforca-ajuda-de-aeronaves-e-profissionais-ao-rs-com-cerca-de-1-300-atendimentos","status":"publish","type":"post","link":"https:\/\/guialimeira.com.br\/news\/sp-reforca-ajuda-de-aeronaves-e-profissionais-ao-rs-com-cerca-de-1-300-atendimentos\/","title":{"rendered":"SP refor\u00e7a ajuda de aeronaves e profissionais ao RS, com cerca de 1.300 atendimentos"},"content":{"rendered":"<p> <br \/>\n<\/p>\n<div id=\"\">&#13;<br \/>\n                                <!-- Title -->&#13;<br \/>\n                                &#13;<br \/>\n&#13;<br \/>\n                                <!-- Excerpt -->&#13;<\/p>\n<p class=\"excerpt\">Desde quarta-feira (1\u00ba), for\u00e7a tarefa atua com agentes no apoio aos trabalhos das autoridades ga\u00fachas<\/p>\n<p>&#13;<br \/>\n&#13;<br \/>\n                                &#13;\n                            <\/p><\/div>\n<div id=\"\">&#13;<\/p>\n<figure id=\"attachment_5877790\" style=\"width: 100%;max-width: 772px\" class=\"wp-caption alignnone\"><img data-recalc-dims=\"1\" decoding=\"async\" loading=\"lazy\" class=\"wp-image-5877790\" src=\"https:\/\/i0.wp.com\/www.saopaulo.sp.gov.br\/wp-content\/uploads\/2024\/05\/Missa%CC%83o-de-SP-no-Sul-para-ajudar-no-resgate-de-vi%CC%81timas-300x200.jpg?resize=696%2C464&#038;ssl=1\" alt=\"Profissionais de S\u00e3o Paulo que v\u00e3o ao Sul\" width=\"696\" height=\"464\" srcset=\"https:\/\/www.saopaulo.sp.gov.br\/wp-content\/uploads\/2024\/05\/Missa\u0303o-de-SP-no-Sul-para-ajudar-no-resgate-de-vi\u0301timas-300x200.jpg 300w, https:\/\/www.saopaulo.sp.gov.br\/wp-content\/uploads\/2024\/05\/Missa\u0303o-de-SP-no-Sul-para-ajudar-no-resgate-de-vi\u0301timas-1024x683.jpg 1024w, https:\/\/www.saopaulo.sp.gov.br\/wp-content\/uploads\/2024\/05\/Missa\u0303o-de-SP-no-Sul-para-ajudar-no-resgate-de-vi\u0301timas-768x512.jpg 768w, https:\/\/www.saopaulo.sp.gov.br\/wp-content\/uploads\/2024\/05\/Missa\u0303o-de-SP-no-Sul-para-ajudar-no-resgate-de-vi\u0301timas-1536x1024.jpg 1536w, https:\/\/www.saopaulo.sp.gov.br\/wp-content\/uploads\/2024\/05\/Missa\u0303o-de-SP-no-Sul-para-ajudar-no-resgate-de-vi\u0301timas-2048x1365.jpg 2048w\" sizes=\"auto, (max-width: 772px) 100vw, 772px\"\/><figcaption class=\"wp-caption-text\">Miss\u00e3o paulista \u00e9 refor\u00e7ada no RS para aux\u00edlio das v\u00edtimas das enchentes<\/figcaption><\/figure>\n<p>O Governo de S\u00e3o Paulo refor\u00e7ou a ajuda no socorro \u00e0s v\u00edtimas dos temporais que atingem o Rio Grande do Sul neste fim de semana. Desde a quarta-feira (1\u00ba), cerca de 300 pessoas foram atendidas pelo Corpo de Bombeiros paulista na regi\u00e3o. Outros mil desabrigados foram auxiliados pela Defesa Civil.<\/p>\n<p>Os profissionais atuam no resgate de pessoas ilhadas pelas enchentes, com aux\u00edlio de sete embarca\u00e7\u00f5es. Os trabalhos que j\u00e1 contavam com o aux\u00edlio da aeronave \u00c1guia 12 passam a ser refor\u00e7ados neste s\u00e1bado (4) com a chegada da \u00c1guia 33 e \u00c1guia 24. Elas partiram pela manh\u00e3 de S\u00e3o Paulo. A previs\u00e3o \u00e9 fazer duas paradas em Santa Catarina e chegar ao Rio Grande do Sul por volta das 16h.<\/p>\n<p>O \u00c1guia 23 \u00e9 um modelo com capacidade para transporte aerom\u00e9dico, incluindo uma UTI e capacidade para transportar at\u00e9 sete pessoas.<\/p>\n<p>Ao todo, j\u00e1 s\u00e3o 56 profissionais paulistas no socorro \u00e0 popula\u00e7\u00e3o ga\u00facha, entre bombeiros, enfermeiros, ge\u00f3logos e militares, al\u00e9m do apoio de dois c\u00e3es farejadores.<\/p>\n<p>Policiais militares de S\u00e3o Paulo, com agentes do Corpo de Bombeiros e do Comando de Avia\u00e7\u00e3o, atuam na localiza\u00e7\u00e3o e socorro m\u00e9dico de v\u00edtimas soterradas, salvamento de pessoas ilhadas e busca de desaparecidos.<\/p>\n<p>Um avi\u00e3o King Air tamb\u00e9m foi colocado \u00e0 disposi\u00e7\u00e3o pela Secretaria de Seguran\u00e7a P\u00fablica de S\u00e3o Paulo (SSP-SP) para apoiar o transporte de equipes at\u00e9 o sul do pa\u00eds.<\/p>\n<p>A Defesa Civil de SP enviou seis agentes e um ge\u00f3logo ao Rio Grande do Sul para aux\u00edlio \u00e0s v\u00edtimas e apoio t\u00e9cnico \u00e0s autoridades ga\u00fachas. O \u00f3rg\u00e3o ajuda na constru\u00e7\u00e3o de um centro log\u00edstico de ajuda humanit\u00e1ria regional na cidade de Estrela, no Vale do Taquar\u00ed, como explica o capit\u00e3o da Defesa Civil, Roberto Farina.<\/p>\n<p>\u201cA cidade de Lajeado, que tem o posto de comando avan\u00e7ado, tem problemas de acesso porque a ponte do Rio Taquari, que liga Estrela a Lajeado, foi obstru\u00edda, fazendo com que n\u00f3s n\u00e3o tenhamos ainda acesso por terra\u201d, afirma.<\/p>\n<p><strong>Fundo Social<\/strong><br \/>O Fundo Social de S\u00e3o Paulo (FUSSP) e a Defesa Civil do Estado iniciam neste domingo (5) uma campanha humanit\u00e1ria em prol das v\u00edtimas das recentes chuvas no Estado do Rio Grande do Sul. A a\u00e7\u00e3o do Governo de SP tem como objetivo arrecadar \u00e1gua pot\u00e1vel, itens de higiene e limpeza para fornecer assist\u00eancia \u00e0s comunidades afetadas.<\/p>\n<p>As doa\u00e7\u00f5es devem ser entregues no dep\u00f3sito do Fundo Social, localizado na Avenida Marechal M\u00e1rio Guedes, 301, no bairro do Jaguar\u00e9 na Capital. O local estar\u00e1 aberto a partir das 8h deste domingo para receber as doa\u00e7\u00f5es. Durante a semana, as doa\u00e7\u00f5es poder\u00e3o ser entregues das 8h \u00e0s 17h no mesmo local. O transporte dos insumos para o Rio Grande do Sul ser\u00e1 feito pelas companhias a\u00e9reas Gol e Azul que se voluntariaram para enviar as doa\u00e7\u00f5es por meio a\u00e9reo, devido os diversos bloqueios nas estradas.<\/p>\n<p>Em prepara\u00e7\u00e3o para o in\u00edcio da campanha, os funcion\u00e1rios do FUSSP dedicar\u00e3o o s\u00e1bado para organizar o local de recebimento das doa\u00e7\u00f5es, garantindo uma log\u00edstica eficiente e \u00e1gil para o processo de coleta.<\/p>\n<p>\u00a0<\/p>\n<figure id=\"attachment_5877789\" style=\"width: 100%;max-width: 772px\" class=\"wp-caption alignnone\"><img data-recalc-dims=\"1\" decoding=\"async\" loading=\"lazy\" class=\"wp-image-5877789\" src=\"https:\/\/i0.wp.com\/www.saopaulo.sp.gov.br\/wp-content\/uploads\/2024\/05\/Aeronaves-de-SP-va%CC%83o-ao-Sul-300x200.jpg?resize=696%2C464&#038;ssl=1\" alt=\"Aeronave decolando\" width=\"696\" height=\"464\" srcset=\"https:\/\/www.saopaulo.sp.gov.br\/wp-content\/uploads\/2024\/05\/Aeronaves-de-SP-va\u0303o-ao-Sul-300x200.jpg 300w, https:\/\/www.saopaulo.sp.gov.br\/wp-content\/uploads\/2024\/05\/Aeronaves-de-SP-va\u0303o-ao-Sul-1024x683.jpg 1024w, https:\/\/www.saopaulo.sp.gov.br\/wp-content\/uploads\/2024\/05\/Aeronaves-de-SP-va\u0303o-ao-Sul-768x512.jpg 768w, https:\/\/www.saopaulo.sp.gov.br\/wp-content\/uploads\/2024\/05\/Aeronaves-de-SP-va\u0303o-ao-Sul-1536x1024.jpg 1536w, https:\/\/www.saopaulo.sp.gov.br\/wp-content\/uploads\/2024\/05\/Aeronaves-de-SP-va\u0303o-ao-Sul-2048x1365.jpg 2048w\" sizes=\"auto, (max-width: 772px) 100vw, 772px\"\/><figcaption class=\"wp-caption-text\">Aeronaves de S\u00e3o Paulo chegam neste s\u00e1bado ao Rio Grande do Sul<\/figcaption><\/figure>\n<\/p><\/div>\n<p><br \/>\n<br \/><a href=\"https:\/\/www.saopaulo.sp.gov.br\/spnoticias\/ultimas-noticias\/sp-reforca-ajuda-de-aeronaves-e-profissionais-ao-rs-com-cerca-de-1-300-atendimentos\/\" rel=\"noopener\">Informa\u00e7\u00f5es GOV.SP<\/a><\/p>\n","protected":false},"excerpt":{"rendered":"<p>&#13; &#13; &#13; &#13; &#13; Desde quarta-feira (1\u00ba), for\u00e7a tarefa atua com agentes no apoio aos trabalhos das autoridades ga\u00fachas &#13; &#13; &#13; &#13; Miss\u00e3o paulista \u00e9 refor\u00e7ada no RS para aux\u00edlio das v\u00edtimas das enchentes O Governo de S\u00e3o Paulo refor\u00e7ou a ajuda no socorro \u00e0s v\u00edtimas dos temporais que atingem o Rio Grande [&hellip;]<\/p>\n","protected":false},"author":1,"featured_media":3771,"comment_status":"open","ping_status":"open","sticky":false,"template":"","format":"standard","meta":{"_jetpack_newsletter_access":"","_jetpack_dont_email_post_to_subs":false,"_jetpack_newsletter_tier_id":0,"_jetpack_memberships_contains_paywalled_content":false,"_mbp_banners":[],"_jetpack_feature_clip_id":0,"_jetpack_memberships_contains_paid_content":false,"footnotes":"","jetpack_publicize_message":"","jetpack_publicize_feature_enabled":true,"jetpack_social_post_already_shared":true,"jetpack_social_options":{"image_generator_settings":{"template":"highway","default_image_id":0,"font":"","enabled":false},"version":2},"jetpack_post_was_ever_published":false},"categories":[21],"tags":[],"class_list":["post-3770","post","type-post","status-publish","format-standard","has-post-thumbnail","category-sp-news"],"jetpack_publicize_connections":[],"jetpack-related-posts":[],"jetpack_shortlink":"https:\/\/wp.me\/p7Eq1F-YO","jetpack_sharing_enabled":true,"jetpack_featured_media_url":"https:\/\/i0.wp.com\/guialimeira.com.br\/news\/wp-content\/uploads\/2024\/05\/SP-reforca-ajuda-de-aeronaves-e-profissionais-ao-RS-com.jpg?fit=300%2C200&ssl=1","_links":{"self":[{"href":"https:\/\/guialimeira.com.br\/news\/wp-json\/wp\/v2\/posts\/3770","targetHints":{"allow":["GET"]}}],"collection":[{"href":"https:\/\/guialimeira.com.br\/news\/wp-json\/wp\/v2\/posts"}],"about":[{"href":"https:\/\/guialimeira.com.br\/news\/wp-json\/wp\/v2\/types\/post"}],"author":[{"embeddable":true,"href":"https:\/\/guialimeira.com.br\/news\/wp-json\/wp\/v2\/users\/1"}],"replies":[{"embeddable":true,"href":"https:\/\/guialimeira.com.br\/news\/wp-json\/wp\/v2\/comments?post=3770"}],"version-history":[{"count":0,"href":"https:\/\/guialimeira.com.br\/news\/wp-json\/wp\/v2\/posts\/3770\/revisions"}],"wp:featuredmedia":[{"embeddable":true,"href":"https:\/\/guialimeira.com.br\/news\/wp-json\/wp\/v2\/media\/3771"}],"wp:attachment":[{"href":"https:\/\/guialimeira.com.br\/news\/wp-json\/wp\/v2\/media?parent=3770"}],"wp:term":[{"taxonomy":"category","embeddable":true,"href":"https:\/\/guialimeira.com.br\/news\/wp-json\/wp\/v2\/categories?post=3770"},{"taxonomy":"post_tag","embeddable":true,"href":"https:\/\/guialimeira.com.br\/news\/wp-json\/wp\/v2\/tags?post=3770"}],"curies":[{"name":"wp","href":"https:\/\/api.w.org\/{rel}","templated":true}]}}