{"id":37681,"date":"2025-06-28T12:25:54","date_gmt":"2025-06-28T15:25:54","guid":{"rendered":"https:\/\/guialimeira.com.br\/?p=37681"},"modified":"2025-06-28T12:36:21","modified_gmt":"2025-06-28T15:36:21","slug":"processo-seletivo-assai-limeira-abre-mais-de-20-vagas-para-contratacao-imediata","status":"publish","type":"post","link":"https:\/\/guialimeira.com.br\/news\/processo-seletivo-assai-limeira-abre-mais-de-20-vagas-para-contratacao-imediata\/","title":{"rendered":"Processo Seletivo Assa\u00ed Limeira abre mais de 20 vagas para contrata\u00e7\u00e3o imediata"},"content":{"rendered":"\n<p class=\"wp-block-paragraph\">A unidade do <strong>Assa\u00ed Atacadista \u2013 Loja 246 (Anel Vi\u00e1rio, Limeira-SP)<\/strong> realiza no dia <strong>1\u00ba de julho<\/strong>, \u00e0s <strong>14h<\/strong>, um grande <strong>processo seletivo<\/strong> com <strong>mais de 20 vagas<\/strong> para diferentes fun\u00e7\u00f5es.<\/p>\n\n\n\n<p class=\"wp-block-paragraph\">Os interessados devem comparecer presencialmente com <strong>curr\u00edculo em m\u00e3os<\/strong>. A oportunidade contempla diversos cargos e oferece um pacote de benef\u00edcios atrativo aos colaboradores.<\/p>\n\n\n\n<h4 class=\"wp-block-heading\">\u2705 Vagas dispon\u00edveis:<\/h4>\n\n\n\n<ul class=\"wp-block-list\">\n<li>Aprendiz<\/li>\n\n\n\n<li>A\u00e7ougueiro<\/li>\n\n\n\n<li>Atendente de Vendas<\/li>\n\n\n\n<li>Empacotador<\/li>\n\n\n\n<li>Operador de Caixa<\/li>\n\n\n\n<li>Repositor de Mercadoria<\/li>\n<\/ul>\n\n\n\n<p class=\"wp-block-paragraph\">\ud83d\udccc <em>Todas as vagas s\u00e3o destinadas a pessoas com 18 anos ou mais.<\/em><\/p>\n\n\n\n<h4 class=\"wp-block-heading\">\ud83d\udccd Local:<\/h4>\n\n\n\n<p class=\"wp-block-paragraph\"><strong>Assa\u00ed Atacadista \u2013 Loja 246<\/strong><br>\ud83d\udccd Via Ant\u00f4nio Cruanes Filho, 4750 \u2013 Jd. Colinas de S\u00e3o Jo\u00e3o, Limeira-SP<\/p>\n\n\n\n<h4 class=\"wp-block-heading\">\ud83d\udcde Contato:<\/h4>\n\n\n\n<p class=\"wp-block-paragraph\">\ud83d\udcf1 WhatsApp: (11) 91220-1339<br>\ud83d\udce7 E-mail: <a>loja246.rh@assai.com.br<\/a><br>\ud83c\udf10 Inscri\u00e7\u00f5es online: <a>assai.gupy.io<\/a><\/p>\n\n\n\n<h4 class=\"wp-block-heading\">\ud83c\udf81 Benef\u00edcios oferecidos:<\/h4>\n\n\n\n<ul class=\"wp-block-list\">\n<li>Assist\u00eancia m\u00e9dica e odontol\u00f3gica<\/li>\n\n\n\n<li>Seguro de vida<\/li>\n\n\n\n<li>Refeit\u00f3rio no local<\/li>\n\n\n\n<li>Vale-compras Assa\u00ed<\/li>\n\n\n\n<li>Capacita\u00e7\u00e3o pela Universidade Assa\u00ed<\/li>\n\n\n\n<li>Plano de carreira e muito mais!<\/li>\n<\/ul>\n\n\n\n<p class=\"wp-block-paragraph\">N\u00e3o perca a chance de fazer parte de uma das <strong>melhores empresas para trabalhar no Brasil<\/strong>, segundo o selo Great Place To Work 2024.<br><strong>#VemSerAssa\u00ed<\/strong><\/p>\n","protected":false},"excerpt":{"rendered":"<p>A unidade do Assa\u00ed Atacadista \u2013 Loja 246 (Anel Vi\u00e1rio, Limeira-SP) realiza no dia 1\u00ba de julho, \u00e0s 14h, um grande processo seletivo com mais de 20 vagas para diferentes fun\u00e7\u00f5es.<\/p>\n","protected":false},"author":1,"featured_media":37682,"comment_status":"open","ping_status":"open","sticky":false,"template":"","format":"standard","meta":{"_jetpack_newsletter_access":"","_jetpack_dont_email_post_to_subs":false,"_jetpack_newsletter_tier_id":0,"_jetpack_memberships_contains_paywalled_content":false,"_mbp_banners":[],"_jetpack_feature_clip_id":0,"_jetpack_memberships_contains_paid_content":false,"footnotes":"","jetpack_publicize_message":"","jetpack_publicize_feature_enabled":true,"jetpack_social_post_already_shared":false,"jetpack_social_options":{"image_generator_settings":{"template":"highway","default_image_id":0,"enabled":false},"version":2},"jetpack_post_was_ever_published":false},"categories":[17,16],"tags":[],"class_list":["post-37681","post","type-post","status-publish","format-standard","has-post-thumbnail","category-empregos","category-local"],"jetpack_publicize_connections":[],"jetpack-related-posts":[],"jetpack_shortlink":"https:\/\/wp.me\/p7Eq1F-9NL","jetpack_sharing_enabled":true,"jetpack_featured_media_url":"https:\/\/i0.wp.com\/guialimeira.com.br\/news\/wp-content\/uploads\/2025\/06\/assai-limeira.png?fit=1024%2C1024&ssl=1","_links":{"self":[{"href":"https:\/\/guialimeira.com.br\/news\/wp-json\/wp\/v2\/posts\/37681","targetHints":{"allow":["GET"]}}],"collection":[{"href":"https:\/\/guialimeira.com.br\/news\/wp-json\/wp\/v2\/posts"}],"about":[{"href":"https:\/\/guialimeira.com.br\/news\/wp-json\/wp\/v2\/types\/post"}],"author":[{"embeddable":true,"href":"https:\/\/guialimeira.com.br\/news\/wp-json\/wp\/v2\/users\/1"}],"replies":[{"embeddable":true,"href":"https:\/\/guialimeira.com.br\/news\/wp-json\/wp\/v2\/comments?post=37681"}],"version-history":[{"count":1,"href":"https:\/\/guialimeira.com.br\/news\/wp-json\/wp\/v2\/posts\/37681\/revisions"}],"predecessor-version":[{"id":37683,"href":"https:\/\/guialimeira.com.br\/news\/wp-json\/wp\/v2\/posts\/37681\/revisions\/37683"}],"wp:featuredmedia":[{"embeddable":true,"href":"https:\/\/guialimeira.com.br\/news\/wp-json\/wp\/v2\/media\/37682"}],"wp:attachment":[{"href":"https:\/\/guialimeira.com.br\/news\/wp-json\/wp\/v2\/media?parent=37681"}],"wp:term":[{"taxonomy":"category","embeddable":true,"href":"https:\/\/guialimeira.com.br\/news\/wp-json\/wp\/v2\/categories?post=37681"},{"taxonomy":"post_tag","embeddable":true,"href":"https:\/\/guialimeira.com.br\/news\/wp-json\/wp\/v2\/tags?post=37681"}],"curies":[{"name":"wp","href":"https:\/\/api.w.org\/{rel}","templated":true}]}}