{"id":37666,"date":"2025-06-28T08:34:40","date_gmt":"2025-06-28T11:34:40","guid":{"rendered":"https:\/\/guialimeira.com.br\/2025\/06\/28\/botafogo-e-palmeiras-abrem-oitavas-de-final-do-mundial-de-clubes\/"},"modified":"2025-06-28T08:34:40","modified_gmt":"2025-06-28T11:34:40","slug":"botafogo-e-palmeiras-abrem-oitavas-de-final-do-mundial-de-clubes","status":"publish","type":"post","link":"https:\/\/guialimeira.com.br\/news\/botafogo-e-palmeiras-abrem-oitavas-de-final-do-mundial-de-clubes\/","title":{"rendered":"Botafogo e Palmeiras abrem oitavas de final do Mundial de Clubes"},"content":{"rendered":"<p> <br \/>\n<\/p>\n<div>\n<p>A Copa do Mundo de Clubes da Fifa chegou \u00e0 fase das oitavas de final. E a primeira atra\u00e7\u00e3o \u00e9 um confronto entre duas equipes brasileiras que viram a rivalidade entre elas aumentar nos \u00faltimos anos. Botafogo e Palmeiras medem for\u00e7as, a partir das 13h (hor\u00e1rio de Bras\u00edlia) deste s\u00e1bado (28), no Lincoln Financial Field, na Filad\u00e9lfia.<img data-recalc-dims=\"1\" decoding=\"async\" src=\"https:\/\/i0.wp.com\/agenciabrasil.ebc.com.br\/ebc.png?w=696&#038;ssl=1\" style=\"width:1px; height:1px; display:inline;\"\/><img data-recalc-dims=\"1\" decoding=\"async\" src=\"https:\/\/i0.wp.com\/agenciabrasil.ebc.com.br\/ebc.gif?w=696&#038;ssl=1\" style=\"width:1px; height:1px; display:inline;\"\/><\/p>\n<p>O t\u00e9cnico do Palmeiras, o portugu\u00eas Abel Ferreira, afirmou, em entrevista coletiva, que prev\u00ea muito equil\u00edbrio em um confronto que envolve os dois \u00faltimos campe\u00f5es brasileiros: \u201cCom certeza \u00e9 um jogo dif\u00edcil, equilibrado desde 2020. J\u00e1 vencemos, perdemos e empatamos. J\u00e1 tivemos em mata-mata\u201d.<\/p>\n<blockquote class=\"twitter-tweet\">\n<p dir=\"ltr\" lang=\"pt\" xml:lang=\"pt\">O foco \u00e9 um s\u00f3! \ud83d\udcaa<\/p>\n<p>Seguimos na prepara\u00e7\u00e3o pro confronto das oitavas de final da <a href=\"https:\/\/twitter.com\/hashtag\/FIFACWC?src=hash&amp;ref_src=twsrc%5Etfw\" rel=\"noopener\">#FIFACWC<\/a> com o Botafogo! \ud83d\udc37 \u27a4 <a href=\"https:\/\/t.co\/NxGxg80PuJ\">https:\/\/t.co\/NxGxg80PuJ<\/a> <a href=\"https:\/\/t.co\/YtDn6fUIFf\">pic.twitter.com\/YtDn6fUIFf<\/a><\/p>\n<p>\u2014 SE Palmeiras (@Palmeiras) <a href=\"https:\/\/twitter.com\/Palmeiras\/status\/1938296200312046026?ref_src=twsrc%5Etfw\" rel=\"noopener\">June 26, 2025<\/a><\/p><\/blockquote>\n<p>A rivalidade entre o Verd\u00e3o e o Alvinegro come\u00e7ou a aumentar na reta final do Brasileiro de 2023, quando os comandados de Abel Ferreira arrancaram uma vit\u00f3ria de virada de 4 a 3 sobre um Botafogo que tentava se reencontrar ap\u00f3s a sa\u00edda do t\u00e9cnico Lu\u00eds Castro. A partir da\u00ed o Glorioso se perdeu de vez na competi\u00e7\u00e3o e viu o Palmeiras ficar com o t\u00edtulo no final.<\/p>\n<p>Por\u00e9m, desde ent\u00e3o as equipes se encontraram em cinco oportunidades, com tr\u00eas vit\u00f3rias do Alvinegro e dois empates. E, nesse meio tempo, o Alvinegro garantiu os t\u00edtulos do Brasileiro de 2024 e da Libertadores do mesmo ano.<\/p>\n<p>E \u00e9 justamente este novo Botafogo que o Verd\u00e3o ter\u00e1 pela frente. Neste Mundial de Clubes o Alvinegro conseguiu aquele que pode ser considerado o resultado mais surpreendente entre os brasileiros, derrotou pelo placar de 1 a 0 o PSG (Fran\u00e7a), atual detentor do t\u00edtulo da Liga dos Campe\u00f5es da Europa.<\/p>\n<blockquote class=\"twitter-tweet\">\n<p dir=\"ltr\" lang=\"pt\" xml:lang=\"pt\">WE ARE READY! \ud83d\udd25\ud83e\udee1<\/p>\n<p>No complexo de treinamentos do Philadelphia Eagles, o BOTAFOGO DE FUTEBOL E REGATAS est\u00e1 pronto para as oitavas da Copa do Mundo de Clubes! T\u00c1 CHEGANDOA HORA, FOG\u00c3O! \u26bd\ufe0f\ud83d\udcaa\ud83c\udffd <a href=\"https:\/\/twitter.com\/hashtag\/VAMOSBOTAFOGO?src=hash&amp;ref_src=twsrc%5Etfw\" rel=\"noopener\">#VAMOSBOTAFOGO<\/a> <a href=\"https:\/\/twitter.com\/hashtag\/FIFACWC?src=hash&amp;ref_src=twsrc%5Etfw\" rel=\"noopener\">#FIFACWC<\/a> <a href=\"https:\/\/twitter.com\/hashtag\/TAKEITTOTHEWORLD?src=hash&amp;ref_src=twsrc%5Etfw\" rel=\"noopener\">#TAKEITTOTHEWORLD<\/a><\/p>\n<p>\ud83d\udcf8 V\u00edtor Silva\/ BFR<\/p>\n<p>\ud83d\udcf2 Todos os jogos do\u2026 <a href=\"https:\/\/t.co\/US58pJq0xK\">pic.twitter.com\/US58pJq0xK<\/a><\/p>\n<p>\u2014 Botafogo F.R. (@Botafogo) <a href=\"https:\/\/twitter.com\/Botafogo\/status\/1938657503643836920?ref_src=twsrc%5Etfw\" rel=\"noopener\">June 27, 2025<\/a><\/p><\/blockquote>\n<p>Agora, diante do Palmeiras, o t\u00e9cnico Renato Paiva aponta um caminho para sair com a vit\u00f3ria: manter o controle de bola. \u201cEspero que o Botafogo seja equilibrado e completo. Analisando o torneio, falta um pouco de controle de bola. Quero melhorar para o jogo, ter mais a bola diante do Palmeiras\u201d, afirmou o portugu\u00eas.<\/p>\n<p>Para esta partida decisiva o Botafogo tem um desfalque importante, o volante Gregore, que est\u00e1 suspenso por ac\u00famulo de cart\u00f5es amarelos. Assim, uma poss\u00edvel forma\u00e7\u00e3o adotada por Renato Paiva \u00e9: John; Vitinho, Jair, Barboza e Alex Telles; Allan e Marlon Freitas; Artur, Savarino e Cuiabano; Igor Jesus.<\/p>\n<p>J\u00e1 o Palmeiras deve iniciar o confronto com: Weverton; Giay, Gustavo G\u00f3mez, Bruno Fuchs e Piquerez; An\u00edbal Moreno, Richard R\u00edos e Mauricio; Est\u00eav\u00e3o, Facundo Torres e Vitor Roque.<\/p>\n<p>      <!-- Relacionada --><\/p>\n<p>            <!-- Relacionada -->\n    <\/div>\n<p><script async src=\"\/\/platform.twitter.com\/widgets.js\" charset=\"utf-8\"><\/script><br \/>\n<br \/><br \/>\n<br \/><a href=\"https:\/\/agenciabrasil.ebc.com.br\/esportes\/noticia\/2025-06\/botafogo-e-palmeiras-abrem-oitavas-de-final-do-mundial-de-clubes\" rel=\"noopener\">Ag\u00eancia Brasil<\/a><\/p>\n","protected":false},"excerpt":{"rendered":"<p>A Copa do Mundo de Clubes da Fifa chegou \u00e0 fase das oitavas de final. E a primeira atra\u00e7\u00e3o \u00e9 um confronto entre duas equipes brasileiras que viram a rivalidade entre elas aumentar nos \u00faltimos anos. Botafogo e Palmeiras medem for\u00e7as, a partir das 13h (hor\u00e1rio de Bras\u00edlia) deste s\u00e1bado (28), no Lincoln Financial Field, [&hellip;]<\/p>\n","protected":false},"author":1,"featured_media":37667,"comment_status":"open","ping_status":"open","sticky":false,"template":"","format":"standard","meta":{"_jetpack_newsletter_access":"","_jetpack_dont_email_post_to_subs":false,"_jetpack_newsletter_tier_id":0,"_jetpack_memberships_contains_paywalled_content":false,"_mbp_banners":[],"_jetpack_feature_clip_id":0,"_jetpack_memberships_contains_paid_content":false,"footnotes":"","jetpack_publicize_message":"","jetpack_publicize_feature_enabled":true,"jetpack_social_post_already_shared":true,"jetpack_social_options":{"image_generator_settings":{"template":"highway","default_image_id":0,"font":"","enabled":false},"version":2},"jetpack_post_was_ever_published":false},"categories":[23],"tags":[],"class_list":["post-37666","post","type-post","status-publish","format-standard","has-post-thumbnail","category-esportes"],"jetpack_publicize_connections":[],"jetpack-related-posts":[],"jetpack_shortlink":"https:\/\/wp.me\/p7Eq1F-9Nw","jetpack_sharing_enabled":true,"jetpack_featured_media_url":"https:\/\/i0.wp.com\/guialimeira.com.br\/news\/wp-content\/uploads\/2025\/06\/54419577202_4f60e168bc_o.jpg?fit=1600%2C800&ssl=1","_links":{"self":[{"href":"https:\/\/guialimeira.com.br\/news\/wp-json\/wp\/v2\/posts\/37666","targetHints":{"allow":["GET"]}}],"collection":[{"href":"https:\/\/guialimeira.com.br\/news\/wp-json\/wp\/v2\/posts"}],"about":[{"href":"https:\/\/guialimeira.com.br\/news\/wp-json\/wp\/v2\/types\/post"}],"author":[{"embeddable":true,"href":"https:\/\/guialimeira.com.br\/news\/wp-json\/wp\/v2\/users\/1"}],"replies":[{"embeddable":true,"href":"https:\/\/guialimeira.com.br\/news\/wp-json\/wp\/v2\/comments?post=37666"}],"version-history":[{"count":0,"href":"https:\/\/guialimeira.com.br\/news\/wp-json\/wp\/v2\/posts\/37666\/revisions"}],"wp:featuredmedia":[{"embeddable":true,"href":"https:\/\/guialimeira.com.br\/news\/wp-json\/wp\/v2\/media\/37667"}],"wp:attachment":[{"href":"https:\/\/guialimeira.com.br\/news\/wp-json\/wp\/v2\/media?parent=37666"}],"wp:term":[{"taxonomy":"category","embeddable":true,"href":"https:\/\/guialimeira.com.br\/news\/wp-json\/wp\/v2\/categories?post=37666"},{"taxonomy":"post_tag","embeddable":true,"href":"https:\/\/guialimeira.com.br\/news\/wp-json\/wp\/v2\/tags?post=37666"}],"curies":[{"name":"wp","href":"https:\/\/api.w.org\/{rel}","templated":true}]}}