{"id":37651,"date":"2025-06-28T04:53:38","date_gmt":"2025-06-28T07:53:38","guid":{"rendered":"https:\/\/guialimeira.com.br\/?p=37651"},"modified":"2025-06-28T04:53:42","modified_gmt":"2025-06-28T07:53:42","slug":"abertas-as-inscricoes-para-processo-seletivo-de-auxiliar-de-servicos-gerais-em-limeira","status":"publish","type":"post","link":"https:\/\/guialimeira.com.br\/news\/abertas-as-inscricoes-para-processo-seletivo-de-auxiliar-de-servicos-gerais-em-limeira\/","title":{"rendered":"Abertas as inscri\u00e7\u00f5es para processo seletivo de auxiliar de servi\u00e7os gerais em Limeira"},"content":{"rendered":"\n<p class=\"wp-block-paragraph\">A Prefeitura de Limeira, por meio da Secretaria Municipal de Educa\u00e7\u00e3o, anunciou a abertura do <em>Processo Seletivo Simplificado por T\u00edtulos<\/em> para contrata\u00e7\u00e3o tempor\u00e1ria de <strong>Auxiliares de Servi\u00e7os Gerais<\/strong>. A sele\u00e7\u00e3o tem como objetivo a forma\u00e7\u00e3o de <strong>cadastro reserva<\/strong> para atua\u00e7\u00e3o nas unidades da rede municipal de ensino, tanto na Educa\u00e7\u00e3o Infantil quanto no Ensino Fundamental.<\/p>\n\n\n\n<h3 class=\"wp-block-heading\">\ud83d\uddd3 Per\u00edodo de Inscri\u00e7\u00e3o<\/h3>\n\n\n\n<p class=\"wp-block-paragraph\">As inscri\u00e7\u00f5es ser\u00e3o <strong>gratuitas<\/strong> e devem ser feitas exclusivamente pelo site oficial <a class=\"\" href=\"http:\/\/www.sme.limeira.sp.gov.br\" rel=\"noopener\">www.sme.limeira.sp.gov.br<\/a>, entre os dias <strong>1\u00ba e 3 de julho de 2025<\/strong>.<\/p>\n\n\n\n<h3 class=\"wp-block-heading\">\ud83e\uddf9 Fun\u00e7\u00e3o: Auxiliar de Servi\u00e7os Gerais<\/h3>\n\n\n\n<ul class=\"wp-block-list\">\n<li><strong>Carga hor\u00e1ria:<\/strong> 40 horas semanais<\/li>\n\n\n\n<li><strong>Remunera\u00e7\u00e3o:<\/strong> R$ 2.130,36 mensais<\/li>\n\n\n\n<li><strong>Requisitos:<\/strong> Ensino Fundamental completo<\/li>\n\n\n\n<li><strong>Regime de contrata\u00e7\u00e3o:<\/strong> Consolida\u00e7\u00e3o das Leis do Trabalho (CLT)<\/li>\n<\/ul>\n\n\n\n<h3 class=\"wp-block-heading\">\ud83d\udd27 Principais Atribui\u00e7\u00f5es<\/h3>\n\n\n\n<ul class=\"wp-block-list\">\n<li>Limpeza e manuten\u00e7\u00e3o de ambientes escolares e \u00e1reas p\u00fablicas;<\/li>\n\n\n\n<li>Apoio em servi\u00e7os de copa e cozinha;<\/li>\n\n\n\n<li>Atendimento ao p\u00fablico e apoio log\u00edstico;<\/li>\n\n\n\n<li>Controle de entrada e sa\u00edda de pessoas e ve\u00edculos;<\/li>\n\n\n\n<li>Apoio na entrega de documentos e mercadorias;<\/li>\n\n\n\n<li>Suporte a atividades operacionais e de zeladoria.<\/li>\n<\/ul>\n\n\n\n<h3 class=\"wp-block-heading\">\ud83d\udcc4 Crit\u00e9rios de Avalia\u00e7\u00e3o<\/h3>\n\n\n\n<p class=\"wp-block-paragraph\">A sele\u00e7\u00e3o ser\u00e1 realizada <strong>por an\u00e1lise de t\u00edtulos<\/strong>, com pontua\u00e7\u00e3o atribu\u00edda a certificados de ensino m\u00e9dio, t\u00e9cnico ou superior, e cursos livres em \u00e1reas como primeiros socorros, limpeza e seguran\u00e7a no trabalho.<\/p>\n\n\n\n<h3 class=\"wp-block-heading\">\ud83d\udce2 Inclus\u00e3o e Cotas<\/h3>\n\n\n\n<p class=\"wp-block-paragraph\">Est\u00e3o previstas <strong>vagas reservadas para Pessoas com Defici\u00eancia (PcD), candidatos negros e idosos<\/strong>, conforme legisla\u00e7\u00e3o vigente.<\/p>\n\n\n\n<h3 class=\"wp-block-heading\">\ud83d\udccc Publica\u00e7\u00f5es e Resultados<\/h3>\n\n\n\n<p class=\"wp-block-paragraph\">Todos os atos oficiais, incluindo a <strong>classifica\u00e7\u00e3o preliminar (10\/07)<\/strong> e a <strong>final ap\u00f3s recursos (16\/07)<\/strong>, ser\u00e3o divulgados no site oficial da SME Limeira.<\/p>\n\n\n\n<h3 class=\"wp-block-heading\">\ud83d\udccd Importante<\/h3>\n\n\n\n<p class=\"wp-block-paragraph\">A inscri\u00e7\u00e3o implica no <strong>conhecimento e aceita\u00e7\u00e3o de todas as normas<\/strong> do edital. A convoca\u00e7\u00e3o dos candidatos classificados se dar\u00e1 conforme a <strong>ordem de classifica\u00e7\u00e3o<\/strong> e necessidade da Prefeitura.<\/p>\n\n\n\n<p class=\"wp-block-paragraph\">Para mais informa\u00e7\u00f5es, <a href=\"https:\/\/guialimeira.com.br\/wp-content\/uploads\/2025\/06\/auxiliar-.pdf\">acesse o edital<\/a> completo no site da <strong>Secretaria Municipal de Educa\u00e7\u00e3o de Limeira<\/strong>.<\/p>\n","protected":false},"excerpt":{"rendered":"<p>A Prefeitura de Limeira, por meio da Secretaria Municipal de Educa\u00e7\u00e3o, anunciou a abertura do Processo Seletivo Simplificado por T\u00edtulos para contrata\u00e7\u00e3o tempor\u00e1ria de Auxiliares de Servi\u00e7os Gerais. A sele\u00e7\u00e3o tem como objetivo a forma\u00e7\u00e3o de cadastro reserva para atua\u00e7\u00e3o nas unidades da rede municipal de ensino, tanto na Educa\u00e7\u00e3o Infantil quanto no Ensino Fundamental.<\/p>\n","protected":false},"author":1,"featured_media":37653,"comment_status":"open","ping_status":"open","sticky":false,"template":"","format":"standard","meta":{"_jetpack_newsletter_access":"","_jetpack_dont_email_post_to_subs":false,"_jetpack_newsletter_tier_id":0,"_jetpack_memberships_contains_paywalled_content":false,"_mbp_banners":[],"_jetpack_feature_clip_id":0,"_jetpack_memberships_contains_paid_content":false,"footnotes":"","jetpack_publicize_message":"","jetpack_publicize_feature_enabled":true,"jetpack_social_post_already_shared":false,"jetpack_social_options":{"image_generator_settings":{"template":"highway","default_image_id":0,"enabled":false},"version":2},"jetpack_post_was_ever_published":false},"categories":[17,16],"tags":[],"class_list":["post-37651","post","type-post","status-publish","format-standard","has-post-thumbnail","category-empregos","category-local"],"jetpack_publicize_connections":[],"jetpack-related-posts":[],"jetpack_shortlink":"https:\/\/wp.me\/p7Eq1F-9Nh","jetpack_sharing_enabled":true,"jetpack_featured_media_url":"https:\/\/i0.wp.com\/guialimeira.com.br\/news\/wp-content\/uploads\/2025\/06\/banner_auxiliar-geral.png?fit=1080%2C1080&ssl=1","_links":{"self":[{"href":"https:\/\/guialimeira.com.br\/news\/wp-json\/wp\/v2\/posts\/37651","targetHints":{"allow":["GET"]}}],"collection":[{"href":"https:\/\/guialimeira.com.br\/news\/wp-json\/wp\/v2\/posts"}],"about":[{"href":"https:\/\/guialimeira.com.br\/news\/wp-json\/wp\/v2\/types\/post"}],"author":[{"embeddable":true,"href":"https:\/\/guialimeira.com.br\/news\/wp-json\/wp\/v2\/users\/1"}],"replies":[{"embeddable":true,"href":"https:\/\/guialimeira.com.br\/news\/wp-json\/wp\/v2\/comments?post=37651"}],"version-history":[{"count":1,"href":"https:\/\/guialimeira.com.br\/news\/wp-json\/wp\/v2\/posts\/37651\/revisions"}],"predecessor-version":[{"id":37654,"href":"https:\/\/guialimeira.com.br\/news\/wp-json\/wp\/v2\/posts\/37651\/revisions\/37654"}],"wp:featuredmedia":[{"embeddable":true,"href":"https:\/\/guialimeira.com.br\/news\/wp-json\/wp\/v2\/media\/37653"}],"wp:attachment":[{"href":"https:\/\/guialimeira.com.br\/news\/wp-json\/wp\/v2\/media?parent=37651"}],"wp:term":[{"taxonomy":"category","embeddable":true,"href":"https:\/\/guialimeira.com.br\/news\/wp-json\/wp\/v2\/categories?post=37651"},{"taxonomy":"post_tag","embeddable":true,"href":"https:\/\/guialimeira.com.br\/news\/wp-json\/wp\/v2\/tags?post=37651"}],"curies":[{"name":"wp","href":"https:\/\/api.w.org\/{rel}","templated":true}]}}