{"id":3765,"date":"2024-05-04T13:54:48","date_gmt":"2024-05-04T16:54:48","guid":{"rendered":"https:\/\/guialimeira.com.br\/2024\/05\/04\/governo-de-sp-propoe-que-pge-passe-a-representar-servidores-em-processos-2\/"},"modified":"2024-05-04T13:54:48","modified_gmt":"2024-05-04T16:54:48","slug":"governo-de-sp-propoe-que-pge-passe-a-representar-servidores-em-processos-2","status":"publish","type":"post","link":"https:\/\/guialimeira.com.br\/news\/governo-de-sp-propoe-que-pge-passe-a-representar-servidores-em-processos-2\/","title":{"rendered":"Governo de SP prop\u00f5e que PGE passe a representar servidores em processos"},"content":{"rendered":"<p> <br \/>\n<\/p>\n<div id=\"\">&#13;<br \/>\n                                <!-- Title -->&#13;<br \/>\n                                &#13;<br \/>\n&#13;<br \/>\n                                <!-- Excerpt -->&#13;<\/p>\n<p class=\"excerpt\">Projeto de lei enviado \u00e0 Alesp estende atua\u00e7\u00e3o de \u00f3rg\u00e3o para todos os agentes p\u00fablicos em a\u00e7\u00f5es judiciais e administrativas <\/p>\n<p>&#13;<br \/>\n&#13;<br \/>\n                                &#13;\n                            <\/p><\/div>\n<div id=\"\">&#13;<\/p>\n<p>O Governo de S\u00e3o Paulo enviou \u00e0 Assembleia Legislativa um projeto de lei para ampliar a atua\u00e7\u00e3o da Procuradoria-Geral do Estado (PGE) em defesa de todos os servidores da administra\u00e7\u00e3o direta e autarquias estaduais.<\/p>\n<p>O governador Tarc\u00edsio de Freitas prop\u00f5e que o \u00f3rg\u00e3o assuma a representa\u00e7\u00e3o dos agentes p\u00fablicos em a\u00e7\u00f5es judiciais ou processos administrativos ligados ao exerc\u00edcio do cargo.<\/p>\n<p>O projeto de lei complementar enviado para an\u00e1lise dos deputados estaduais prev\u00ea que a PGE fa\u00e7a a representa\u00e7\u00e3o judicial e extrajudicial de todos os servidores do Executivo paulista.<\/p>\n<p>A medida, contudo, se restringe a a\u00e7\u00f5es ligadas diretamente \u00e0 atividade no setor p\u00fablico e n\u00e3o abrange processos disciplinares ou criminais.<\/p>\n<p>A PGE \u00e9 o \u00f3rg\u00e3o de advocacia da gest\u00e3o estadual e, atualmente, pode representar o governador, o vice-governador e secret\u00e1rios estaduais em a\u00e7\u00f5es.<\/p>\n<p>Com a nova proposta, a PGE poderia atuar na defesa de servidores, desde que condicionada \u00e0 pr\u00e1tica de ato em conson\u00e2ncia com o interesse p\u00fablico.<\/p>\n<p>Na avalia\u00e7\u00e3o do Governo do Estado, a medida representa um avan\u00e7o na defesa dos gestores p\u00fablicos, que passar\u00e3o a ter mais seguran\u00e7a jur\u00eddica em rela\u00e7\u00e3o a decis\u00f5es e medidas de \u00e2mbito profissional para a execu\u00e7\u00e3o das pol\u00edticas p\u00fablicas da gest\u00e3o paulista.<\/p>\n<figure id=\"attachment_5802219\" style=\"width: 100%;max-width: 772px\" class=\"wp-caption alignnone\"><img data-recalc-dims=\"1\" decoding=\"async\" loading=\"lazy\" class=\"wp-image-5802219\" src=\"https:\/\/i0.wp.com\/www.saopaulo.sp.gov.br\/wp-content\/uploads\/2024\/01\/111-300x176.jpeg?resize=696%2C408&#038;ssl=1\" alt=\"\" width=\"696\" height=\"408\" srcset=\"https:\/\/www.saopaulo.sp.gov.br\/wp-content\/uploads\/2024\/01\/111-300x176.jpeg 300w, https:\/\/www.saopaulo.sp.gov.br\/wp-content\/uploads\/2024\/01\/111-1024x600.jpeg 1024w, https:\/\/www.saopaulo.sp.gov.br\/wp-content\/uploads\/2024\/01\/111-768x450.jpeg 768w, https:\/\/www.saopaulo.sp.gov.br\/wp-content\/uploads\/2024\/01\/111-1536x900.jpeg 1536w, https:\/\/www.saopaulo.sp.gov.br\/wp-content\/uploads\/2024\/01\/111-310x182.jpeg 310w, https:\/\/www.saopaulo.sp.gov.br\/wp-content\/uploads\/2024\/01\/111-347x204.jpeg 347w, https:\/\/www.saopaulo.sp.gov.br\/wp-content\/uploads\/2024\/01\/111.jpeg 1600w\" sizes=\"auto, (max-width: 772px) 100vw, 772px\"\/><figcaption class=\"wp-caption-text\">Procuradoria Geral do Estado<\/figcaption><\/figure>\n<\/p><\/div>\n<p><br \/>\n<br \/><a href=\"https:\/\/www.saopaulo.sp.gov.br\/spnoticias\/ultimas-noticias\/governo-de-sp-propoe-que-pge-passe-a-representar-servidores-em-processos-2\/\" rel=\"noopener\">Informa\u00e7\u00f5es GOV.SP<\/a><\/p>\n","protected":false},"excerpt":{"rendered":"<p>&#13; &#13; &#13; &#13; &#13; Projeto de lei enviado \u00e0 Alesp estende atua\u00e7\u00e3o de \u00f3rg\u00e3o para todos os agentes p\u00fablicos em a\u00e7\u00f5es judiciais e administrativas &#13; &#13; &#13; &#13; O Governo de S\u00e3o Paulo enviou \u00e0 Assembleia Legislativa um projeto de lei para ampliar a atua\u00e7\u00e3o da Procuradoria-Geral do Estado (PGE) em defesa de todos [&hellip;]<\/p>\n","protected":false},"author":1,"featured_media":3766,"comment_status":"open","ping_status":"open","sticky":false,"template":"","format":"standard","meta":{"_jetpack_newsletter_access":"","_jetpack_dont_email_post_to_subs":false,"_jetpack_newsletter_tier_id":0,"_jetpack_memberships_contains_paywalled_content":false,"_mbp_banners":[],"_jetpack_feature_clip_id":0,"_jetpack_memberships_contains_paid_content":false,"footnotes":"","jetpack_publicize_message":"","jetpack_publicize_feature_enabled":true,"jetpack_social_post_already_shared":true,"jetpack_social_options":{"image_generator_settings":{"template":"highway","default_image_id":0,"font":"","enabled":false},"version":2},"jetpack_post_was_ever_published":false},"categories":[21],"tags":[],"class_list":["post-3765","post","type-post","status-publish","format-standard","has-post-thumbnail","category-sp-news"],"jetpack_publicize_connections":[],"jetpack-related-posts":[],"jetpack_shortlink":"https:\/\/wp.me\/p7Eq1F-YJ","jetpack_sharing_enabled":true,"jetpack_featured_media_url":"https:\/\/i0.wp.com\/guialimeira.com.br\/news\/wp-content\/uploads\/2024\/05\/Governo-de-SP-propoe-que-PGE-passe-a-representar-servidores.jpeg?fit=300%2C176&ssl=1","_links":{"self":[{"href":"https:\/\/guialimeira.com.br\/news\/wp-json\/wp\/v2\/posts\/3765","targetHints":{"allow":["GET"]}}],"collection":[{"href":"https:\/\/guialimeira.com.br\/news\/wp-json\/wp\/v2\/posts"}],"about":[{"href":"https:\/\/guialimeira.com.br\/news\/wp-json\/wp\/v2\/types\/post"}],"author":[{"embeddable":true,"href":"https:\/\/guialimeira.com.br\/news\/wp-json\/wp\/v2\/users\/1"}],"replies":[{"embeddable":true,"href":"https:\/\/guialimeira.com.br\/news\/wp-json\/wp\/v2\/comments?post=3765"}],"version-history":[{"count":0,"href":"https:\/\/guialimeira.com.br\/news\/wp-json\/wp\/v2\/posts\/3765\/revisions"}],"wp:featuredmedia":[{"embeddable":true,"href":"https:\/\/guialimeira.com.br\/news\/wp-json\/wp\/v2\/media\/3766"}],"wp:attachment":[{"href":"https:\/\/guialimeira.com.br\/news\/wp-json\/wp\/v2\/media?parent=3765"}],"wp:term":[{"taxonomy":"category","embeddable":true,"href":"https:\/\/guialimeira.com.br\/news\/wp-json\/wp\/v2\/categories?post=3765"},{"taxonomy":"post_tag","embeddable":true,"href":"https:\/\/guialimeira.com.br\/news\/wp-json\/wp\/v2\/tags?post=3765"}],"curies":[{"name":"wp","href":"https:\/\/api.w.org\/{rel}","templated":true}]}}