{"id":37641,"date":"2025-06-27T22:24:41","date_gmt":"2025-06-28T01:24:41","guid":{"rendered":"https:\/\/guialimeira.com.br\/2025\/06\/27\/escalada-paralimpica-brasil-garante-dois-bronzes-em-copa-do-mundo\/"},"modified":"2025-06-27T22:24:41","modified_gmt":"2025-06-28T01:24:41","slug":"escalada-paralimpica-brasil-garante-dois-bronzes-em-copa-do-mundo","status":"publish","type":"post","link":"https:\/\/guialimeira.com.br\/news\/escalada-paralimpica-brasil-garante-dois-bronzes-em-copa-do-mundo\/","title":{"rendered":"Escalada paral\u00edmpica: Brasil garante dois bronzes em Copa do Mundo"},"content":{"rendered":"<p> <br \/>\n<\/p>\n<div>\n<p>O Brasil garantiu duas medalhas de bronze na etapa de Innsbruck (\u00c1ustria) da Copa do Mundo de escalada paral\u00edmpica, que foi disputada at\u00e9 a \u00faltima ter\u00e7a-feira (24). As conquistas foram garantidas pela paulista Marina Dias e pelo carioca Igor Mesquita.<img data-recalc-dims=\"1\" decoding=\"async\" src=\"https:\/\/i0.wp.com\/agenciabrasil.ebc.com.br\/ebc.png?w=696&#038;ssl=1\" style=\"width:1px; height:1px; display:inline;\"\/><img data-recalc-dims=\"1\" decoding=\"async\" src=\"https:\/\/i0.wp.com\/agenciabrasil.ebc.com.br\/ebc.gif?w=696&#038;ssl=1\" style=\"width:1px; height:1px; display:inline;\"\/><\/p>\n<blockquote class=\"twitter-tweet\">\n<p dir=\"ltr\" lang=\"pt\" xml:lang=\"pt\">MEDALHA PARA O BRASIL! \ud83e\udd49\ud83e\udd49\ud83c\udde7\ud83c\uddf7<\/p>\n<p>Na Copa do Mundo de escalada na \u00c1ustria, a Marina Dias e o Igor Mesquita subiram ao p\u00f3dio no in\u00edcio desta semana. Ambos os atletas conquistaram a medalha de bronze, em suas respectivas classes.<\/p>\n<p>\ud83e\uddd7 Saiba mais sobre a modalidade que ser\u00e1 uma das\u2026 <a href=\"https:\/\/t.co\/3lbjJ1hi3w\">pic.twitter.com\/3lbjJ1hi3w<\/a><\/p>\n<p>\u2014 Comit\u00ea Paral\u00edmpico Brasileiro (@BraParalimpico) <a href=\"https:\/\/twitter.com\/BraParalimpico\/status\/1938613550781477373?ref_src=twsrc%5Etfw\" rel=\"noopener\">June 27, 2025<\/a><\/p><\/blockquote>\n<p>Marina, que compete na classe RP3 (de atletas com limita\u00e7\u00f5es de alcance, for\u00e7a e pot\u00eancia), conquistou sua oitava medalha em etapas de Copa do Mundo. Ela \u00e9 a atual campe\u00e3 mundial da categoria e, este ano, tamb\u00e9m j\u00e1 havia conquistado um bronze na etapa de Salt Lake (Estados Unidos).<\/p>\n<p>Igor Mesquita tamb\u00e9m est\u00e1 na classe RP3. Este \u00e9 o primeiro p\u00f3dio do carioca em competi\u00e7\u00f5es internacionais.<\/p>\n<h2>Jogos de 2028<\/h2>\n<p>A escalada paral\u00edmpica \u00e9 uma das novidades dos Jogos Paral\u00edmpicos de 2028, que ser\u00e3o disputados em Los Angeles (Estados Unidos). A modalidade foi oficialmente inclu\u00edda no programa da competi\u00e7\u00e3o em junho.<\/p>\n<p>      <!-- Relacionada --><\/p>\n<p>            <!-- Relacionada -->\n    <\/div>\n<p><script async src=\"\/\/platform.twitter.com\/widgets.js\" charset=\"utf-8\"><\/script><br \/>\n<br \/><br \/>\n<br \/><a href=\"https:\/\/agenciabrasil.ebc.com.br\/esportes\/noticia\/2025-06\/escalada-paralimpica-brasil-garante-dois-bronzes-em-copa-do-mundo\" rel=\"noopener\">Ag\u00eancia Brasil<\/a><\/p>\n","protected":false},"excerpt":{"rendered":"<p>O Brasil garantiu duas medalhas de bronze na etapa de Innsbruck (\u00c1ustria) da Copa do Mundo de escalada paral\u00edmpica, que foi disputada at\u00e9 a \u00faltima ter\u00e7a-feira (24). As conquistas foram garantidas pela paulista Marina Dias e pelo carioca Igor Mesquita. MEDALHA PARA O BRASIL! \ud83e\udd49\ud83e\udd49\ud83c\udde7\ud83c\uddf7 Na Copa do Mundo de escalada na \u00c1ustria, a Marina [&hellip;]<\/p>\n","protected":false},"author":1,"featured_media":37642,"comment_status":"open","ping_status":"open","sticky":false,"template":"","format":"standard","meta":{"_jetpack_newsletter_access":"","_jetpack_dont_email_post_to_subs":false,"_jetpack_newsletter_tier_id":0,"_jetpack_memberships_contains_paywalled_content":false,"_mbp_banners":[],"_jetpack_feature_clip_id":0,"_jetpack_memberships_contains_paid_content":false,"footnotes":"","jetpack_publicize_message":"","jetpack_publicize_feature_enabled":true,"jetpack_social_post_already_shared":true,"jetpack_social_options":{"image_generator_settings":{"template":"highway","default_image_id":0,"font":"","enabled":false},"version":2},"jetpack_post_was_ever_published":false},"categories":[23],"tags":[],"class_list":["post-37641","post","type-post","status-publish","format-standard","has-post-thumbnail","category-esportes"],"jetpack_publicize_connections":[],"jetpack-related-posts":[],"jetpack_shortlink":"https:\/\/wp.me\/p7Eq1F-9N7","jetpack_sharing_enabled":true,"jetpack_featured_media_url":"https:\/\/i0.wp.com\/guialimeira.com.br\/news\/wp-content\/uploads\/2025\/06\/whatsapp-image-2025-06-27-at-10.06.04-1024x683.jpeg?fit=1600%2C800&ssl=1","_links":{"self":[{"href":"https:\/\/guialimeira.com.br\/news\/wp-json\/wp\/v2\/posts\/37641","targetHints":{"allow":["GET"]}}],"collection":[{"href":"https:\/\/guialimeira.com.br\/news\/wp-json\/wp\/v2\/posts"}],"about":[{"href":"https:\/\/guialimeira.com.br\/news\/wp-json\/wp\/v2\/types\/post"}],"author":[{"embeddable":true,"href":"https:\/\/guialimeira.com.br\/news\/wp-json\/wp\/v2\/users\/1"}],"replies":[{"embeddable":true,"href":"https:\/\/guialimeira.com.br\/news\/wp-json\/wp\/v2\/comments?post=37641"}],"version-history":[{"count":0,"href":"https:\/\/guialimeira.com.br\/news\/wp-json\/wp\/v2\/posts\/37641\/revisions"}],"wp:featuredmedia":[{"embeddable":true,"href":"https:\/\/guialimeira.com.br\/news\/wp-json\/wp\/v2\/media\/37642"}],"wp:attachment":[{"href":"https:\/\/guialimeira.com.br\/news\/wp-json\/wp\/v2\/media?parent=37641"}],"wp:term":[{"taxonomy":"category","embeddable":true,"href":"https:\/\/guialimeira.com.br\/news\/wp-json\/wp\/v2\/categories?post=37641"},{"taxonomy":"post_tag","embeddable":true,"href":"https:\/\/guialimeira.com.br\/news\/wp-json\/wp\/v2\/tags?post=37641"}],"curies":[{"name":"wp","href":"https:\/\/api.w.org\/{rel}","templated":true}]}}