{"id":37624,"date":"2025-06-27T20:22:39","date_gmt":"2025-06-27T23:22:39","guid":{"rendered":"https:\/\/guialimeira.com.br\/2025\/06\/27\/definidos-os-adversarios-de-8-brasileiros-na-1a-rodada-de-wimbledon\/"},"modified":"2025-06-27T20:22:39","modified_gmt":"2025-06-27T23:22:39","slug":"definidos-os-adversarios-de-8-brasileiros-na-1a-rodada-de-wimbledon","status":"publish","type":"post","link":"https:\/\/guialimeira.com.br\/news\/definidos-os-adversarios-de-8-brasileiros-na-1a-rodada-de-wimbledon\/","title":{"rendered":"Definidos os advers\u00e1rios de 8 brasileiros na 1\u00aa rodada de Wimbledon"},"content":{"rendered":"<p> <br \/>\n<\/p>\n<div>\n<p>Os oito tenistas brasileiros confirmados no Torneio de Wimbledon, o mais antigo\u00a0e prestigiado do circuito mundial de t\u00eanis, j\u00e1 sabem quem ir\u00e3o enfrentar na primeira rodada. Os advers\u00e1rios foram definidos por sorteio sexta-feira (27). Os primeiros a estrearem no piso de grama londrino, na pr\u00f3xima segunda (30), ser\u00e3o a paulista Beatriz Haddad Maia e o carioca Jo\u00e3o Fonseca na chave de simples. Atual 21\u00aa no ranking feminino, Haddad ter\u00e1 pela frente a eslovaca Rebecca Sramkova (36\u00aa), com que j\u00e1 duelou outras seis vezes, vencendo em quatro oportunidades.<img data-recalc-dims=\"1\" decoding=\"async\" src=\"https:\/\/i0.wp.com\/agenciabrasil.ebc.com.br\/ebc.png?w=696&#038;ssl=1\" style=\"width:1px; height:1px; display:inline;\"\/><img data-recalc-dims=\"1\" decoding=\"async\" src=\"https:\/\/i0.wp.com\/agenciabrasil.ebc.com.br\/ebc.gif?w=696&#038;ssl=1\" style=\"width:1px; height:1px; display:inline;\"\/><\/p>\n<p>J\u00e1 o jovem Fonseca (que passar\u00e1 a ocupar a 54\u00aa coloca\u00e7\u00e3o\u00a0no ranking na pr\u00f3xima segunda), de 18 anos, viver\u00e1 a emo\u00e7\u00e3o de competir pela primeira vez na carreira na chave principal de Wimbledon. Ele assegurou vaga no Grand Slam\u00a0londrino pelo posicionamento no ranking. Na primeira rodada, o carioca enfrentar\u00e1 o anfitri\u00e3o\u00a0Jacob Fearnley (51\u00ba).<\/p>\n<div class=\"dnd-widget-wrapper context-cheio_8colunas type-image\">\n<div class=\"dnd-atom-rendered\"><!-- scald=429246:cheio_8colunas --><br \/>\n            <img data-recalc-dims=\"1\" decoding=\"async\" src=\"https:\/\/i0.wp.com\/imagens.ebc.com.br\/t0fHO9_5FDH2xd9leFuy9GlTieE%3D\/754x0\/smart\/https%3A\/\/agenciabrasil.ebc.com.br\/sites\/default\/files\/thumbnails\/image\/2025\/06\/27\/joao_fonseca_sorteio_adversario_wimbledon_2025.jpg?w=696&#038;ssl=1\" alt=\"Jo\u00e3o Fonseca conhece advers\u00e1rio na primeira rodada de Wimbledon ap\u00f3s sorteio na manh\u00e3 de 27\/06\/2025\" title=\"Reprodu\u00e7\u00e3o Instagram\/Wimbledon\"\/><br \/>\n        <img data-recalc-dims=\"1\" decoding=\"async\" src=\"https:\/\/i0.wp.com\/imagens.ebc.com.br\/t0fHO9_5FDH2xd9leFuy9GlTieE%3D\/754x0\/smart\/https%3A\/\/agenciabrasil.ebc.com.br\/sites\/default\/files\/thumbnails\/image\/2025\/06\/27\/joao_fonseca_sorteio_adversario_wimbledon_2025.jpg?w=696&#038;ssl=1\" alt=\"Jo\u00e3o Fonseca conhece advers\u00e1rio na primeira rodada de Wimbledon ap\u00f3s sorteio na manh\u00e3 de 27\/06\/2025\" title=\"Reprodu\u00e7\u00e3o Instagram\/Wimbledon\"\/><br \/>\n    <!-- END scald=429246 --><\/div>\n<div class=\"dnd-caption-wrapper\">\n<p>O carioca Jo\u00e3o Fonseca, de 18 anos,\u00a0competir\u00e1 no Gran Slam lodrinno pela primeira vez na carreira na pr\u00f3xima segunda (30). O jogo de estreia ser\u00e1 contra o brit\u00e2nico Jacob Fearnley, de 23 anos\u00a0&#8211; <strong>Reprodu\u00e7\u00e3o Instagram\/Wimbledon<\/strong><!--END copyright=429246--><\/p>\n<\/div>\n<\/div>\n<h2>Estreias das duplas ser\u00e3o na quarta\u00a0(2 de julho)<\/h2>\n<p>Os primeiros confrontos da chave de duplas com presen\u00e7a de brasileiros est\u00e3o programados para quarta-feira (2 de julho)<strong>. C<\/strong><a href=\"https:\/\/agenciabrasil.ebc.com.br\/esportes\/noticia\/2025-06\/bia-haddad-conquista-titulo-de-duplas-femininas-no-wta-de-nottinhgam\" rel=\"noopener\"><strong>ampe\u00e3s no piso de grama do WTA 250 de Nottinghan<\/strong><\/a> (Inglaterra) no \u00faltimo domingo (22), Bia Haddad e a alem\u00e3 Laura Siegemund chegar\u00e3o embaladas na estreia contra as contra as norte-americanas Hailey Baptiste e Caty McNally.<\/p>\n<p><a href=\"https:\/\/agenciabrasil.ebc.com.br\/esportes\/noticia\/2025-05\/luisa-stefani-e-campea-do-torneio-de-duplas-do-wta-500-de-estrasburgo\" rel=\"noopener\"><strong>Rec\u00e9m-campe\u00e3s no saibro do WTA 500 de Estrasburgo,<\/strong><\/a> a parceria da paulista Luisa Stefani com a h\u00fangara Timea Babos disputar\u00e3o a primeira rodada contra a dupla da romena Jaqueline Cristian\u00a0com a belga Magali Kempen. Antes, neste s\u00e1bado (28), Stefani e Babos disputam as semifinais do WTA 500 de Bad Homburg\u00a0(Alemanha) contra a parceria da ucraniana Lyudmyla Kichenok com a\u00a0australiana Ellen Perez. O in\u00edcio da partida est\u00e1 previsto para \u00e0s 6h30 (hor\u00e1rio de Bras\u00edlia).\u00a0<\/p>\n<div class=\"dnd-widget-wrapper context-cheio_8colunas type-image\">\n<div class=\"dnd-atom-rendered\"><!-- scald=429294:cheio_8colunas --><br \/>\n            <img data-recalc-dims=\"1\" decoding=\"async\" src=\"https:\/\/i0.wp.com\/imagens.ebc.com.br\/ZBsqTw_MOEdpixHlSVSJAD9CiWc%3D\/754x0\/smart\/https%3A\/\/agenciabrasil.ebc.com.br\/sites\/default\/files\/thumbnails\/image\/2025\/06\/27\/complexo_de_wimbledon.jpg?w=696&#038;ssl=1\" alt=\"Complexo de Wimbledon - piso de grama - grand slam\" title=\"Reprodu\u00e7\u00e3o X \/Wimbledon\"\/><br \/>\n        <img data-recalc-dims=\"1\" decoding=\"async\" src=\"https:\/\/i0.wp.com\/imagens.ebc.com.br\/ZBsqTw_MOEdpixHlSVSJAD9CiWc%3D\/754x0\/smart\/https%3A\/\/agenciabrasil.ebc.com.br\/sites\/default\/files\/thumbnails\/image\/2025\/06\/27\/complexo_de_wimbledon.jpg?w=696&#038;ssl=1\" alt=\"Complexo de Wimbledon - piso de grama - grand slam\" title=\"Reprodu\u00e7\u00e3o X \/Wimbledon\"\/><br \/>\n    <!-- END scald=429294 --><\/div>\n<div class=\"dnd-caption-wrapper\">\n<p><!--copyright=429294-->Disputas da chave de simples do\u00a0terceiro Grand Slam da temporada ser\u00e3o disputadas no\u00a0Complexo de Wimbledon, em Londres, a partir de segunda-feira (30)\u00a0&#8211; <strong>Reprodu\u00e7\u00e3o X \/Wimbledon<\/strong><!--END copyright=429294--><\/p>\n<\/div>\n<\/div>\n<p>Na disputa masculina s\u00e3o tr\u00eas duplas, sendo que uma 100% verde e amarela, formada por Marcelo Melo e Rafael Matos. Eles enfrentar\u00e3o na estreia a parceria do compatriota Orlando Luz com o croata Ivan Dodig.<\/p>\n<p>J\u00e1 a primeira rodada da dupla do carioca Fernando Rombolli com o australiano John-Patrick Smith (AUS)\u00a0ser\u00e1 contra os norte-americanos competira com os norte-americanos Mackenzie McDonald e Alex Michelsen.<\/p>\n<p>Quem tamb\u00e9m enfrentar\u00e1 norte-americanos na estreia ser\u00e1 a parceria do ga\u00facho Marcelo Demoliner com o argentino Guido Andreozzi. Eles enfrenar\u00e3o Christian Harrison e Evan King.<\/p>\n<p>Os hor\u00e1rios das partidas ainda ser\u00e3o anunciados pelos organizadores do torneio, cuja primeira edi\u00e7\u00e3o ocorreu em 1877.\u00a0<\/p>\n<p>      <!-- Relacionada --><\/p>\n<p>            <!-- Relacionada -->\n    <\/div>\n<p><br \/>\n<br \/><a href=\"https:\/\/agenciabrasil.ebc.com.br\/esportes\/noticia\/2025-06\/definidos-os-adversarios-de-8-brasileiros-na-1a-rodada-de-wimbledon\" rel=\"noopener\">Ag\u00eancia Brasil<\/a><\/p>\n","protected":false},"excerpt":{"rendered":"<p>Os oito tenistas brasileiros confirmados no Torneio de Wimbledon, o mais antigo\u00a0e prestigiado do circuito mundial de t\u00eanis, j\u00e1 sabem quem ir\u00e3o enfrentar na primeira rodada. Os advers\u00e1rios foram definidos por sorteio sexta-feira (27). Os primeiros a estrearem no piso de grama londrino, na pr\u00f3xima segunda (30), ser\u00e3o a paulista Beatriz Haddad Maia e o [&hellip;]<\/p>\n","protected":false},"author":1,"featured_media":21131,"comment_status":"open","ping_status":"open","sticky":false,"template":"","format":"standard","meta":{"_jetpack_newsletter_access":"","_jetpack_dont_email_post_to_subs":false,"_jetpack_newsletter_tier_id":0,"_jetpack_memberships_contains_paywalled_content":false,"_mbp_banners":[],"_jetpack_feature_clip_id":0,"_jetpack_memberships_contains_paid_content":false,"footnotes":"","jetpack_publicize_message":"","jetpack_publicize_feature_enabled":true,"jetpack_social_post_already_shared":true,"jetpack_social_options":{"image_generator_settings":{"template":"highway","default_image_id":0,"font":"","enabled":false},"version":2},"jetpack_post_was_ever_published":false},"categories":[23],"tags":[],"class_list":["post-37624","post","type-post","status-publish","format-standard","has-post-thumbnail","category-esportes"],"jetpack_publicize_connections":[],"jetpack-related-posts":[],"jetpack_shortlink":"https:\/\/wp.me\/p7Eq1F-9MQ","jetpack_sharing_enabled":true,"jetpack_featured_media_url":"https:\/\/i0.wp.com\/guialimeira.com.br\/news\/wp-content\/uploads\/2025\/01\/2024-07-06t172133z_1950298596_up1ek761c7vik_rtrmadp_3_tennis-wimbledon.jpg?fit=1600%2C800&ssl=1","_links":{"self":[{"href":"https:\/\/guialimeira.com.br\/news\/wp-json\/wp\/v2\/posts\/37624","targetHints":{"allow":["GET"]}}],"collection":[{"href":"https:\/\/guialimeira.com.br\/news\/wp-json\/wp\/v2\/posts"}],"about":[{"href":"https:\/\/guialimeira.com.br\/news\/wp-json\/wp\/v2\/types\/post"}],"author":[{"embeddable":true,"href":"https:\/\/guialimeira.com.br\/news\/wp-json\/wp\/v2\/users\/1"}],"replies":[{"embeddable":true,"href":"https:\/\/guialimeira.com.br\/news\/wp-json\/wp\/v2\/comments?post=37624"}],"version-history":[{"count":0,"href":"https:\/\/guialimeira.com.br\/news\/wp-json\/wp\/v2\/posts\/37624\/revisions"}],"wp:featuredmedia":[{"embeddable":true,"href":"https:\/\/guialimeira.com.br\/news\/wp-json\/wp\/v2\/media\/21131"}],"wp:attachment":[{"href":"https:\/\/guialimeira.com.br\/news\/wp-json\/wp\/v2\/media?parent=37624"}],"wp:term":[{"taxonomy":"category","embeddable":true,"href":"https:\/\/guialimeira.com.br\/news\/wp-json\/wp\/v2\/categories?post=37624"},{"taxonomy":"post_tag","embeddable":true,"href":"https:\/\/guialimeira.com.br\/news\/wp-json\/wp\/v2\/tags?post=37624"}],"curies":[{"name":"wp","href":"https:\/\/api.w.org\/{rel}","templated":true}]}}