{"id":37614,"date":"2025-06-27T19:21:41","date_gmt":"2025-06-27T22:21:41","guid":{"rendered":"https:\/\/guialimeira.com.br\/2025\/06\/27\/selecao-feminina-e-derrotada-em-ultimo-teste-antes-da-copa-america\/"},"modified":"2025-06-27T19:21:41","modified_gmt":"2025-06-27T22:21:41","slug":"selecao-feminina-e-derrotada-em-ultimo-teste-antes-da-copa-america","status":"publish","type":"post","link":"https:\/\/guialimeira.com.br\/news\/selecao-feminina-e-derrotada-em-ultimo-teste-antes-da-copa-america\/","title":{"rendered":"Sele\u00e7\u00e3o feminina \u00e9 derrotada em \u00faltimo teste antes da Copa Am\u00e9rica"},"content":{"rendered":"<p> <br \/>\n<\/p>\n<div>\n<p>A sele\u00e7\u00e3o brasileira de futebol feminino foi derrotada de virada por 3 a 2 pela Fran\u00e7a, na tarde desta sexta-feira (27) no est\u00e1dio Jacques Forestier, em Aix-les-Bains, em seu \u00faltimo amistoso de prepara\u00e7\u00e3o para a Copa Am\u00e9rica da modalidade, que ser\u00e1 disputada entre os dias 12 de julho e 2 de agosto no Equador.<img data-recalc-dims=\"1\" decoding=\"async\" src=\"https:\/\/i0.wp.com\/agenciabrasil.ebc.com.br\/ebc.png?w=696&#038;ssl=1\" style=\"width:1px; height:1px; display:inline;\"\/><img data-recalc-dims=\"1\" decoding=\"async\" src=\"https:\/\/i0.wp.com\/agenciabrasil.ebc.com.br\/ebc.gif?w=696&#038;ssl=1\" style=\"width:1px; height:1px; display:inline;\"\/><\/p>\n<blockquote class=\"twitter-tweet\">\n<p dir=\"ltr\" lang=\"pt\" xml:lang=\"pt\">51\u2019 | 2T &#8211; FIM DE JOGO!<\/p>\n<p>\ud83c\uddeb\ud83c\uddf7 3-2 \ud83c\udde7\ud83c\uddf7<\/p>\n<p>A Sele\u00e7\u00e3o Brasileira estreia na Copa Am\u00e9rica contra a Venezuela, em 13 de julho. As disputas acontecem no Equador de 12 de julho a 2 de agosto.<\/p>\n<p>\ud83d\udcf8 L\u00edvia Villas Boas \/ CBF <a href=\"https:\/\/t.co\/jVoOVIL6Zk\">pic.twitter.com\/jVoOVIL6Zk<\/a><\/p>\n<p>\u2014 Sele\u00e7\u00e3o Feminina de Futebol (@SelecaoFeminina) <a href=\"https:\/\/twitter.com\/SelecaoFeminina\/status\/1938706609380770232?ref_src=twsrc%5Etfw\" rel=\"noopener\">June 27, 2025<\/a><\/p><\/blockquote>\n<p>Mesmo atuando na condi\u00e7\u00e3o de visitante, a equipe comandada pelo t\u00e9cnico Arthur Elias come\u00e7ou o confronto em alta intensidade, pressionando muito as francesas. E esta aposta deu resultado logo nos primeiros minutos. Aos 6 minutos da etapa inicial, Kerolin tocou em profundidade para Luany, que bateu na sa\u00edda da goleira Peyraud-Magnin.<\/p>\n<p>Cinco minutos depois Kerolin deixou o papel de arco e assumiu o de flecha para ampliar ap\u00f3s receber passe de Duda Sampaio.<\/p>\n<p>Por\u00e9m, com a desvantagem no placar a Fran\u00e7a assumiu o controle das a\u00e7\u00f5es e conseguiu descontar ainda antes do intervalo. Aos 44 minutos a volante Geyoro aproveitou rebote dado pela goleira Lorena ap\u00f3s finaliza\u00e7\u00e3o de Diani para chutar para o fundo do gol.<\/p>\n<p>Se a etapa inicial foi de predom\u00ednio brasileiro, o segundo tempo foi todo da Fran\u00e7a. Aos 10 minutos as donas da casa empataram gra\u00e7as a outro gol de Geyoro. E, aos 30, a atacante Katoto, que entrou na etapa final, deu n\u00fameros finais ao placar com um belo gol de cabe\u00e7a.<\/p>\n<p>Agora a sele\u00e7\u00e3o brasileira volta a entrar em a\u00e7\u00e3o apenas no dia 13 de julho, quando estreia na Copa Am\u00e9rica a partir das 21h (hor\u00e1rio de Bras\u00edlia) diante da Venezuela no Est\u00e1dio Chillogallo, em Quito (Equador).<\/p>\n<p>      <!-- Relacionada --><\/p>\n<p>            <!-- Relacionada -->\n    <\/div>\n<p><script async src=\"\/\/platform.twitter.com\/widgets.js\" charset=\"utf-8\"><\/script><br \/>\n<br \/><br \/>\n<br \/><a href=\"https:\/\/agenciabrasil.ebc.com.br\/esportes\/noticia\/2025-06\/selecao-feminina-e-derrotada-em-ultimo-teste-antes-da-copa-america\" rel=\"noopener\">Ag\u00eancia Brasil<\/a><\/p>\n","protected":false},"excerpt":{"rendered":"<p>A sele\u00e7\u00e3o brasileira de futebol feminino foi derrotada de virada por 3 a 2 pela Fran\u00e7a, na tarde desta sexta-feira (27) no est\u00e1dio Jacques Forestier, em Aix-les-Bains, em seu \u00faltimo amistoso de prepara\u00e7\u00e3o para a Copa Am\u00e9rica da modalidade, que ser\u00e1 disputada entre os dias 12 de julho e 2 de agosto no Equador. 51\u2019 [&hellip;]<\/p>\n","protected":false},"author":1,"featured_media":37615,"comment_status":"open","ping_status":"open","sticky":false,"template":"","format":"standard","meta":{"_jetpack_newsletter_access":"","_jetpack_dont_email_post_to_subs":false,"_jetpack_newsletter_tier_id":0,"_jetpack_memberships_contains_paywalled_content":false,"_mbp_banners":[],"_jetpack_feature_clip_id":0,"_jetpack_memberships_contains_paid_content":false,"footnotes":"","jetpack_publicize_message":"","jetpack_publicize_feature_enabled":true,"jetpack_social_post_already_shared":true,"jetpack_social_options":{"image_generator_settings":{"template":"highway","default_image_id":0,"font":"","enabled":false},"version":2},"jetpack_post_was_ever_published":false},"categories":[23],"tags":[],"class_list":["post-37614","post","type-post","status-publish","format-standard","has-post-thumbnail","category-esportes"],"jetpack_publicize_connections":[],"jetpack-related-posts":[],"jetpack_shortlink":"https:\/\/wp.me\/p7Eq1F-9MG","jetpack_sharing_enabled":true,"jetpack_featured_media_url":"https:\/\/i0.wp.com\/guialimeira.com.br\/news\/wp-content\/uploads\/2025\/06\/54618326000_fce476241c_o.jpg?fit=1600%2C800&ssl=1","_links":{"self":[{"href":"https:\/\/guialimeira.com.br\/news\/wp-json\/wp\/v2\/posts\/37614","targetHints":{"allow":["GET"]}}],"collection":[{"href":"https:\/\/guialimeira.com.br\/news\/wp-json\/wp\/v2\/posts"}],"about":[{"href":"https:\/\/guialimeira.com.br\/news\/wp-json\/wp\/v2\/types\/post"}],"author":[{"embeddable":true,"href":"https:\/\/guialimeira.com.br\/news\/wp-json\/wp\/v2\/users\/1"}],"replies":[{"embeddable":true,"href":"https:\/\/guialimeira.com.br\/news\/wp-json\/wp\/v2\/comments?post=37614"}],"version-history":[{"count":0,"href":"https:\/\/guialimeira.com.br\/news\/wp-json\/wp\/v2\/posts\/37614\/revisions"}],"wp:featuredmedia":[{"embeddable":true,"href":"https:\/\/guialimeira.com.br\/news\/wp-json\/wp\/v2\/media\/37615"}],"wp:attachment":[{"href":"https:\/\/guialimeira.com.br\/news\/wp-json\/wp\/v2\/media?parent=37614"}],"wp:term":[{"taxonomy":"category","embeddable":true,"href":"https:\/\/guialimeira.com.br\/news\/wp-json\/wp\/v2\/categories?post=37614"},{"taxonomy":"post_tag","embeddable":true,"href":"https:\/\/guialimeira.com.br\/news\/wp-json\/wp\/v2\/tags?post=37614"}],"curies":[{"name":"wp","href":"https:\/\/api.w.org\/{rel}","templated":true}]}}