{"id":3759,"date":"2024-05-04T12:53:52","date_gmt":"2024-05-04T15:53:52","guid":{"rendered":"https:\/\/guialimeira.com.br\/2024\/05\/04\/governo-de-sp-lanca-campanha-para-arrecadar-doacoes-para-as-vitimas-das-chuvas-no-rs\/"},"modified":"2024-05-04T12:53:52","modified_gmt":"2024-05-04T15:53:52","slug":"governo-de-sp-lanca-campanha-para-arrecadar-doacoes-para-as-vitimas-das-chuvas-no-rs","status":"publish","type":"post","link":"https:\/\/guialimeira.com.br\/news\/governo-de-sp-lanca-campanha-para-arrecadar-doacoes-para-as-vitimas-das-chuvas-no-rs\/","title":{"rendered":"Governo de SP lan\u00e7a campanha para arrecadar doa\u00e7\u00f5es para as v\u00edtimas das chuvas no RS"},"content":{"rendered":"<p> <br \/>\n<\/p>\n<div id=\"\">&#13;<br \/>\n                                <!-- Title -->&#13;<br \/>\n                                &#13;<br \/>\n&#13;<br \/>\n                                <!-- Excerpt -->&#13;<\/p>\n<p class=\"excerpt\">Iniciativa do Governo de SP quer arrecadar \u00e1gua pot\u00e1vel e materiais de higiene e limpeza. Insumos poder\u00e3o ser entregues no dep\u00f3sito do Fundo<\/p>\n<p>&#13;<br \/>\n&#13;<br \/>\n                                &#13;\n                            <\/p><\/div>\n<div id=\"\">&#13;<\/p>\n<figure id=\"attachment_5877804\" style=\"width: 100%;max-width: 772px\" class=\"wp-caption alignnone\"><img data-recalc-dims=\"1\" decoding=\"async\" loading=\"lazy\" class=\"wp-image-5877804\" src=\"https:\/\/i0.wp.com\/www.saopaulo.sp.gov.br\/wp-content\/uploads\/2024\/05\/Ajuda-ao-RS-300x200.jpg?resize=696%2C464&#038;ssl=1\" alt=\"Bombeiro\" width=\"696\" height=\"464\" srcset=\"https:\/\/www.saopaulo.sp.gov.br\/wp-content\/uploads\/2024\/05\/Ajuda-ao-RS-300x200.jpg 300w, https:\/\/www.saopaulo.sp.gov.br\/wp-content\/uploads\/2024\/05\/Ajuda-ao-RS-1024x683.jpg 1024w, https:\/\/www.saopaulo.sp.gov.br\/wp-content\/uploads\/2024\/05\/Ajuda-ao-RS-768x512.jpg 768w, https:\/\/www.saopaulo.sp.gov.br\/wp-content\/uploads\/2024\/05\/Ajuda-ao-RS-1536x1024.jpg 1536w, https:\/\/www.saopaulo.sp.gov.br\/wp-content\/uploads\/2024\/05\/Ajuda-ao-RS-2048x1365.jpg 2048w\" sizes=\"auto, (max-width: 772px) 100vw, 772px\"\/><figcaption class=\"wp-caption-text\">S\u00e3o Paulo tem miss\u00e3o de ajuda em atua\u00e7\u00e3o no RS<\/figcaption><\/figure>\n<p>O Fundo Social de S\u00e3o Paulo (FUSSP) e a Defesa Civil do Estado iniciam neste domingo (5) a uma campanha humanit\u00e1ria em <a href=\"https:\/\/www.saopaulo.sp.gov.br\/spnoticias\/ultimas-noticias\/sp-reforca-ajuda-de-aeronaves-e-profissionais-ao-rs-com-cerca-de-1-300-atendimentos\/\" rel=\"noopener\">prol das v\u00edtimas das recentes chuvas no Estado do Rio Grande do Sul.<\/a> A a\u00e7\u00e3o do Governo de SP tem como objetivo arrecadar \u00e1gua pot\u00e1vel, itens de higiene e limpeza para fornecer assist\u00eancia \u00e0s comunidades afetadas.<\/p>\n<p>As doa\u00e7\u00f5es devem ser entregues no dep\u00f3sito do Fundo Social, localizado na Avenida Marechal M\u00e1rio Guedes, 301, no bairro do Jaguar\u00e9 na Capital. O local estar\u00e1 aberto a partir das 8h deste domingo para receber as doa\u00e7\u00f5es. Durante a semana, as doa\u00e7\u00f5es poder\u00e3o ser entregues das 8h \u00e0s 17h no mesmo local. O transporte dos insumos para o Rio Grande do Sul ser\u00e1 feito pelas companhias a\u00e9reas Gol e Azul que se voluntariaram para enviar as doa\u00e7\u00f5es por meio a\u00e9reo, devido os diversos bloqueios nas estradas.<\/p>\n<p>Em prepara\u00e7\u00e3o para o in\u00edcio da campanha, os funcion\u00e1rios do FUSSP dedicar\u00e3o o s\u00e1bado para organizar o local de recebimento das doa\u00e7\u00f5es, garantindo uma log\u00edstica eficiente e \u00e1gil para o processo de coleta.<\/p>\n<p>\u00c9 importante destacar que, em conson\u00e2ncia com as orienta\u00e7\u00f5es da Defesa Civil do Estado, \u00e9 recomendado que as pessoas evitem deslocar-se at\u00e9 o Estado do Rio Grande do Sul para realizar suas doa\u00e7\u00f5es. Concentrar o envio de materiais atrav\u00e9s do Fundo Social evitar\u00e1 sobrecarregar as vias de acesso e escoamento do Estado, bem como a infraestrutura local.<\/p>\n<p>Os produtos devem ser entregues com o lacre original para garantir a integridade e seguran\u00e7a durante o transporte e distribui\u00e7\u00e3o. Isso evita contamina\u00e7\u00e3o, vazamentos ou danos que possam comprometer a utilidade dos itens, assegurando que cheguem em boas condi\u00e7\u00f5es \u00e0s comunidades necessitadas. Al\u00e9m disso, a entrega lacrada facilita o controle de qualidade e permite uma distribui\u00e7\u00e3o mais organizada e eficiente dos recursos dispon\u00edveis.<\/p>\n<p>A equipe da Defesa Civil de S\u00e3o Paulo que se encontra no Rio Grande do Sul est\u00e1 apoiando com a montagem de um centro log\u00edstico humanit\u00e1rio na cidade de Estrela, regi\u00e3o de Lajeado. De l\u00e1, eles coordenar\u00e3o em conjunto com as autoridades ga\u00fachas quais as regi\u00f5es priorit\u00e1rias para o envio das doa\u00e7\u00f5es.<\/p>\n<p>O Fundo Social de S\u00e3o Paulo e a Defesa Civil do Estado reiteram seus compromissos em proporcionar aux\u00edlio e assist\u00eancia \u00e0s regi\u00f5es atingidas por desastres naturais, unindo esfor\u00e7os para promover a reconstru\u00e7\u00e3o e a recupera\u00e7\u00e3o das comunidades afetadas.<\/p>\n<\/p><\/div>\n<p><br \/>\n<br \/><a href=\"https:\/\/www.saopaulo.sp.gov.br\/spnoticias\/ultimas-noticias\/governo-de-sp-lanca-campanha-para-arrecadar-doacoes-para-as-vitimas-das-chuvas-no-rs\/\" rel=\"noopener\">Informa\u00e7\u00f5es GOV.SP<\/a><\/p>\n","protected":false},"excerpt":{"rendered":"<p>&#13; &#13; &#13; &#13; &#13; Iniciativa do Governo de SP quer arrecadar \u00e1gua pot\u00e1vel e materiais de higiene e limpeza. Insumos poder\u00e3o ser entregues no dep\u00f3sito do Fundo &#13; &#13; &#13; &#13; S\u00e3o Paulo tem miss\u00e3o de ajuda em atua\u00e7\u00e3o no RS O Fundo Social de S\u00e3o Paulo (FUSSP) e a Defesa Civil do Estado [&hellip;]<\/p>\n","protected":false},"author":1,"featured_media":3760,"comment_status":"open","ping_status":"open","sticky":false,"template":"","format":"standard","meta":{"_jetpack_newsletter_access":"","_jetpack_dont_email_post_to_subs":false,"_jetpack_newsletter_tier_id":0,"_jetpack_memberships_contains_paywalled_content":false,"_mbp_banners":[],"_jetpack_feature_clip_id":0,"_jetpack_memberships_contains_paid_content":false,"footnotes":"","jetpack_publicize_message":"","jetpack_publicize_feature_enabled":true,"jetpack_social_post_already_shared":true,"jetpack_social_options":{"image_generator_settings":{"template":"highway","default_image_id":0,"font":"","enabled":false},"version":2},"jetpack_post_was_ever_published":false},"categories":[21],"tags":[],"class_list":["post-3759","post","type-post","status-publish","format-standard","has-post-thumbnail","category-sp-news"],"jetpack_publicize_connections":[],"jetpack-related-posts":[],"jetpack_shortlink":"https:\/\/wp.me\/p7Eq1F-YD","jetpack_sharing_enabled":true,"jetpack_featured_media_url":"https:\/\/i0.wp.com\/guialimeira.com.br\/news\/wp-content\/uploads\/2024\/05\/Governo-de-SP-lanca-campanha-para-arrecadar-doacoes-para-as.jpg?fit=300%2C200&ssl=1","_links":{"self":[{"href":"https:\/\/guialimeira.com.br\/news\/wp-json\/wp\/v2\/posts\/3759","targetHints":{"allow":["GET"]}}],"collection":[{"href":"https:\/\/guialimeira.com.br\/news\/wp-json\/wp\/v2\/posts"}],"about":[{"href":"https:\/\/guialimeira.com.br\/news\/wp-json\/wp\/v2\/types\/post"}],"author":[{"embeddable":true,"href":"https:\/\/guialimeira.com.br\/news\/wp-json\/wp\/v2\/users\/1"}],"replies":[{"embeddable":true,"href":"https:\/\/guialimeira.com.br\/news\/wp-json\/wp\/v2\/comments?post=3759"}],"version-history":[{"count":0,"href":"https:\/\/guialimeira.com.br\/news\/wp-json\/wp\/v2\/posts\/3759\/revisions"}],"wp:featuredmedia":[{"embeddable":true,"href":"https:\/\/guialimeira.com.br\/news\/wp-json\/wp\/v2\/media\/3760"}],"wp:attachment":[{"href":"https:\/\/guialimeira.com.br\/news\/wp-json\/wp\/v2\/media?parent=3759"}],"wp:term":[{"taxonomy":"category","embeddable":true,"href":"https:\/\/guialimeira.com.br\/news\/wp-json\/wp\/v2\/categories?post=3759"},{"taxonomy":"post_tag","embeddable":true,"href":"https:\/\/guialimeira.com.br\/news\/wp-json\/wp\/v2\/tags?post=3759"}],"curies":[{"name":"wp","href":"https:\/\/api.w.org\/{rel}","templated":true}]}}