{"id":375,"date":"2024-03-29T18:56:46","date_gmt":"2024-03-29T21:56:46","guid":{"rendered":"https:\/\/guialimeira.com.br\/2024\/03\/29\/prefeitura-municipal-de-americana-6\/"},"modified":"2024-03-29T18:56:46","modified_gmt":"2024-03-29T21:56:46","slug":"prefeitura-municipal-de-americana-6","status":"publish","type":"post","link":"https:\/\/guialimeira.com.br\/news\/prefeitura-municipal-de-americana-6\/","title":{"rendered":"Prefeitura Municipal de Americana"},"content":{"rendered":"<p> <br \/>\n<\/p>\n<div>\n<div class=\"row d-flex align-items-center mb-4\">\n<div class=\"col-md-6\">\n<p>\n\t\t\t\t\t\t\t\t\t\tPublicada em 27 de Mar\u00e7o de 2024 \u00e0s 19h40\n\t\t\t\t\t\t\t\t\t<\/p>\n<\/p><\/div>\n<\/p><\/div>\n<div class=\"mb-5\">A Prefeitura de Americana, por meio da Secretaria de Cultura e Turismo, divulgou nesta quarta-feira (27) os aprovados na primeira fase do processo seletivo para novos alunos em dez cursos livres da Escola Municipal de M\u00fasica Heitor Villa-Lobos. <\/p>\n<p>A lista com os nomes, os respectivos cursos e as datas da segunda fase est\u00e3o dispon\u00edveis no banner espec\u00edfico sobre o assunto na p\u00e1gina inicial no site da Prefeitura: www.americana.sp.gov.br.<\/p>\n<p>Ao todo, s\u00e3o 124 vagas dispon\u00edveis. As inscri\u00e7\u00f5es para o Coral Infantil foram prorrogadas at\u00e9 o dia 5 de abril e devem ser realizadas presencialmente na secretaria da escola, no CCL (Centro de Cultura e Lazer). O endere\u00e7o \u00e9 Avenida Brasil, 1.293. A escola funciona de segunda a sexta-feira, das 7h \u00e0s 10h30 e das 12h30 \u00e0s 17h. As vagas ser\u00e3o preenchidas por ordem de chegada.<\/p>\n<p>Os candidatos aprovados receber\u00e3o um e-mail com a data e o hor\u00e1rio da entrevista presencial da segunda fase, que acontecer\u00e1 entre os dias 1\u00ba e 5 de abril na pr\u00f3pria escola. A lista geral de aprovados ser\u00e1 conhecida no dia 5 de abril e as aulas ter\u00e3o in\u00edcio no dia 8.<\/p>\n<p>&#8220;Os cursos da Escola Municipal de M\u00fasica, mantida pela Prefeitura, s\u00e3o de alta qualidade e formam m\u00fasicos excelentes&#8221;, diz a secret\u00e1ria de Cultura e Turismo de Americana, Marcia Gonzaga Faria.<\/p>\n<p>Os novos alunos v\u00e3o preencher vagas nas aulas de Acordeom, Banda Sinf\u00f4nica Villa-Lobos, Combo Instrumental de M\u00fasica Popular, Contrabaixo El\u00e9trico, Coral infantil, Guitarra El\u00e9trica, Harmonia e Improvisa\u00e7\u00e3o, Orquestra Sinf\u00f4nica Villa-Lobos, Ritmos Brasileiros (percuss\u00e3o) e Teoria Musical.<\/p>\n<p>Texto: Rodrigo Francischangelis\n                            <\/p>\n<\/div><\/div>\n<p><script async defer crossorigin=\"anonymous\" src=\"https:\/\/connect.facebook.net\/pt_BR\/sdk.js#xfbml=1&#038;version=v5.0\"><\/script><br \/>\n<br \/><br \/>\n<br \/><a href=\"https:\/\/www.americana.sp.gov.br\/americana-index.php?a=noticia&#038;id=30461\" rel=\"noopener\">Informa\u00e7\u00f5es PMA<\/a><\/p>\n","protected":false},"excerpt":{"rendered":"<p>Publicada em 27 de Mar\u00e7o de 2024 \u00e0s 19h40 A Prefeitura de Americana, por meio da Secretaria de Cultura e Turismo, divulgou nesta quarta-feira (27) os aprovados na primeira fase do processo seletivo para novos alunos em dez cursos livres da Escola Municipal de M\u00fasica Heitor Villa-Lobos. A lista com os nomes, os respectivos cursos [&hellip;]<\/p>\n","protected":false},"author":1,"featured_media":0,"comment_status":"open","ping_status":"open","sticky":false,"template":"","format":"standard","meta":{"_jetpack_newsletter_access":"","_jetpack_dont_email_post_to_subs":false,"_jetpack_newsletter_tier_id":0,"_jetpack_memberships_contains_paywalled_content":false,"_mbp_banners":[],"_jetpack_feature_clip_id":0,"_jetpack_memberships_contains_paid_content":false,"footnotes":"","jetpack_publicize_message":"","jetpack_publicize_feature_enabled":true,"jetpack_social_post_already_shared":true,"jetpack_social_options":{"image_generator_settings":{"template":"highway","default_image_id":0,"font":"","enabled":false},"version":2},"jetpack_post_was_ever_published":false},"categories":[20],"tags":[],"class_list":["post-375","post","type-post","status-publish","format-standard","category-regiao"],"jetpack_publicize_connections":[],"jetpack-related-posts":[],"jetpack_shortlink":"https:\/\/wp.me\/p7Eq1F-63","jetpack_sharing_enabled":true,"jetpack_featured_media_url":"","_links":{"self":[{"href":"https:\/\/guialimeira.com.br\/news\/wp-json\/wp\/v2\/posts\/375","targetHints":{"allow":["GET"]}}],"collection":[{"href":"https:\/\/guialimeira.com.br\/news\/wp-json\/wp\/v2\/posts"}],"about":[{"href":"https:\/\/guialimeira.com.br\/news\/wp-json\/wp\/v2\/types\/post"}],"author":[{"embeddable":true,"href":"https:\/\/guialimeira.com.br\/news\/wp-json\/wp\/v2\/users\/1"}],"replies":[{"embeddable":true,"href":"https:\/\/guialimeira.com.br\/news\/wp-json\/wp\/v2\/comments?post=375"}],"version-history":[{"count":0,"href":"https:\/\/guialimeira.com.br\/news\/wp-json\/wp\/v2\/posts\/375\/revisions"}],"wp:attachment":[{"href":"https:\/\/guialimeira.com.br\/news\/wp-json\/wp\/v2\/media?parent=375"}],"wp:term":[{"taxonomy":"category","embeddable":true,"href":"https:\/\/guialimeira.com.br\/news\/wp-json\/wp\/v2\/categories?post=375"},{"taxonomy":"post_tag","embeddable":true,"href":"https:\/\/guialimeira.com.br\/news\/wp-json\/wp\/v2\/tags?post=375"}],"curies":[{"name":"wp","href":"https:\/\/api.w.org\/{rel}","templated":true}]}}