{"id":3737,"date":"2024-05-04T05:20:44","date_gmt":"2024-05-04T08:20:44","guid":{"rendered":"https:\/\/guialimeira.com.br\/2024\/05\/04\/acoes-marcam-dia-nacional-do-uso-racional-de-medicamentos-portal-do-municipio-de-piracicaba\/"},"modified":"2024-05-04T05:20:44","modified_gmt":"2024-05-04T08:20:44","slug":"acoes-marcam-dia-nacional-do-uso-racional-de-medicamentos-portal-do-municipio-de-piracicaba","status":"publish","type":"post","link":"https:\/\/guialimeira.com.br\/news\/acoes-marcam-dia-nacional-do-uso-racional-de-medicamentos-portal-do-municipio-de-piracicaba\/","title":{"rendered":"A\u00e7\u00f5es marcam Dia Nacional do Uso Racional de Medicamentos \u2013 Portal do Munic\u00edpio de Piracicaba"},"content":{"rendered":"<p> <br \/>\n<\/p>\n<div>\n<figure class=\"text-center\">\n<img data-recalc-dims=\"1\" width=\"696\" height=\"464\" src=\"https:\/\/i0.wp.com\/piracicaba.sp.gov.br\/wp-content\/uploads\/2024\/05\/Uso-Racional-de-Medicamentos-e-tema-de-acoes-da-Secretaria-de-Saude-ao-longo-do-mes-de-maio-1024x683.jpg?resize=696%2C464&#038;ssl=1\" class=\"img-fluid img-thumbnail border-1 wp-post-image\" alt=\"Uso Racional de Medicamentos \u00e9 tema de a\u00e7\u00f5es da Secretaria de Sa\u00fade ao longo do m\u00eas de maio\" itemprop=\"image\" decoding=\"async\" fetchpriority=\"high\" srcset=\"https:\/\/piracicaba.sp.gov.br\/wp-content\/uploads\/2024\/05\/Uso-Racional-de-Medicamentos-e-tema-de-acoes-da-Secretaria-de-Saude-ao-longo-do-mes-de-maio-1024x683.jpg 1024w, https:\/\/piracicaba.sp.gov.br\/wp-content\/uploads\/2024\/05\/Uso-Racional-de-Medicamentos-e-tema-de-acoes-da-Secretaria-de-Saude-ao-longo-do-mes-de-maio-300x200.jpg 300w, https:\/\/piracicaba.sp.gov.br\/wp-content\/uploads\/2024\/05\/Uso-Racional-de-Medicamentos-e-tema-de-acoes-da-Secretaria-de-Saude-ao-longo-do-mes-de-maio-768x512.jpg 768w, https:\/\/piracicaba.sp.gov.br\/wp-content\/uploads\/2024\/05\/Uso-Racional-de-Medicamentos-e-tema-de-acoes-da-Secretaria-de-Saude-ao-longo-do-mes-de-maio-1536x1024.jpg 1536w, https:\/\/piracicaba.sp.gov.br\/wp-content\/uploads\/2024\/05\/Uso-Racional-de-Medicamentos-e-tema-de-acoes-da-Secretaria-de-Saude-ao-longo-do-mes-de-maio-2048x1365.jpg 2048w\" sizes=\"(max-width: 1024px) 100vw, 1024px\"\/><figcaption class=\"text-center small fw-bold fst-italic mt-1\">Uso Racional de Medicamentos \u00e9 tema de a\u00e7\u00f5es da Secretaria de Sa\u00fade ao longo do m\u00eas de maio<\/figcaption><\/figure>\n<p>Para marcar o Dia Nacional do Uso Racional de Medicamentos (05\/05) \u2013 data criada para alertar a popula\u00e7\u00e3o sobre a necessidade de utiliza\u00e7\u00e3o correta desses produtos, conforme a orienta\u00e7\u00e3o de profissionais de sa\u00fade e os riscos da automedica\u00e7\u00e3o \u2013, a Secretaria de Sa\u00fade, por meio do Departamento de Assist\u00eancia Farmac\u00eautica (DAF), em parceria com o Conselho Regional de Farm\u00e1cia (CRF-SP) seccional Piracicaba e o curso de farm\u00e1cia da Universidade Anhembi-Morumbi (UAM), v\u00e3o realizar atividades durante o m\u00eas com foco na qualifica\u00e7\u00e3o profissional na rede de sa\u00fade municipal e orienta\u00e7\u00e3o permanente \u00e0 popula\u00e7\u00e3o.<\/p>\n<p>As primeiras atividades est\u00e3o previstas para os dias 6 e 16\/05, das 13h \u00e0s 16h, no Anfiteatro da Secretaria de Educa\u00e7\u00e3o (rua Cristiano Cleopath, 1.902, bairro dos Alem\u00e3es), com capacita\u00e7\u00e3o de cerca de 330 Agentes Comunit\u00e1rios de Sa\u00fade (ACSs); no dia 20\/05, acontece palestra para cerca de 130 farmac\u00eauticos e estudantes de farm\u00e1cia com o tema Plano de condutas farmac\u00eauticas frente \u00e0 identifica\u00e7\u00e3o dos PRMs e a interface com o m\u00e9dico. Al\u00e9m de uma a\u00e7\u00e3o cont\u00ednua ao longo do m\u00eas em todas as Unidades B\u00e1sicas de Sa\u00fade de Piracicaba voltada aos pacientes.<\/p>\n<p>Ana Raquel Passari Faggin de Castro, diretora do DAF\/SMS, refor\u00e7ou que a programa\u00e7\u00e3o diferenciada no m\u00eas de maio busca envolver a comunidade, o profissional farmac\u00eautico e agentes comunit\u00e1rios de sa\u00fade (ACS). \u201cO objetivo do evento \u00e9 discutir e conscientizar a sociedade piracicabana quanto aos riscos \u00e0 sa\u00fade causados pela automedica\u00e7\u00e3o e uso indiscriminado de medicamentos, respons\u00e1veis por altos \u00edndices de intoxica\u00e7\u00e3o registrados no Brasil, al\u00e9m de capacitar os ACSs quanto aos aspectos relacionados aos medicamentos como defini\u00e7\u00e3o, diferen\u00e7as, riscos da automedica\u00e7\u00e3o, orienta\u00e7\u00f5es sobre armazenamento e descarte, risco da interrup\u00e7\u00e3o do tratamento, consequ\u00eancias das doen\u00e7as cr\u00f4nicas, import\u00e2ncia de buscar atendimento farmac\u00eautico, divulga\u00e7\u00e3o do servi\u00e7o farmac\u00eautico, entre outros\u201d, afirmou.<\/p>\n<p>O secret\u00e1rio de Sa\u00fade, Augusto Muzilli J\u00fanior, refor\u00e7ou que essas a\u00e7\u00f5es t\u00eam o intuito de falar sobre a import\u00e2ncia da administra\u00e7\u00e3o adequada de medicamentos, \u201cconsiderando as necessidades cl\u00ednicas e individuais de cada paciente al\u00e9m de promover a conscientiza\u00e7\u00e3o e as boas pr\u00e1ticas, alertando para os riscos que podem ser causados \u00e0 sa\u00fade pela automedica\u00e7\u00e3o e pela ingest\u00e3o inadequada de f\u00e1rmacos\u201d, enfatizou.<\/p>\n<p>Informa\u00e7\u00f5es e dicas para evitar problemas com o uso de medicamentos tamb\u00e9m est\u00e3o dispon\u00edveis no site da <a href=\"https:\/\/abrir.link\/Medicamentos-Anvisa\" rel=\"noopener\">Anvisa (Ag\u00eancia Nacional de Vigil\u00e2ncia Sanit\u00e1ria)<\/a>.<\/p>\n<\/div>\n<p><br \/>\n<br \/><a href=\"https:\/\/piracicaba.sp.gov.br\/noticias\/acoes-marcam-dia-nacional-do-uso-racional-de-medicamentos\/\" rel=\"noopener\">Informa\u00e7\u00f5es PMP <\/a><\/p>\n","protected":false},"excerpt":{"rendered":"<p>Uso Racional de Medicamentos \u00e9 tema de a\u00e7\u00f5es da Secretaria de Sa\u00fade ao longo do m\u00eas de maio Para marcar o Dia Nacional do Uso Racional de Medicamentos (05\/05) \u2013 data criada para alertar a popula\u00e7\u00e3o sobre a necessidade de utiliza\u00e7\u00e3o correta desses produtos, conforme a orienta\u00e7\u00e3o de profissionais de sa\u00fade e os riscos da [&hellip;]<\/p>\n","protected":false},"author":1,"featured_media":3738,"comment_status":"open","ping_status":"open","sticky":false,"template":"","format":"standard","meta":{"_jetpack_newsletter_access":"","_jetpack_dont_email_post_to_subs":false,"_jetpack_newsletter_tier_id":0,"_jetpack_memberships_contains_paywalled_content":false,"_mbp_banners":[],"_jetpack_feature_clip_id":0,"_jetpack_memberships_contains_paid_content":false,"footnotes":"","jetpack_publicize_message":"","jetpack_publicize_feature_enabled":true,"jetpack_social_post_already_shared":true,"jetpack_social_options":{"image_generator_settings":{"template":"highway","default_image_id":0,"font":"","enabled":false},"version":2},"jetpack_post_was_ever_published":false},"categories":[20],"tags":[],"class_list":["post-3737","post","type-post","status-publish","format-standard","has-post-thumbnail","category-regiao"],"jetpack_publicize_connections":[],"jetpack-related-posts":[],"jetpack_shortlink":"https:\/\/wp.me\/p7Eq1F-Yh","jetpack_sharing_enabled":true,"jetpack_featured_media_url":"https:\/\/i0.wp.com\/guialimeira.com.br\/news\/wp-content\/uploads\/2024\/05\/Uso-Racional-de-Medicamentos-e-tema-de-acoes-da-Secretaria-de-Saude-ao-longo-do-mes-de-maio-scaled.jpg?fit=2560%2C1706&ssl=1","_links":{"self":[{"href":"https:\/\/guialimeira.com.br\/news\/wp-json\/wp\/v2\/posts\/3737","targetHints":{"allow":["GET"]}}],"collection":[{"href":"https:\/\/guialimeira.com.br\/news\/wp-json\/wp\/v2\/posts"}],"about":[{"href":"https:\/\/guialimeira.com.br\/news\/wp-json\/wp\/v2\/types\/post"}],"author":[{"embeddable":true,"href":"https:\/\/guialimeira.com.br\/news\/wp-json\/wp\/v2\/users\/1"}],"replies":[{"embeddable":true,"href":"https:\/\/guialimeira.com.br\/news\/wp-json\/wp\/v2\/comments?post=3737"}],"version-history":[{"count":0,"href":"https:\/\/guialimeira.com.br\/news\/wp-json\/wp\/v2\/posts\/3737\/revisions"}],"wp:featuredmedia":[{"embeddable":true,"href":"https:\/\/guialimeira.com.br\/news\/wp-json\/wp\/v2\/media\/3738"}],"wp:attachment":[{"href":"https:\/\/guialimeira.com.br\/news\/wp-json\/wp\/v2\/media?parent=3737"}],"wp:term":[{"taxonomy":"category","embeddable":true,"href":"https:\/\/guialimeira.com.br\/news\/wp-json\/wp\/v2\/categories?post=3737"},{"taxonomy":"post_tag","embeddable":true,"href":"https:\/\/guialimeira.com.br\/news\/wp-json\/wp\/v2\/tags?post=3737"}],"curies":[{"name":"wp","href":"https:\/\/api.w.org\/{rel}","templated":true}]}}