{"id":3735,"date":"2024-05-04T04:19:47","date_gmt":"2024-05-04T07:19:47","guid":{"rendered":"https:\/\/guialimeira.com.br\/2024\/05\/04\/combate-a-dengue-arrastao-recolheu-138-toneladas-de-inserviveis-em-4-meses-portal-do-municipio-de-piracicaba\/"},"modified":"2024-05-04T04:19:47","modified_gmt":"2024-05-04T07:19:47","slug":"combate-a-dengue-arrastao-recolheu-138-toneladas-de-inserviveis-em-4-meses-portal-do-municipio-de-piracicaba","status":"publish","type":"post","link":"https:\/\/guialimeira.com.br\/news\/combate-a-dengue-arrastao-recolheu-138-toneladas-de-inserviveis-em-4-meses-portal-do-municipio-de-piracicaba\/","title":{"rendered":"Combate \u00e0 dengue:\u00a0Arrast\u00e3o\u00a0recolheu\u00a0138\u00a0toneladas de inserv\u00edveis\u00a0em 4 meses \u2013 Portal do Munic\u00edpio de Piracicaba"},"content":{"rendered":"<p> <br \/>\n<\/p>\n<div>\n<figure class=\"text-center\">\n<img data-recalc-dims=\"1\" width=\"696\" height=\"464\" src=\"https:\/\/i0.wp.com\/piracicaba.sp.gov.br\/wp-content\/uploads\/2024\/05\/Neste-sabado-04-05-equipes-do-Arrastao-da-dengue-estarao-na-regiao-do-Santa-Rosa-e-adjacencias-das-8h-as-14h-1024x683.jpg?resize=696%2C464&#038;ssl=1\" class=\"img-fluid img-thumbnail border-1 wp-post-image\" alt=\"Neste s\u00e1bado, 04\/05, equipes do Arrast\u00e3o da dengue estar\u00e3o na regi\u00e3o do Santa Rosa e adjac\u00eancias das 8h \u00e0s 14h\" itemprop=\"image\" decoding=\"async\" fetchpriority=\"high\" srcset=\"https:\/\/piracicaba.sp.gov.br\/wp-content\/uploads\/2024\/05\/Neste-sabado-04-05-equipes-do-Arrastao-da-dengue-estarao-na-regiao-do-Santa-Rosa-e-adjacencias-das-8h-as-14h-1024x683.jpg 1024w, https:\/\/piracicaba.sp.gov.br\/wp-content\/uploads\/2024\/05\/Neste-sabado-04-05-equipes-do-Arrastao-da-dengue-estarao-na-regiao-do-Santa-Rosa-e-adjacencias-das-8h-as-14h-300x200.jpg 300w, https:\/\/piracicaba.sp.gov.br\/wp-content\/uploads\/2024\/05\/Neste-sabado-04-05-equipes-do-Arrastao-da-dengue-estarao-na-regiao-do-Santa-Rosa-e-adjacencias-das-8h-as-14h-768x512.jpg 768w, https:\/\/piracicaba.sp.gov.br\/wp-content\/uploads\/2024\/05\/Neste-sabado-04-05-equipes-do-Arrastao-da-dengue-estarao-na-regiao-do-Santa-Rosa-e-adjacencias-das-8h-as-14h-1536x1024.jpg 1536w, https:\/\/piracicaba.sp.gov.br\/wp-content\/uploads\/2024\/05\/Neste-sabado-04-05-equipes-do-Arrastao-da-dengue-estarao-na-regiao-do-Santa-Rosa-e-adjacencias-das-8h-as-14h-2048x1365.jpg 2048w\" sizes=\"(max-width: 1024px) 100vw, 1024px\"\/><figcaption class=\"text-center small fw-bold fst-italic mt-1\">Neste s\u00e1bado, 04\/05, equipes do Arrast\u00e3o da dengue estar\u00e3o na regi\u00e3o do Santa Rosa e adjac\u00eancias das 8h \u00e0s 14h<\/figcaption><\/figure>\n<p>A Prefeitura de Piracicaba, por meio do Plano Municipal de Combate ao Aedes (PMCA), vinculado \u00e0 Secretaria Municipal de Sa\u00fade (SMS), recolheu 138 toneladas de inserv\u00edveis entre os meses de janeiro e abril deste ano nas a\u00e7\u00f5es de Arrast\u00e3o da Dengue, que passaram por mais de 50 bairros. O n\u00famero \u00e9 26,6% maior que o realizado no mesmo per\u00edodo de 2023, quando foram recolhidas 109 toneladas de material nos 40 bairros visitados pelas equipes de agentes do PMCA. O balan\u00e7o foi divulgado nesta sexta-feira, 03\/05, pelo Centro de Controle de Zoonoses (CCZ) respons\u00e1vel por coordenar as a\u00e7\u00f5es do PMCA na cidade.<\/p>\n<p>Conforme explica Sebasti\u00e3o Amaral Campos, o n\u00famero \u00e9 relevante uma vez que as a\u00e7\u00f5es foram intensificadas na cidade tendo em vista o crescimento de casos prov\u00e1veis da dengue na cidade. \u201cDevido a essa mudan\u00e7a na sazonalidade da doen\u00e7a refor\u00e7amos e intensificamos os trabalhos de combate ao mosquito Aedes por meio da retirada de poss\u00edveis criadouros em regi\u00f5es consideradas de maior risco para a doen\u00e7a como as regi\u00f5es Leste e Norte da cidade\u201d, apontou.<\/p>\n<p>O objetivo das a\u00e7\u00f5es do PMCA \u00e9 o combate ao mosquito Aedes aegypti, transmissor da dengue, zika, chikungunya e febre amarela urbana. No \u00faltimo s\u00e1bado, 27\/04, o Arrast\u00e3o da Dengue esteve na regi\u00e3o Norte passando pelos bairros Santa Teresinha, IAA, Vila Rios, Parque das Ind\u00fastrias, Jardim S\u00e3o Benedito, Jardim L\u00eddia, Jardim Castor, Jardim Concei\u00e7\u00e3o, Residencial Andorinhas, Jardim Bessy, Jardim Taiguara, Residencial Caieiras e Ch\u00e1cara Santo Ant\u00f4nio, onde recolheram 6,44 toneladas de inserv\u00edveis.<\/p>\n<p>Para este s\u00e1bado, amanh\u00e3, 04\/05, das 8h \u00e0s 14h, os agentes retomam as atividades por toda a regi\u00e3o do bairro Santa Rosa e adjac\u00eancias para novo arrast\u00e3o. O ponto de encontro \u00e9 a USF Santa Rosa 1, \u00e0 Rua Jos\u00e9 Jacyr Moretti, 270. \u201cAl\u00e9m do arrast\u00e3o, desenvolvemos, durante o ano, diversas outras atividades como mutir\u00e3o em corredores comerciais, orienta\u00e7\u00e3o \u00e0 popula\u00e7\u00e3o nos terminais de \u00f4nibus, mutir\u00e3o com utiliza\u00e7\u00e3o de agentes de sa\u00fade, utiliza\u00e7\u00e3o de carro de som fazendo preven\u00e7\u00e3o em bairros com maior riscos\u201d, ressaltou o secret\u00e1rio de Sa\u00fade, Augusto Muzilli J\u00fanior.<\/p>\n<figure class=\"wp-block-image size-large\"><img data-recalc-dims=\"1\" loading=\"lazy\" decoding=\"async\" width=\"696\" height=\"464\" src=\"https:\/\/i0.wp.com\/piracicaba.sp.gov.br\/wp-content\/uploads\/2024\/05\/Em-2024-Arrastoes-da-Dengue-recolheram-138-toneladas-de-inserviveis-que-seriam-provaveis-criadouros-do-mosquito-Aedes-1024x683.jpg?resize=696%2C464&#038;ssl=1\" alt=\"Em 2024, Arrast\u00f5es da Dengue recolheram 138 toneladas de inserv\u00edveis que seriam prov\u00e1veis criadouros do mosquito Aedes\" class=\"wp-image-78371\" srcset=\"https:\/\/piracicaba.sp.gov.br\/wp-content\/uploads\/2024\/05\/Em-2024-Arrastoes-da-Dengue-recolheram-138-toneladas-de-inserviveis-que-seriam-provaveis-criadouros-do-mosquito-Aedes-1024x683.jpg 1024w, https:\/\/piracicaba.sp.gov.br\/wp-content\/uploads\/2024\/05\/Em-2024-Arrastoes-da-Dengue-recolheram-138-toneladas-de-inserviveis-que-seriam-provaveis-criadouros-do-mosquito-Aedes-300x200.jpg 300w, https:\/\/piracicaba.sp.gov.br\/wp-content\/uploads\/2024\/05\/Em-2024-Arrastoes-da-Dengue-recolheram-138-toneladas-de-inserviveis-que-seriam-provaveis-criadouros-do-mosquito-Aedes-768x512.jpg 768w, https:\/\/piracicaba.sp.gov.br\/wp-content\/uploads\/2024\/05\/Em-2024-Arrastoes-da-Dengue-recolheram-138-toneladas-de-inserviveis-que-seriam-provaveis-criadouros-do-mosquito-Aedes-1536x1024.jpg 1536w, https:\/\/piracicaba.sp.gov.br\/wp-content\/uploads\/2024\/05\/Em-2024-Arrastoes-da-Dengue-recolheram-138-toneladas-de-inserviveis-que-seriam-provaveis-criadouros-do-mosquito-Aedes.jpg 2048w\" sizes=\"auto, (max-width: 1024px) 100vw, 1024px\"\/><figcaption class=\"wp-element-caption\"><strong><em>Em 2024, Arrast\u00f5es da Dengue recolheram 138 toneladas de inserv\u00edveis que seriam prov\u00e1veis criadouros do mosquito Aedes<\/em><\/strong><\/figcaption><\/figure>\n<p>O PMCA atende pelo telefone (19) 3427-3351 e tamb\u00e9m pelo SIP 156. Todas as a\u00e7\u00f5es do PMCA t\u00eam apoio de equipes da Guarda Civil e Semuttran (Secretaria Municipal de Tr\u00e2nsito e Transportes).<\/p>\n<p><strong>N\u00daMEROS \u2013<\/strong>\u00a0De acordo com Vigil\u00e2ncia Epidemiol\u00f3gica (VE), de 01\/01 a\u00a003\/05\u00a0de 2024 foram registradas\u00a028.895\u00a0notifica\u00e7\u00f5es para a dengue com\u00a012.229\u00a0casos positivos e\u00a0seis\u00a0\u00f3bitos. No mesmo per\u00edodo de 2023, foram\u00a08.046\u00a0notifica\u00e7\u00f5es,\u00a02.033\u00a0casos confirmados e\u00a0dois\u00a0\u00f3bito. Em 2022, foram\u00a03.250\u00a0notifica\u00e7\u00f5es,\u00a0877\u00a0confirma\u00e7\u00f5es, sem \u00f3bito.<\/p>\n<p><strong>ATENDIMENTO \u2013<\/strong>\u00a0Todo indiv\u00edduo que apresentar febre (39\u00b0C a 40\u00b0C) de in\u00edcio repentino e apresentar pelo menos duas das seguintes manifesta\u00e7\u00f5es \u2013 dor de cabe\u00e7a, prostra\u00e7\u00e3o, dores musculares e\/ou articulares e dor atr\u00e1s dos olhos \u2013 deve procurar imediatamente um servi\u00e7o de sa\u00fade mais pr\u00f3ximo da sua casa para atendimento m\u00e9dico. Em Piracicaba s\u00e3o mais de 70 unidades abertas (USF, UBS e UPA) com equipes preparadas para atender e acompanhar os casos suspeitos e confirmados da doen\u00e7a.<\/p>\n<p><strong>PREVEN\u00c7\u00c3O \u2013\u00a0<\/strong>Alguns dos cuidados mais importantes para a preven\u00e7\u00e3o da dengue s\u00e3o:<\/p>\n<p>\u2013\u00a0Utilizar repelente, principalmente em lugares fechados.<\/p>\n<p>\u2013\u00a0Eliminar focos de \u00e1gua parada;<\/p>\n<p>\u2013\u00a0Manter os pratos de vasos de flores e plantas com areia at\u00e9 a borda;<\/p>\n<p>\u2013\u00a0Guardar garrafas com a boca virada para baixo;<\/p>\n<p>\u2013\u00a0Limpar sempre as calhas dos canos;<\/p>\n<p>\u2013\u00a0N\u00e3o jogar lixo em terrenos baldios;<\/p>\n<p>\u2013\u00a0Colocar o lixo sempre em sacos fechados;<\/p>\n<p>\u2013\u00a0Manter baldes e caixa d\u2019\u00e1gua devidamente tampados e piscinas com coloca\u00e7\u00e3o de cloro;<\/p>\n<p>\u2013\u00a0N\u00e3o deixar acumular \u00e1gua em pneus;<\/p>\n<p>\u2013\u00a0Furar latas de alum\u00ednio antes de serem descartadas para n\u00e3o acumular \u00e1gua;<\/p>\n<p>\u2013\u00a0Lavar bebedouros de aves e animais pelo menos uma vez por semana;<\/p>\n<p>\u2013\u00a0Em caso de suspeita da doen\u00e7a, entrar em contato imediatamente com a unidade de sa\u00fade mais pr\u00f3xima da resid\u00eancia e jamais utilizar medica\u00e7\u00e3o por conta pr\u00f3pria.<\/p>\n<\/div>\n<p><br \/>\n<br \/><a href=\"https:\/\/piracicaba.sp.gov.br\/noticias\/combate-a-dengue-arrastao-recolheu-138-toneladas-de-inserviveis-em-4-meses\/\" rel=\"noopener\">Informa\u00e7\u00f5es PMP <\/a><\/p>\n","protected":false},"excerpt":{"rendered":"<p>Neste s\u00e1bado, 04\/05, equipes do Arrast\u00e3o da dengue estar\u00e3o na regi\u00e3o do Santa Rosa e adjac\u00eancias das 8h \u00e0s 14h A Prefeitura de Piracicaba, por meio do Plano Municipal de Combate ao Aedes (PMCA), vinculado \u00e0 Secretaria Municipal de Sa\u00fade (SMS), recolheu 138 toneladas de inserv\u00edveis entre os meses de janeiro e abril deste ano [&hellip;]<\/p>\n","protected":false},"author":1,"featured_media":3736,"comment_status":"open","ping_status":"open","sticky":false,"template":"","format":"standard","meta":{"_jetpack_newsletter_access":"","_jetpack_dont_email_post_to_subs":false,"_jetpack_newsletter_tier_id":0,"_jetpack_memberships_contains_paywalled_content":false,"_mbp_banners":[],"_jetpack_feature_clip_id":0,"_jetpack_memberships_contains_paid_content":false,"footnotes":"","jetpack_publicize_message":"","jetpack_publicize_feature_enabled":true,"jetpack_social_post_already_shared":true,"jetpack_social_options":{"image_generator_settings":{"template":"highway","default_image_id":0,"font":"","enabled":false},"version":2},"jetpack_post_was_ever_published":false},"categories":[20],"tags":[],"class_list":["post-3735","post","type-post","status-publish","format-standard","has-post-thumbnail","category-regiao"],"jetpack_publicize_connections":[],"jetpack-related-posts":[],"jetpack_shortlink":"https:\/\/wp.me\/p7Eq1F-Yf","jetpack_sharing_enabled":true,"jetpack_featured_media_url":"https:\/\/i0.wp.com\/guialimeira.com.br\/news\/wp-content\/uploads\/2024\/05\/Neste-sabado-04-05-equipes-do-Arrastao-da-dengue-estarao-na-regiao-do-Santa-Rosa-e-adjacencias-das-8h-as-14h-scaled.jpg?fit=2560%2C1706&ssl=1","_links":{"self":[{"href":"https:\/\/guialimeira.com.br\/news\/wp-json\/wp\/v2\/posts\/3735","targetHints":{"allow":["GET"]}}],"collection":[{"href":"https:\/\/guialimeira.com.br\/news\/wp-json\/wp\/v2\/posts"}],"about":[{"href":"https:\/\/guialimeira.com.br\/news\/wp-json\/wp\/v2\/types\/post"}],"author":[{"embeddable":true,"href":"https:\/\/guialimeira.com.br\/news\/wp-json\/wp\/v2\/users\/1"}],"replies":[{"embeddable":true,"href":"https:\/\/guialimeira.com.br\/news\/wp-json\/wp\/v2\/comments?post=3735"}],"version-history":[{"count":0,"href":"https:\/\/guialimeira.com.br\/news\/wp-json\/wp\/v2\/posts\/3735\/revisions"}],"wp:featuredmedia":[{"embeddable":true,"href":"https:\/\/guialimeira.com.br\/news\/wp-json\/wp\/v2\/media\/3736"}],"wp:attachment":[{"href":"https:\/\/guialimeira.com.br\/news\/wp-json\/wp\/v2\/media?parent=3735"}],"wp:term":[{"taxonomy":"category","embeddable":true,"href":"https:\/\/guialimeira.com.br\/news\/wp-json\/wp\/v2\/categories?post=3735"},{"taxonomy":"post_tag","embeddable":true,"href":"https:\/\/guialimeira.com.br\/news\/wp-json\/wp\/v2\/tags?post=3735"}],"curies":[{"name":"wp","href":"https:\/\/api.w.org\/{rel}","templated":true}]}}