{"id":373,"date":"2024-03-29T18:55:49","date_gmt":"2024-03-29T21:55:49","guid":{"rendered":"https:\/\/guialimeira.com.br\/2024\/03\/29\/curso-gratuito-de-costura-reune-usuarios-da-assistencia-social-portal-do-municipio-de-piracicaba\/"},"modified":"2024-03-29T18:55:49","modified_gmt":"2024-03-29T21:55:49","slug":"curso-gratuito-de-costura-reune-usuarios-da-assistencia-social-portal-do-municipio-de-piracicaba","status":"publish","type":"post","link":"https:\/\/guialimeira.com.br\/news\/curso-gratuito-de-costura-reune-usuarios-da-assistencia-social-portal-do-municipio-de-piracicaba\/","title":{"rendered":"curso gratuito de costura re\u00fane usu\u00e1rios da Assist\u00eancia Social \u2013 Portal do Munic\u00edpio de Piracicaba"},"content":{"rendered":"<p> <br \/>\n<\/p>\n<div>\n<figure class=\"text-center\">\n<img data-recalc-dims=\"1\" width=\"696\" height=\"522\" src=\"https:\/\/i0.wp.com\/piracicaba.sp.gov.br\/wp-content\/uploads\/2024\/03\/Sara-Fabiano-treina-novas-ferramentas-de-costura-para-confeccao.png?resize=696%2C522&#038;ssl=1\" class=\"img-fluid img-thumbnail border-1 wp-post-image\" alt=\"Sara Fabiano, treina novas ferramentas de costura para confec\u00e7\u00e3o\" itemprop=\"image\" decoding=\"async\" fetchpriority=\"high\" srcset=\"https:\/\/piracicaba.sp.gov.br\/wp-content\/uploads\/2024\/03\/Sara-Fabiano-treina-novas-ferramentas-de-costura-para-confeccao.png 1024w, https:\/\/piracicaba.sp.gov.br\/wp-content\/uploads\/2024\/03\/Sara-Fabiano-treina-novas-ferramentas-de-costura-para-confeccao-300x225.png 300w, https:\/\/piracicaba.sp.gov.br\/wp-content\/uploads\/2024\/03\/Sara-Fabiano-treina-novas-ferramentas-de-costura-para-confeccao-768x576.png 768w\" sizes=\"(max-width: 1024px) 100vw, 1024px\"\/><figcaption class=\"text-center small fw-bold fst-italic mt-1\">Sara Fabiano, treina novas ferramentas de costura para confec\u00e7\u00e3o<\/figcaption><\/figure>\n<p>A Secretaria Municipal de Assist\u00eancia e Desenvolvimento Social (Smads), por meio da Coordenadoria de Inclus\u00e3o Produtiva, capacita jovens e adultos em curso de costura em m\u00e1quina reta e overloque, oferecido em parceria com o Senai. As aulas que ocorrem na escola m\u00f3vel, re\u00fanem cerca de 30 pessoas, usu\u00e1rias dos servi\u00e7os da rede socioassistencial, visando\u00a0forma\u00e7\u00e3o profissional e possibilidade de empreendedorismo.<\/p>\n<p>O curso tem o objetivo de capacitar os participantes desde a utiliza\u00e7\u00e3o da m\u00e1quina de costura at\u00e9 a confec\u00e7\u00e3o de pe\u00e7as de vestu\u00e1rios. De acordo com a professora Silvana Fornaciari, entre as participantes, existem pessoas de v\u00e1rios bairros da cidade, com e sem experi\u00eancia em costura. \u201cDesde que o curso iniciou elas tem evolu\u00eddo muito; j\u00e1 sabem controlar o pedal e fazem exerc\u00edcios para treinar a costura reta e curva para que no final, tenhamos diversas pe\u00e7as prontas\u201d, comenta.<\/p>\n<figure class=\"wp-block-image size-full\"><img data-recalc-dims=\"1\" loading=\"lazy\" decoding=\"async\" width=\"696\" height=\"522\" src=\"https:\/\/i0.wp.com\/piracicaba.sp.gov.br\/wp-content\/uploads\/2024\/03\/Drielli-Santos-Prates-treina-desenhar-no-tecido-para-a-costura.png?resize=696%2C522&#038;ssl=1\" alt=\"Drielli Santos Prates, treina desenhar no tecido para a costura\" class=\"wp-image-75971\" srcset=\"https:\/\/piracicaba.sp.gov.br\/wp-content\/uploads\/2024\/03\/Drielli-Santos-Prates-treina-desenhar-no-tecido-para-a-costura.png 1024w, https:\/\/piracicaba.sp.gov.br\/wp-content\/uploads\/2024\/03\/Drielli-Santos-Prates-treina-desenhar-no-tecido-para-a-costura-300x225.png 300w, https:\/\/piracicaba.sp.gov.br\/wp-content\/uploads\/2024\/03\/Drielli-Santos-Prates-treina-desenhar-no-tecido-para-a-costura-768x576.png 768w\" sizes=\"auto, (max-width: 1024px) 100vw, 1024px\"\/><figcaption class=\"wp-element-caption\"><strong><em>Drielli Santos Prates, treina desenhar no tecido para a costura<\/em><\/strong><\/figcaption><\/figure>\n<p>Uma das alunas, Sara Fabiano, 65 anos, \u00e9 moradora de Artemis e chegou ao curso por meio da Equipe Volante que atua no territ\u00f3rio. \u201cGosto muito de lidar com tudo o que tem a ver com atividades manuais. J\u00e1 aprendi a produzir moletom e camiseta e hoje estou aqui para aprender mais dessa \u00e1rea\u201d, conta.<\/p>\n<p>As aulas s\u00e3o ofertadas a\u00a0pessoas a partir de 16 anos de idade, com 4\u00ba ano do ensino fundamental I conclu\u00eddo, prioritariamente, em situa\u00e7\u00e3o de vulnerabilidade social, que utilizam os servi\u00e7os da rede socioassistencial, sendo inscritas no Cadastro \u00danico, benefici\u00e1rios de programas de transfer\u00eancia de renda ou benef\u00edcios socioassistenciais.<\/p>\n<p>Silmara Gomes, 50 anos, moradora da Comunidade Lago Negro, tamb\u00e9m \u00e9 uma das benefici\u00e1rias. \u201cMeu objetivo aqui \u00e9 aprender e desfrutar disso, trabalhando em uma confec\u00e7\u00e3o\u201d.<\/p>\n<p>Este n\u00e3o \u00e9 o desejo apenas de Silmara. Drielli Santos Prates, 33 anos, conta que nas primeiras aulas estava totalmente insegura, porque nunca havia costurado antes. \u201cQuando percebo o quanto aprendi e o quanto \u00e9 gratificante pegar um tecido e ap\u00f3s a costura, ver o resultado de uma pe\u00e7a produzida, s\u00f3 me faz pensar nas possibilidades de trabalho que terei daqui pra frente\u201d, ressalta.<\/p>\n<figure class=\"wp-block-image size-full\"><img data-recalc-dims=\"1\" loading=\"lazy\" decoding=\"async\" width=\"696\" height=\"522\" src=\"https:\/\/i0.wp.com\/piracicaba.sp.gov.br\/wp-content\/uploads\/2024\/03\/Curso-de-costura-na-escola-movel-do-Senai.png?resize=696%2C522&#038;ssl=1\" alt=\"Curso de costura na escola m\u00f3vel do Senai\" class=\"wp-image-75972\" srcset=\"https:\/\/piracicaba.sp.gov.br\/wp-content\/uploads\/2024\/03\/Curso-de-costura-na-escola-movel-do-Senai.png 1024w, https:\/\/piracicaba.sp.gov.br\/wp-content\/uploads\/2024\/03\/Curso-de-costura-na-escola-movel-do-Senai-300x225.png 300w, https:\/\/piracicaba.sp.gov.br\/wp-content\/uploads\/2024\/03\/Curso-de-costura-na-escola-movel-do-Senai-768x576.png 768w\" sizes=\"auto, (max-width: 1024px) 100vw, 1024px\"\/><figcaption class=\"wp-element-caption\"><strong><em>Curso de costura na escola m\u00f3vel do Senai<\/em><\/strong><\/figcaption><\/figure>\n<p>L\u00edgia Anicetto, superintendente de Desenvolvimento Social, explica sobre o objetivo da parceria, em apoiar o desenvolvimento profissional dos benefici\u00e1rios da Assist\u00eancia Social, promovendo a\u00e7\u00f5es de incentivo que favore\u00e7am a inser\u00e7\u00e3o das pessoas no mercado de trabalho ou empreendedorismo.<\/p>\n<p>As aulas acontecem at\u00e9 o m\u00eas de maio, quando outros cursos dever\u00e3o abrir as inscri\u00e7\u00f5es, conforme as demandas dos territ\u00f3rios atendidos pela Assist\u00eancia Social em Piracicaba.<\/p>\n<\/div>\n<p><br \/>\n<br \/><a href=\"https:\/\/piracicaba.sp.gov.br\/noticias\/inclusao-produtiva-curso-gratuito-de-costura-reune-usuarios-da-assistencia-social\/\" rel=\"noopener\">Informa\u00e7\u00f5es PMP <\/a><\/p>\n","protected":false},"excerpt":{"rendered":"<p>Sara Fabiano, treina novas ferramentas de costura para confec\u00e7\u00e3o A Secretaria Municipal de Assist\u00eancia e Desenvolvimento Social (Smads), por meio da Coordenadoria de Inclus\u00e3o Produtiva, capacita jovens e adultos em curso de costura em m\u00e1quina reta e overloque, oferecido em parceria com o Senai. As aulas que ocorrem na escola m\u00f3vel, re\u00fanem cerca de 30 [&hellip;]<\/p>\n","protected":false},"author":1,"featured_media":374,"comment_status":"open","ping_status":"open","sticky":false,"template":"","format":"standard","meta":{"_jetpack_newsletter_access":"","_jetpack_dont_email_post_to_subs":false,"_jetpack_newsletter_tier_id":0,"_jetpack_memberships_contains_paywalled_content":false,"_mbp_banners":[],"_jetpack_feature_clip_id":0,"_jetpack_memberships_contains_paid_content":false,"footnotes":"","jetpack_publicize_message":"","jetpack_publicize_feature_enabled":true,"jetpack_social_post_already_shared":true,"jetpack_social_options":{"image_generator_settings":{"template":"highway","default_image_id":0,"font":"","enabled":false},"version":2},"jetpack_post_was_ever_published":false},"categories":[20],"tags":[],"class_list":["post-373","post","type-post","status-publish","format-standard","has-post-thumbnail","category-regiao"],"jetpack_publicize_connections":[],"jetpack-related-posts":[],"jetpack_shortlink":"https:\/\/wp.me\/p7Eq1F-61","jetpack_sharing_enabled":true,"jetpack_featured_media_url":"https:\/\/i0.wp.com\/guialimeira.com.br\/news\/wp-content\/uploads\/2024\/03\/Sara-Fabiano-treina-novas-ferramentas-de-costura-para-confeccao.png?fit=1024%2C768&ssl=1","_links":{"self":[{"href":"https:\/\/guialimeira.com.br\/news\/wp-json\/wp\/v2\/posts\/373","targetHints":{"allow":["GET"]}}],"collection":[{"href":"https:\/\/guialimeira.com.br\/news\/wp-json\/wp\/v2\/posts"}],"about":[{"href":"https:\/\/guialimeira.com.br\/news\/wp-json\/wp\/v2\/types\/post"}],"author":[{"embeddable":true,"href":"https:\/\/guialimeira.com.br\/news\/wp-json\/wp\/v2\/users\/1"}],"replies":[{"embeddable":true,"href":"https:\/\/guialimeira.com.br\/news\/wp-json\/wp\/v2\/comments?post=373"}],"version-history":[{"count":0,"href":"https:\/\/guialimeira.com.br\/news\/wp-json\/wp\/v2\/posts\/373\/revisions"}],"wp:featuredmedia":[{"embeddable":true,"href":"https:\/\/guialimeira.com.br\/news\/wp-json\/wp\/v2\/media\/374"}],"wp:attachment":[{"href":"https:\/\/guialimeira.com.br\/news\/wp-json\/wp\/v2\/media?parent=373"}],"wp:term":[{"taxonomy":"category","embeddable":true,"href":"https:\/\/guialimeira.com.br\/news\/wp-json\/wp\/v2\/categories?post=373"},{"taxonomy":"post_tag","embeddable":true,"href":"https:\/\/guialimeira.com.br\/news\/wp-json\/wp\/v2\/tags?post=373"}],"curies":[{"name":"wp","href":"https:\/\/api.w.org\/{rel}","templated":true}]}}