{"id":3729,"date":"2024-05-04T02:17:42","date_gmt":"2024-05-04T05:17:42","guid":{"rendered":"https:\/\/guialimeira.com.br\/2024\/05\/04\/pira-nos-bairros-amanha-04-05-atendera-jd-primavera-e-regiao-um-dos-servicos-e-a-vacina-contra-a-gripe\/"},"modified":"2024-05-04T02:17:42","modified_gmt":"2024-05-04T05:17:42","slug":"pira-nos-bairros-amanha-04-05-atendera-jd-primavera-e-regiao-um-dos-servicos-e-a-vacina-contra-a-gripe","status":"publish","type":"post","link":"https:\/\/guialimeira.com.br\/news\/pira-nos-bairros-amanha-04-05-atendera-jd-primavera-e-regiao-um-dos-servicos-e-a-vacina-contra-a-gripe\/","title":{"rendered":"Pira nos Bairros, amanh\u00e3, 04\/05, atender\u00e1 Jd. Primavera e regi\u00e3o; um dos servi\u00e7os \u00e9 a vacina contra a gripe"},"content":{"rendered":"<p> <br \/>\n<\/p>\n<div>\n<p>A 17\u00aa edi\u00e7\u00e3o do programa Pira nos Bairros acontece amanh\u00e3, 04\/05, levando os servi\u00e7os gratuitos da Prefeitura para o bairro Jardim Primavera. A a\u00e7\u00e3o ser\u00e1 realizada entre as 9h e 12h na Escola Municipal Professor Luis Claudio Alves, localizada na rua Professora Ana C\u00e2ndida de Mello Ferraz, 209. O Pira nos Bairros re\u00fane, em um \u00fanico lugar e de forma simult\u00e2nea, diversos servi\u00e7os oferecidos pelo Executivo, abrangendo todas as secretarias municipais.<\/p>\n<p>A Secretaria Municipal de Sa\u00fade levar\u00e1 para o bairro a vacina\u00e7\u00e3o contra a influenza (gripe). Na \u00faltima quinta-feira, 02\/05, seguindo orienta\u00e7\u00f5es do Minist\u00e9rio da Sa\u00fade, a imuniza\u00e7\u00e3o contra a gripe foi ampliada para todas as pessoas com seis meses ou mais de idade. Para receber o imunizante, que \u00e9 trivalente \u2013 englobando os tr\u00eas tipos de cepas combinadas (H1N1, H3N2 e um v\u00edrus B), protegendo contra os principais v\u00edrus em circula\u00e7\u00e3o no Brasil \u2013 \u00e9 necess\u00e1rio apresentar documento de identifica\u00e7\u00e3o com foto, Cart\u00e3o Pira Cidad\u00e3o ou Cart\u00e3o Nacional do SUS ou CPF. Crian\u00e7as tamb\u00e9m devem levar a caderneta de vacina\u00e7\u00e3o.<\/p>\n<figure class=\"wp-block-image size-full\"><img data-recalc-dims=\"1\" fetchpriority=\"high\" decoding=\"async\" width=\"696\" height=\"464\" src=\"https:\/\/i0.wp.com\/piracicaba.sp.gov.br\/wp-content\/uploads\/2024\/05\/Pira-nos-Bairros-no-Jardim-Primavera-vai-ter-vacinacao-contra-a-gripe-para-pessoas-acima-de-6-meses.jpg?resize=696%2C464&#038;ssl=1\" alt=\"\" class=\"wp-image-78385\" srcset=\"https:\/\/piracicaba.sp.gov.br\/wp-content\/uploads\/2024\/05\/Pira-nos-Bairros-no-Jardim-Primavera-vai-ter-vacinacao-contra-a-gripe-para-pessoas-acima-de-6-meses.jpg 1024w, https:\/\/piracicaba.sp.gov.br\/wp-content\/uploads\/2024\/05\/Pira-nos-Bairros-no-Jardim-Primavera-vai-ter-vacinacao-contra-a-gripe-para-pessoas-acima-de-6-meses-300x200.jpg 300w, https:\/\/piracicaba.sp.gov.br\/wp-content\/uploads\/2024\/05\/Pira-nos-Bairros-no-Jardim-Primavera-vai-ter-vacinacao-contra-a-gripe-para-pessoas-acima-de-6-meses-768x512.jpg 768w\" sizes=\"(max-width: 1024px) 100vw, 1024px\"\/><figcaption class=\"wp-element-caption\"><strong><em><sub>Pira nos Bairros no Jardim Primavera vai ter vacina\u00e7\u00e3o contra a gripe para pessoas acima de 6 meses<\/sub><\/em><\/strong><\/figcaption><\/figure>\n<p>Al\u00e9m disso, nesta edi\u00e7\u00e3o do Pira dos Bairros, um dos parceiros do programa, a Cl\u00ednica de Olhos, vai fazer exames de catarata em pessoas de 60 anos ou mais. Durante a a\u00e7\u00e3o, os oftalmologistas v\u00e3o fazer a avalia\u00e7\u00e3o nos pacientes, e caso seja detectado sinais da doen\u00e7a ocular, as pessoas j\u00e1 ser\u00e3o encaminhadas para realizar todos os exames pr\u00e9-operat\u00f3rios e a cirurgia de catarata na Cl\u00ednica de Olhos. Tamb\u00e9m ser\u00e3o feitos na a\u00e7\u00e3o testes de vis\u00e3o e avalia\u00e7\u00e3o de retina pela cl\u00ednica parceira.<\/p>\n<p>A Sa\u00fade leva ainda diversos servi\u00e7os e atendimentos para a popula\u00e7\u00e3o, como aferi\u00e7\u00e3o de press\u00e3o arterial, teste de glicemia e testes r\u00e1pidos de HIV, s\u00edfilis e hepatite; avalia\u00e7\u00e3o antropom\u00e9trica (peso e altura) e orienta\u00e7\u00f5es sobre alimenta\u00e7\u00e3o e seguran\u00e7a alimentar. No setor de odontologia, haver\u00e1 orienta\u00e7\u00e3o sobre sa\u00fade bucal e atendimento para rastreio de les\u00f5es bucais.<\/p>\n<p><strong>OUTROS SERVI\u00c7OS<\/strong>\u00a0\u2013 Os moradores podem fazer o cadastro e emiss\u00e3o do cart\u00e3o Pira Cidad\u00e3o, emiss\u00e3o do cart\u00e3o de transporte coletivo ou espec\u00edficos para idosos e PCD\u2019s. Al\u00e9m disso, o Pira nos Bairros vai oferecer servi\u00e7os da Secretaria de Habita\u00e7\u00e3o e Gest\u00e3o Territorial (Semuhget), como cadastro de demanda para habita\u00e7\u00e3o de interesse social e orienta\u00e7\u00f5es sobre regulariza\u00e7\u00e3o fundi\u00e1ria e programa Minha Casa Minha Vida.<\/p>\n<p>Tamb\u00e9m \u00e9 poss\u00edvel consultar e parcelar d\u00e9bitos, como IPTU e taxas municipais (Secretaria de Finan\u00e7as), obter informa\u00e7\u00f5es sobre servi\u00e7os e programas da Assist\u00eancia Social, al\u00e9m de atualiza\u00e7\u00e3o do Cadastro \u00danico (Smads). A Secretaria Municipal de Desenvolvimento Econ\u00f4mico, Trabalho e Turismo (Semdettur) vai fazer no local cadastro para vagas de emprego e cursos de qualifica\u00e7\u00e3o, al\u00e9m de orienta\u00e7\u00f5es sobre o Banco do Povo, MEI e sobre formaliza\u00e7\u00e3o de ambulantes. O Semae (Servi\u00e7o Municipal de \u00c1gua e Esgoto) fornecer\u00e1 informa\u00e7\u00f5es sobre a Tarifa Social, consultas e tamb\u00e9m ser\u00e1 poss\u00edvel fazer notifica\u00e7\u00f5es de vazamentos, atualiza\u00e7\u00e3o de cadastros, levantamento de d\u00e9bitos, entre outros servi\u00e7os.<\/p>\n<figure class=\"wp-block-image size-large\"><img data-recalc-dims=\"1\" loading=\"lazy\" decoding=\"async\" width=\"696\" height=\"464\" src=\"https:\/\/i0.wp.com\/piracicaba.sp.gov.br\/wp-content\/uploads\/2024\/05\/Pira-nos-Bairros-no-Jardim-Primavera-tera-vacinacao-de-pets-1024x683.jpg?resize=696%2C464&#038;ssl=1\" alt=\"\" class=\"wp-image-78386\" srcset=\"https:\/\/piracicaba.sp.gov.br\/wp-content\/uploads\/2024\/05\/Pira-nos-Bairros-no-Jardim-Primavera-tera-vacinacao-de-pets-1024x683.jpg 1024w, https:\/\/piracicaba.sp.gov.br\/wp-content\/uploads\/2024\/05\/Pira-nos-Bairros-no-Jardim-Primavera-tera-vacinacao-de-pets-300x200.jpg 300w, https:\/\/piracicaba.sp.gov.br\/wp-content\/uploads\/2024\/05\/Pira-nos-Bairros-no-Jardim-Primavera-tera-vacinacao-de-pets-768x512.jpg 768w, https:\/\/piracicaba.sp.gov.br\/wp-content\/uploads\/2024\/05\/Pira-nos-Bairros-no-Jardim-Primavera-tera-vacinacao-de-pets-1536x1024.jpg 1536w, https:\/\/piracicaba.sp.gov.br\/wp-content\/uploads\/2024\/05\/Pira-nos-Bairros-no-Jardim-Primavera-tera-vacinacao-de-pets-2048x1365.jpg 2048w\" sizes=\"auto, (max-width: 1024px) 100vw, 1024px\"\/><figcaption class=\"wp-element-caption\"><strong><em><sub>Pira nos Bairros no Jardim Primavera ter\u00e1 vacina\u00e7\u00e3o de pets<\/sub><\/em><\/strong><\/figcaption><\/figure>\n<p>A Secretaria Municipal da A\u00e7\u00e3o Cultural (Semac) oferece ainda algumas atra\u00e7\u00f5es para as crian\u00e7as, como pintura facial, recrea\u00e7\u00e3o com personagens infantis e atividades circenses, al\u00e9m de apresenta\u00e7\u00e3o musical. A Secretaria de Esportes, Lazer e Atividades Motoras (Selam) oferece ainda atividades esportivas, brinquedos infl\u00e1veis, pipoca e algod\u00e3o-doce.<\/p>\n<p><strong>PETS<\/strong>\u00a0\u2013 O Departamento de Bem-Estar Animal (DBEA) estar\u00e1 presente com vacina\u00e7\u00e3o para c\u00e3es e gatos (polivalente V10), agendamento de castra\u00e7\u00e3o e orienta\u00e7\u00e3o veterin\u00e1ria pelo Consult\u00f3rio Itinerante. O Centro de Zoonoses tamb\u00e9m oferece orienta\u00e7\u00f5es de sa\u00fade sobre animais sinantr\u00f3picos (escorpi\u00e3o, aranha, barata, pombo, morcego, carrapato, rato e mosquito Aedes Aegypti).<\/p>\n<p><strong>PARCEIROS<\/strong>\u00a0\u2013 Outras duas institui\u00e7\u00f5es parceiras do programa levam alguns servi\u00e7os para a escola. A OAB (Ordem dos Advogados do Brasil) faz atendimentos e orienta\u00e7\u00e3o jur\u00eddica durante a a\u00e7\u00e3o. J\u00e1 o Memorial Metropolitano vai oferecer servi\u00e7os de corte de cabelo, design de sobrancelha e manicure para a popula\u00e7\u00e3o.<\/p>\n<p><strong>\u00d4NIBUS GRATUITO<\/strong>\u00a0\u2013 Para facilitar o acesso da popula\u00e7\u00e3o ao Pira nos Bairros, a Semuttran disponibilizar\u00e1 linha especial de \u00f4nibus gratuita para levar os moradores at\u00e9 a escola. Os hor\u00e1rios de sa\u00edda da EM Prof. Luis Claudio Alves ser\u00e3o: 8h45, 9h10, 9h35, 10h05, 10h30, 11h10 e 12h. J\u00e1 os hor\u00e1rios de sa\u00edda partindo do Jardim Matilde ser\u00e3o: 9h05, 9h30, 9h55, 10h25, 10h50 e 11h30.<\/p>\n<\/p><\/div>\n<p><br \/>\n<br \/><a href=\"https:\/\/piracicaba.sp.gov.br\/noticias\/pira-nos-bairros-amanha-04-05-atendera-jd-primavera-e-regiao-um-dos-servicos-e-a-vacina-contra-a-gripe\/\" rel=\"noopener\">Informa\u00e7\u00f5es PMP <\/a><\/p>\n","protected":false},"excerpt":{"rendered":"<p>A 17\u00aa edi\u00e7\u00e3o do programa Pira nos Bairros acontece amanh\u00e3, 04\/05, levando os servi\u00e7os gratuitos da Prefeitura para o bairro Jardim Primavera. A a\u00e7\u00e3o ser\u00e1 realizada entre as 9h e 12h na Escola Municipal Professor Luis Claudio Alves, localizada na rua Professora Ana C\u00e2ndida de Mello Ferraz, 209. O Pira nos Bairros re\u00fane, em um [&hellip;]<\/p>\n","protected":false},"author":1,"featured_media":3730,"comment_status":"open","ping_status":"open","sticky":false,"template":"","format":"standard","meta":{"_jetpack_newsletter_access":"","_jetpack_dont_email_post_to_subs":false,"_jetpack_newsletter_tier_id":0,"_jetpack_memberships_contains_paywalled_content":false,"_mbp_banners":[],"_jetpack_feature_clip_id":0,"_jetpack_memberships_contains_paid_content":false,"footnotes":"","jetpack_publicize_message":"","jetpack_publicize_feature_enabled":true,"jetpack_social_post_already_shared":true,"jetpack_social_options":{"image_generator_settings":{"template":"highway","default_image_id":0,"font":"","enabled":false},"version":2},"jetpack_post_was_ever_published":false},"categories":[20],"tags":[],"class_list":["post-3729","post","type-post","status-publish","format-standard","has-post-thumbnail","category-regiao"],"jetpack_publicize_connections":[],"jetpack-related-posts":[],"jetpack_shortlink":"https:\/\/wp.me\/p7Eq1F-Y9","jetpack_sharing_enabled":true,"jetpack_featured_media_url":"https:\/\/i0.wp.com\/guialimeira.com.br\/news\/wp-content\/uploads\/2024\/05\/Pira-nos-Bairros-no-Jardim-Primavera-vai-ter-vacinacao-contra-a-gripe-para-pessoas-acima-de-6-meses.jpg?fit=1024%2C682&ssl=1","_links":{"self":[{"href":"https:\/\/guialimeira.com.br\/news\/wp-json\/wp\/v2\/posts\/3729","targetHints":{"allow":["GET"]}}],"collection":[{"href":"https:\/\/guialimeira.com.br\/news\/wp-json\/wp\/v2\/posts"}],"about":[{"href":"https:\/\/guialimeira.com.br\/news\/wp-json\/wp\/v2\/types\/post"}],"author":[{"embeddable":true,"href":"https:\/\/guialimeira.com.br\/news\/wp-json\/wp\/v2\/users\/1"}],"replies":[{"embeddable":true,"href":"https:\/\/guialimeira.com.br\/news\/wp-json\/wp\/v2\/comments?post=3729"}],"version-history":[{"count":0,"href":"https:\/\/guialimeira.com.br\/news\/wp-json\/wp\/v2\/posts\/3729\/revisions"}],"wp:featuredmedia":[{"embeddable":true,"href":"https:\/\/guialimeira.com.br\/news\/wp-json\/wp\/v2\/media\/3730"}],"wp:attachment":[{"href":"https:\/\/guialimeira.com.br\/news\/wp-json\/wp\/v2\/media?parent=3729"}],"wp:term":[{"taxonomy":"category","embeddable":true,"href":"https:\/\/guialimeira.com.br\/news\/wp-json\/wp\/v2\/categories?post=3729"},{"taxonomy":"post_tag","embeddable":true,"href":"https:\/\/guialimeira.com.br\/news\/wp-json\/wp\/v2\/tags?post=3729"}],"curies":[{"name":"wp","href":"https:\/\/api.w.org\/{rel}","templated":true}]}}