{"id":3715,"date":"2024-05-03T23:14:43","date_gmt":"2024-05-04T02:14:43","guid":{"rendered":"https:\/\/guialimeira.com.br\/2024\/05\/03\/semuttran-inicia-campanha-com-blitzes-de-conscientizacao-e-operacoes-conjuntas-portal-do-municipio-de-piracicaba\/"},"modified":"2024-05-03T23:14:43","modified_gmt":"2024-05-04T02:14:43","slug":"semuttran-inicia-campanha-com-blitzes-de-conscientizacao-e-operacoes-conjuntas-portal-do-municipio-de-piracicaba","status":"publish","type":"post","link":"https:\/\/guialimeira.com.br\/news\/semuttran-inicia-campanha-com-blitzes-de-conscientizacao-e-operacoes-conjuntas-portal-do-municipio-de-piracicaba\/","title":{"rendered":"Semuttran inicia campanha com blitzes de conscientiza\u00e7\u00e3o e opera\u00e7\u00f5es conjuntas \u2013 Portal do Munic\u00edpio de Piracicaba"},"content":{"rendered":"<p> <br \/>\n<\/p>\n<div>\n<p>A Secretaria Municipal de Mobilidade Urbana, Tr\u00e2nsito e Transportes (Semuttran) iniciou uma s\u00e9rie de a\u00e7\u00f5es em conjunto com a Guarda Civil Metropolitana (GCM) e as pol\u00edcias Militar (PM) e Militar Rodovi\u00e1ria (PMR) em alus\u00e3o ao movimento Maio Amarelo, de conscientiza\u00e7\u00e3o para redu\u00e7\u00e3o de acidentes no tr\u00e2nsito. Este ano a campanha tem como tema Paz no Tr\u00e2nsito Come\u00e7a por Voc\u00ea. Nos primeiros dias de maio, a pasta realizou em conjunto com a GCM e PM tr\u00eas a\u00e7\u00f5es de conscientiza\u00e7\u00e3o e uma Opera\u00e7\u00e3o H\u00e9rcules, com foco em irregularidades de tr\u00e2nsito.<\/p>\n<figure class=\"wp-block-image size-large\"><img data-recalc-dims=\"1\" fetchpriority=\"high\" decoding=\"async\" width=\"696\" height=\"521\" src=\"https:\/\/i0.wp.com\/piracicaba.sp.gov.br\/wp-content\/uploads\/2024\/05\/Semuttran-intensifica-acoes-de-conscientizacao-com-forcas-de-seguranca-no-Maio-Amarelo-1024x766.jpeg?resize=696%2C521&#038;ssl=1\" alt=\"\" class=\"wp-image-78428\" srcset=\"https:\/\/piracicaba.sp.gov.br\/wp-content\/uploads\/2024\/05\/Semuttran-intensifica-acoes-de-conscientizacao-com-forcas-de-seguranca-no-Maio-Amarelo-1024x766.jpeg 1024w, https:\/\/piracicaba.sp.gov.br\/wp-content\/uploads\/2024\/05\/Semuttran-intensifica-acoes-de-conscientizacao-com-forcas-de-seguranca-no-Maio-Amarelo-300x224.jpeg 300w, https:\/\/piracicaba.sp.gov.br\/wp-content\/uploads\/2024\/05\/Semuttran-intensifica-acoes-de-conscientizacao-com-forcas-de-seguranca-no-Maio-Amarelo-768x575.jpeg 768w, https:\/\/piracicaba.sp.gov.br\/wp-content\/uploads\/2024\/05\/Semuttran-intensifica-acoes-de-conscientizacao-com-forcas-de-seguranca-no-Maio-Amarelo-1536x1149.jpeg 1536w, https:\/\/piracicaba.sp.gov.br\/wp-content\/uploads\/2024\/05\/Semuttran-intensifica-acoes-de-conscientizacao-com-forcas-de-seguranca-no-Maio-Amarelo-2048x1532.jpeg 2048w\" sizes=\"(max-width: 1024px) 100vw, 1024px\"\/><figcaption class=\"wp-element-caption\"><strong><em><sub>Semuttran intensifica a\u00e7\u00f5es de conscientiza\u00e7\u00e3o com for\u00e7as de seguran\u00e7a no Maio Amarelo<\/sub><\/em><\/strong><\/figcaption><\/figure>\n<p>Durante as blitzes de conscientiza\u00e7\u00e3o, s\u00e3o feitas abordagens educativas com o objetivo de orientar sobre a import\u00e2ncia de respeitar as leis de tr\u00e2nsito para redu\u00e7\u00e3o de acidentes nas vias. Al\u00e9m da verifica\u00e7\u00e3o dos ve\u00edculos, os agentes tamb\u00e9m distribuem materiais da campanha.<\/p>\n<p>O cronograma se iniciou com a\u00e7\u00f5es nos tr\u00eas primeiros dias de maio, a primeira em conjunto com a Pol\u00edcia Rodovi\u00e1ria na avenida Alidor Pecorari (01\/05); a segunda com a GCM e PM no cruzamento das avenidas Armando Salles de Oliveira com a Renato Wagner (02\/05); e a terceira no trecho entre as avenidas Alberto Vollet Sachs, Dois C\u00f3rregos e Rio das Pedras, que registra um alto \u00edndice de acidentes.<\/p>\n<figure class=\"wp-block-image size-large\"><img data-recalc-dims=\"1\" loading=\"lazy\" decoding=\"async\" width=\"696\" height=\"522\" src=\"https:\/\/i0.wp.com\/piracicaba.sp.gov.br\/wp-content\/uploads\/2024\/05\/Agentes-instalam-kit-corta-pipa-em-motocicletas-durante-acao-de-conscientizacao-do-Maio-Amarelo-1024x768.jpeg?resize=696%2C522&#038;ssl=1\" alt=\"\" class=\"wp-image-78431\" srcset=\"https:\/\/piracicaba.sp.gov.br\/wp-content\/uploads\/2024\/05\/Agentes-instalam-kit-corta-pipa-em-motocicletas-durante-acao-de-conscientizacao-do-Maio-Amarelo-1024x768.jpeg 1024w, https:\/\/piracicaba.sp.gov.br\/wp-content\/uploads\/2024\/05\/Agentes-instalam-kit-corta-pipa-em-motocicletas-durante-acao-de-conscientizacao-do-Maio-Amarelo-300x225.jpeg 300w, https:\/\/piracicaba.sp.gov.br\/wp-content\/uploads\/2024\/05\/Agentes-instalam-kit-corta-pipa-em-motocicletas-durante-acao-de-conscientizacao-do-Maio-Amarelo-768x576.jpeg 768w, https:\/\/piracicaba.sp.gov.br\/wp-content\/uploads\/2024\/05\/Agentes-instalam-kit-corta-pipa-em-motocicletas-durante-acao-de-conscientizacao-do-Maio-Amarelo-1536x1152.jpeg 1536w, https:\/\/piracicaba.sp.gov.br\/wp-content\/uploads\/2024\/05\/Agentes-instalam-kit-corta-pipa-em-motocicletas-durante-acao-de-conscientizacao-do-Maio-Amarelo.jpeg 1600w\" sizes=\"auto, (max-width: 1024px) 100vw, 1024px\"\/><figcaption class=\"wp-element-caption\"><strong><em><sub>Agentes instalam kit corta pipa em motocicletas durante a\u00e7\u00e3o de conscientiza\u00e7\u00e3o do Maio Amarelo<\/sub><\/em><\/strong><\/figcaption><\/figure>\n<p>\u201cEstamos intensificando as abordagens, e nessas a\u00e7\u00f5es, ressaltando a import\u00e2ncia do respeito \u00e0s leis de tr\u00e2nsito. Como o tema frisa sobre a paz no tr\u00e2nsito come\u00e7ar por voc\u00ea, o primeiro passo \u00e9 exaltar a quest\u00e3o do respeito ao pr\u00f3ximo e a quem te espera. Esperamos atingir em massa a sociedade e assim conscientizar a todos\u201d, explica a secret\u00e1ria da Semuttran, Jane Franco.<\/p>\n<p><strong>FISCALIZA\u00c7\u00c3O \u2013 <\/strong>Ontem, quinta-feira, 02\/05, agentes da Semuttran em conjunto com a Pol\u00edcia Rodovi\u00e1ria, PM e o DER (Departamento de Estradas de Rodagem) realizaram a opera\u00e7\u00e3o H\u00e9rcules com o objetivo de fiscalizar motocicletas. A a\u00e7\u00e3o foi feita entre 7h30 e 10h na SP 135, no acesso a Piracicaba pela Avenida Doutor C\u00e1ssio Pascoal Padovani.<\/p>\n<figure class=\"wp-block-image size-large\"><img data-recalc-dims=\"1\" loading=\"lazy\" decoding=\"async\" width=\"696\" height=\"522\" src=\"https:\/\/i0.wp.com\/piracicaba.sp.gov.br\/wp-content\/uploads\/2024\/05\/Operacao-Hercules-realizada-pela-PM-e-Semuttran-na-quinta-feira-2-de-maio-1024x768.jpeg?resize=696%2C522&#038;ssl=1\" alt=\"\" class=\"wp-image-78429\" srcset=\"https:\/\/piracicaba.sp.gov.br\/wp-content\/uploads\/2024\/05\/Operacao-Hercules-realizada-pela-PM-e-Semuttran-na-quinta-feira-2-de-maio-1024x768.jpeg 1024w, https:\/\/piracicaba.sp.gov.br\/wp-content\/uploads\/2024\/05\/Operacao-Hercules-realizada-pela-PM-e-Semuttran-na-quinta-feira-2-de-maio-300x225.jpeg 300w, https:\/\/piracicaba.sp.gov.br\/wp-content\/uploads\/2024\/05\/Operacao-Hercules-realizada-pela-PM-e-Semuttran-na-quinta-feira-2-de-maio-768x576.jpeg 768w, https:\/\/piracicaba.sp.gov.br\/wp-content\/uploads\/2024\/05\/Operacao-Hercules-realizada-pela-PM-e-Semuttran-na-quinta-feira-2-de-maio-1536x1152.jpeg 1536w, https:\/\/piracicaba.sp.gov.br\/wp-content\/uploads\/2024\/05\/Operacao-Hercules-realizada-pela-PM-e-Semuttran-na-quinta-feira-2-de-maio.jpeg 1600w\" sizes=\"auto, (max-width: 1024px) 100vw, 1024px\"\/><figcaption class=\"wp-element-caption\"><strong><em><sub>Opera\u00e7\u00e3o H\u00e9rcules realizada pela PM e Semuttran na quinta-feira, 2 de maio<\/sub><\/em><\/strong><\/figcaption><\/figure>\n<p>Al\u00e9m do tr\u00e1fego rotineiro de motocicletas no trecho, o local foi escolhido por ser prov\u00e1vel rota de ve\u00edculos que foram furtados ou roubados em Piracicaba. Ao todo foram fiscalizadas 72 motocicletas, com 33 condutores autuados por irregularidades. Um motociclista tamb\u00e9m foi autuado ap\u00f3s o teste do etil\u00f4metro ter apontado a ingest\u00e3o de bebida alco\u00f3lica.<\/p>\n<p>Os agentes da Semuttran tamb\u00e9m fizeram a entrega de oito kits corta-pipa para serem instalados nas motocicletas, parte das a\u00e7\u00f5es que ocorrem no Maio Amarelo.<\/p>\n<p><strong>A\u00c7\u00d5ES EM ABRIL \u2013<\/strong> Antecipando o Maio Amarelo, a Semuttran intensificou as a\u00e7\u00f5es de conscientiza\u00e7\u00e3o e fiscaliza\u00e7\u00f5es no m\u00eas de abril. Na \u00faltima quinzena, foram realizadas duas opera\u00e7\u00f5es H\u00e9rcules, nos dias 25 e 30 de abril, nas avenidas Armando Sales de Oliveira (Centro) e Luiz Ralf Benatti (M\u00e1rio Dedini), respectivamente. Nas duas a\u00e7\u00f5es, foram autuados 36 ve\u00edculos por irregularidades e oito ve\u00edculos foram apreendidos.<\/p>\n<figure class=\"wp-block-image size-large\"><img data-recalc-dims=\"1\" loading=\"lazy\" decoding=\"async\" width=\"696\" height=\"321\" src=\"https:\/\/i0.wp.com\/piracicaba.sp.gov.br\/wp-content\/uploads\/2024\/05\/Operacao-Hercules-entre-GCM-Semuttran-e-PM-fiscaliza-motocicletas-em-abril-1024x473.jpeg?resize=696%2C321&#038;ssl=1\" alt=\"\" class=\"wp-image-78427\" srcset=\"https:\/\/piracicaba.sp.gov.br\/wp-content\/uploads\/2024\/05\/Operacao-Hercules-entre-GCM-Semuttran-e-PM-fiscaliza-motocicletas-em-abril-1024x473.jpeg 1024w, https:\/\/piracicaba.sp.gov.br\/wp-content\/uploads\/2024\/05\/Operacao-Hercules-entre-GCM-Semuttran-e-PM-fiscaliza-motocicletas-em-abril-300x139.jpeg 300w, https:\/\/piracicaba.sp.gov.br\/wp-content\/uploads\/2024\/05\/Operacao-Hercules-entre-GCM-Semuttran-e-PM-fiscaliza-motocicletas-em-abril-768x355.jpeg 768w, https:\/\/piracicaba.sp.gov.br\/wp-content\/uploads\/2024\/05\/Operacao-Hercules-entre-GCM-Semuttran-e-PM-fiscaliza-motocicletas-em-abril-1536x709.jpeg 1536w, https:\/\/piracicaba.sp.gov.br\/wp-content\/uploads\/2024\/05\/Operacao-Hercules-entre-GCM-Semuttran-e-PM-fiscaliza-motocicletas-em-abril.jpeg 1600w\" sizes=\"auto, (max-width: 1024px) 100vw, 1024px\"\/><figcaption class=\"wp-element-caption\"><strong><em><sub>Opera\u00e7\u00e3o H\u00e9rcules entre GCM, Semuttran e PM fiscaliza motocicletas em abril<\/sub><\/em><\/strong><\/figcaption><\/figure>\n<\/div>\n<p><br \/>\n<br \/><a href=\"https:\/\/piracicaba.sp.gov.br\/noticias\/maio-amarelo-semuttran-inicia-campanha-com-blitzes-de-conscientizacao-e-operacoes-conjuntas\/\" rel=\"noopener\">Informa\u00e7\u00f5es PMP <\/a><\/p>\n","protected":false},"excerpt":{"rendered":"<p>A Secretaria Municipal de Mobilidade Urbana, Tr\u00e2nsito e Transportes (Semuttran) iniciou uma s\u00e9rie de a\u00e7\u00f5es em conjunto com a Guarda Civil Metropolitana (GCM) e as pol\u00edcias Militar (PM) e Militar Rodovi\u00e1ria (PMR) em alus\u00e3o ao movimento Maio Amarelo, de conscientiza\u00e7\u00e3o para redu\u00e7\u00e3o de acidentes no tr\u00e2nsito. Este ano a campanha tem como tema Paz no [&hellip;]<\/p>\n","protected":false},"author":1,"featured_media":3716,"comment_status":"open","ping_status":"open","sticky":false,"template":"","format":"standard","meta":{"_jetpack_newsletter_access":"","_jetpack_dont_email_post_to_subs":false,"_jetpack_newsletter_tier_id":0,"_jetpack_memberships_contains_paywalled_content":false,"_mbp_banners":[],"_jetpack_feature_clip_id":0,"_jetpack_memberships_contains_paid_content":false,"footnotes":"","jetpack_publicize_message":"","jetpack_publicize_feature_enabled":true,"jetpack_social_post_already_shared":true,"jetpack_social_options":{"image_generator_settings":{"template":"highway","default_image_id":0,"font":"","enabled":false},"version":2},"jetpack_post_was_ever_published":false},"categories":[20],"tags":[],"class_list":["post-3715","post","type-post","status-publish","format-standard","has-post-thumbnail","category-regiao"],"jetpack_publicize_connections":[],"jetpack-related-posts":[],"jetpack_shortlink":"https:\/\/wp.me\/p7Eq1F-XV","jetpack_sharing_enabled":true,"jetpack_featured_media_url":"https:\/\/i0.wp.com\/guialimeira.com.br\/news\/wp-content\/uploads\/2024\/05\/Semuttran-intensifica-acoes-de-conscientizacao-com-forcas-de-seguranca-no-Maio-Amarelo-1024x766.jpeg?fit=1024%2C766&ssl=1","_links":{"self":[{"href":"https:\/\/guialimeira.com.br\/news\/wp-json\/wp\/v2\/posts\/3715","targetHints":{"allow":["GET"]}}],"collection":[{"href":"https:\/\/guialimeira.com.br\/news\/wp-json\/wp\/v2\/posts"}],"about":[{"href":"https:\/\/guialimeira.com.br\/news\/wp-json\/wp\/v2\/types\/post"}],"author":[{"embeddable":true,"href":"https:\/\/guialimeira.com.br\/news\/wp-json\/wp\/v2\/users\/1"}],"replies":[{"embeddable":true,"href":"https:\/\/guialimeira.com.br\/news\/wp-json\/wp\/v2\/comments?post=3715"}],"version-history":[{"count":0,"href":"https:\/\/guialimeira.com.br\/news\/wp-json\/wp\/v2\/posts\/3715\/revisions"}],"wp:featuredmedia":[{"embeddable":true,"href":"https:\/\/guialimeira.com.br\/news\/wp-json\/wp\/v2\/media\/3716"}],"wp:attachment":[{"href":"https:\/\/guialimeira.com.br\/news\/wp-json\/wp\/v2\/media?parent=3715"}],"wp:term":[{"taxonomy":"category","embeddable":true,"href":"https:\/\/guialimeira.com.br\/news\/wp-json\/wp\/v2\/categories?post=3715"},{"taxonomy":"post_tag","embeddable":true,"href":"https:\/\/guialimeira.com.br\/news\/wp-json\/wp\/v2\/tags?post=3715"}],"curies":[{"name":"wp","href":"https:\/\/api.w.org\/{rel}","templated":true}]}}