{"id":3708,"date":"2024-05-03T22:13:42","date_gmt":"2024-05-04T01:13:42","guid":{"rendered":"https:\/\/guialimeira.com.br\/2024\/05\/03\/conselho-de-defesa-do-patrimonio-cultural-elege-nova-diretoria-portal-do-municipio-de-piracicaba\/"},"modified":"2024-05-03T22:13:42","modified_gmt":"2024-05-04T01:13:42","slug":"conselho-de-defesa-do-patrimonio-cultural-elege-nova-diretoria-portal-do-municipio-de-piracicaba","status":"publish","type":"post","link":"https:\/\/guialimeira.com.br\/news\/conselho-de-defesa-do-patrimonio-cultural-elege-nova-diretoria-portal-do-municipio-de-piracicaba\/","title":{"rendered":"Conselho de Defesa do Patrim\u00f4nio Cultural elege nova diretoria \u2013 Portal do Munic\u00edpio de Piracicaba"},"content":{"rendered":"<p> <br \/>\n<\/p>\n<div itemprop=\"articleBody\">\n<div class=\"m-auto col-lg-8\">\n<figure class=\"text-center\">\n          <img data-recalc-dims=\"1\" width=\"696\" height=\"522\" src=\"https:\/\/i0.wp.com\/piracicaba.sp.gov.br\/wp-content\/uploads\/2024\/05\/Nova-diretoria-foi-eleita-por-meio-de-votacao-em-reuniao-na-tarde-de-hoje-03-1024x768.jpeg?resize=696%2C522&#038;ssl=1\" class=\"img-fluid img-thumbnail border-1 wp-post-image\" alt=\"Nova diretoria foi eleita por meio de vota\u00e7\u00e3o em reuni\u00e3o na tarde de hoje, 03\" itemprop=\"image\" decoding=\"async\" fetchpriority=\"high\" srcset=\"https:\/\/piracicaba.sp.gov.br\/wp-content\/uploads\/2024\/05\/Nova-diretoria-foi-eleita-por-meio-de-votacao-em-reuniao-na-tarde-de-hoje-03-1024x768.jpeg 1024w, https:\/\/piracicaba.sp.gov.br\/wp-content\/uploads\/2024\/05\/Nova-diretoria-foi-eleita-por-meio-de-votacao-em-reuniao-na-tarde-de-hoje-03-300x225.jpeg 300w, https:\/\/piracicaba.sp.gov.br\/wp-content\/uploads\/2024\/05\/Nova-diretoria-foi-eleita-por-meio-de-votacao-em-reuniao-na-tarde-de-hoje-03-768x576.jpeg 768w, https:\/\/piracicaba.sp.gov.br\/wp-content\/uploads\/2024\/05\/Nova-diretoria-foi-eleita-por-meio-de-votacao-em-reuniao-na-tarde-de-hoje-03-1536x1152.jpeg 1536w, https:\/\/piracicaba.sp.gov.br\/wp-content\/uploads\/2024\/05\/Nova-diretoria-foi-eleita-por-meio-de-votacao-em-reuniao-na-tarde-de-hoje-03.jpeg 1600w\" sizes=\"(max-width: 1024px) 100vw, 1024px\"\/><figcaption class=\"text-center small fw-bold fst-italic mt-1\">Nova diretoria foi eleita por meio de vota\u00e7\u00e3o em reuni\u00e3o na tarde de hoje, 03<\/figcaption><\/figure>\n<p>O Codepac (Conselho de Defesa do Patrim\u00f4nio Cultural) realizou elei\u00e7\u00e3o para a Mesa Diretora 2024\u00a0em\u00a0reuni\u00e3o\u00a0na tarde de hoje, sexta-feira, 3\/05, na sede da Semac (Secretaria Municipal da A\u00e7\u00e3o Cultural),\u00a0no Parque do Engenho Central. No pleito, que contou com a presen\u00e7a de 15 membros titulares e um suplente da gest\u00e3o 2021-2024, Alvaro\u00a0Luis\u00a0Saviani, representante do Poder P\u00fablico, foi eleito presidente, com Jane Franco Oliveira, do Poder P\u00fablico, como vice-presidente.<\/p>\n<p>Tamb\u00e9m foram eleitos novos 1\u00b0 Secret\u00e1rio e 2\u00b0 Secret\u00e1rio, postos que ser\u00e3o assumidos, respectivamente, por Juliana Damiames Baccarin e Sueli Regina Chiaranda, ambas representantes do Poder P\u00fablico. Na reuni\u00e3o, houve apenas um candidato para cada cargo e sem interesse de algum\u00a0integrante da Sociedade Civil.\u00a0Todos eles ficam nos respectivos cargos na Mesa Diretora at\u00e9 o fim da atual administra\u00e7\u00e3o municipal.<\/p>\n<p>\u201c\u00c9 uma honra assumir a presid\u00eancia do Codepac e reconhe\u00e7o a relev\u00e2ncia do Conselho para o munic\u00edpio, pois nossa cidade \u00e9 um celeiro rico em hist\u00f3ria e cultura. Por isso, sei da grande responsabilidade que esta nova diretoria e todos os conselheiros ter\u00e3o de assumir, a fim de elaborar a\u00e7\u00f5es efetivas para cumprir o papel fundamental do Codepac, de colaborar e zelar pela defesa e preserva\u00e7\u00e3o do patrim\u00f4nio hist\u00f3rico-cultural de Piracicaba\u201d, destaca Saviani.<\/p>\n<p>A lista completa dos representantes do Poder P\u00fablico e da Sociedade Civil da atual gest\u00e3o do Codepac podem ser conferidos em\u00a0<a href=\"https:\/\/conselhos.piracicaba.sp.gov.br\/codepac\/conselheiros\" target=\"_blank\" rel=\"noreferrer noopener\">https:\/\/conselhos.piracicaba.sp.gov.br\/codepac\/conselheiros<\/a>.\u00a0<\/p>\n<\/p><\/div>\n<\/p><\/div>\n<p><br \/>\n<br \/><a href=\"https:\/\/piracicaba.sp.gov.br\/noticias\/conselho-de-defesa-do-patrimonio-cultural-elege-nova-diretoria\/\" rel=\"noopener\">Informa\u00e7\u00f5es PMP <\/a><\/p>\n","protected":false},"excerpt":{"rendered":"<p>Nova diretoria foi eleita por meio de vota\u00e7\u00e3o em reuni\u00e3o na tarde de hoje, 03 O Codepac (Conselho de Defesa do Patrim\u00f4nio Cultural) realizou elei\u00e7\u00e3o para a Mesa Diretora 2024\u00a0em\u00a0reuni\u00e3o\u00a0na tarde de hoje, sexta-feira, 3\/05, na sede da Semac (Secretaria Municipal da A\u00e7\u00e3o Cultural),\u00a0no Parque do Engenho Central. No pleito, que contou com a presen\u00e7a [&hellip;]<\/p>\n","protected":false},"author":1,"featured_media":3709,"comment_status":"open","ping_status":"open","sticky":false,"template":"","format":"standard","meta":{"_jetpack_newsletter_access":"","_jetpack_dont_email_post_to_subs":false,"_jetpack_newsletter_tier_id":0,"_jetpack_memberships_contains_paywalled_content":false,"_mbp_banners":[],"_jetpack_feature_clip_id":0,"_jetpack_memberships_contains_paid_content":false,"footnotes":"","jetpack_publicize_message":"","jetpack_publicize_feature_enabled":true,"jetpack_social_post_already_shared":true,"jetpack_social_options":{"image_generator_settings":{"template":"highway","default_image_id":0,"font":"","enabled":false},"version":2},"jetpack_post_was_ever_published":false},"categories":[20],"tags":[],"class_list":["post-3708","post","type-post","status-publish","format-standard","has-post-thumbnail","category-regiao"],"jetpack_publicize_connections":[],"jetpack-related-posts":[],"jetpack_shortlink":"https:\/\/wp.me\/p7Eq1F-XO","jetpack_sharing_enabled":true,"jetpack_featured_media_url":"https:\/\/i0.wp.com\/guialimeira.com.br\/news\/wp-content\/uploads\/2024\/05\/Nova-diretoria-foi-eleita-por-meio-de-votacao-em-reuniao-na-tarde-de-hoje-03.jpeg?fit=1600%2C1200&ssl=1","_links":{"self":[{"href":"https:\/\/guialimeira.com.br\/news\/wp-json\/wp\/v2\/posts\/3708","targetHints":{"allow":["GET"]}}],"collection":[{"href":"https:\/\/guialimeira.com.br\/news\/wp-json\/wp\/v2\/posts"}],"about":[{"href":"https:\/\/guialimeira.com.br\/news\/wp-json\/wp\/v2\/types\/post"}],"author":[{"embeddable":true,"href":"https:\/\/guialimeira.com.br\/news\/wp-json\/wp\/v2\/users\/1"}],"replies":[{"embeddable":true,"href":"https:\/\/guialimeira.com.br\/news\/wp-json\/wp\/v2\/comments?post=3708"}],"version-history":[{"count":0,"href":"https:\/\/guialimeira.com.br\/news\/wp-json\/wp\/v2\/posts\/3708\/revisions"}],"wp:featuredmedia":[{"embeddable":true,"href":"https:\/\/guialimeira.com.br\/news\/wp-json\/wp\/v2\/media\/3709"}],"wp:attachment":[{"href":"https:\/\/guialimeira.com.br\/news\/wp-json\/wp\/v2\/media?parent=3708"}],"wp:term":[{"taxonomy":"category","embeddable":true,"href":"https:\/\/guialimeira.com.br\/news\/wp-json\/wp\/v2\/categories?post=3708"},{"taxonomy":"post_tag","embeddable":true,"href":"https:\/\/guialimeira.com.br\/news\/wp-json\/wp\/v2\/tags?post=3708"}],"curies":[{"name":"wp","href":"https:\/\/api.w.org\/{rel}","templated":true}]}}