{"id":3706,"date":"2024-05-03T21:53:50","date_gmt":"2024-05-04T00:53:50","guid":{"rendered":"https:\/\/guialimeira.com.br\/2024\/05\/03\/revisao-do-plano-diretor-de-turismo-e-aprovado-na-camara-municipal\/"},"modified":"2024-05-03T21:53:50","modified_gmt":"2024-05-04T00:53:50","slug":"revisao-do-plano-diretor-de-turismo-e-aprovado-na-camara-municipal","status":"publish","type":"post","link":"https:\/\/guialimeira.com.br\/news\/revisao-do-plano-diretor-de-turismo-e-aprovado-na-camara-municipal\/","title":{"rendered":"Revis\u00e3o do Plano Diretor de Turismo \u00e9 aprovado na C\u00e2mara Municipal"},"content":{"rendered":"<p> <br \/>\n<\/p>\n<div>\n            <main class=\"\">&#13;<br \/>\n                &#13;<br \/>\n&#13;<br \/>\n&#13;<br \/>\n&#13;<br \/>\n    <img data-recalc-dims=\"1\" decoding=\"async\" src=\"https:\/\/i0.wp.com\/ecrie.com.br\/sistema\/conteudos\/imagem\/m_137_0_1_03052024124824.jpeg?w=696&#038;ssl=1\" alt=\"Revis\u00e3o do Plano Diretor de Turismo \u00e9 aprovado na C\u00e2mara Municipal\"\/>&#13;<br \/>\n&#13;<\/p>\n<p>A Revis\u00e3o do Plano Diretor de Turismo para o exerc\u00edcio 2024-2027 foi aprovada na \u00faltima sess\u00e3o da C\u00e2mara Municipal, na segunda-feira (29), por meio do Projeto de Lei Complementar N\u00b0 6\/2024, de autoria da Prefeitura de Limeira.<\/p>\n<p>&#13;<\/p>\n<p>\u00a0<\/p>\n<p>&#13;<\/p>\n<p>Conforme a justificativa da proposta, o objetivo da revis\u00e3o parte da necessidade de cumprir a Lei Complementar N\u00ba 1.261\/2015, que estabelece as condi\u00e7\u00f5es e os requisitos para a classifica\u00e7\u00e3o de Est\u00e2ncias e de Munic\u00edpios de Interesse Tur\u00edstico, considerando os temas e demandas atuais da sociedade, assim como o atendimento das quest\u00f5es t\u00e9cnicas inerentes ao processo de planejamento tur\u00edstico.<\/p>\n<p>&#13;<\/p>\n<p>\u00a0<\/p>\n<p>&#13;<\/p>\n<p>Os trabalhos foram coordenados pela turism\u00f3loga e chefe do Setor de Turismo, da Secretaria de Desenvolvimento, Turismo e Inova\u00e7\u00e3o, Luciene Sizino, com o apoio do Conselho de Turismo (Comtur) e de t\u00e9cnicos da pasta. O documento apresentado segue uma estrutura l\u00f3gica que interliga os diagn\u00f3sticos, progn\u00f3sticos, objetivos, resultados esperados e a proposi\u00e7\u00e3o de programas, projetos e a\u00e7\u00f5es para a \u00e1rea.<\/p>\n<p>&#13;<\/p>\n<p>\u00a0<\/p>\n<p>&#13;<\/p>\n<p>De acordo com Luciene, dentre os principais objetivos, \u201co Plano Diretor envolve organizar o setor tur\u00edstico, melhorar a qualidade de vida da popula\u00e7\u00e3o com a capta\u00e7\u00e3o de recursos e fomentar a gera\u00e7\u00e3o de emprego e renda por meio da atividade tur\u00edstica\u201d.\u00a0<\/p>\n<p>&#13;<\/p>\n<p>\u00a0<\/p>\n<p>&#13;<\/p>\n<p>O secret\u00e1rio de Desenvolvimento, Tito Almirall, durante a sess\u00e3o, destacou a import\u00e2ncia do projeto para Limeira. \u201cAs medidas a serem adotadas visam manter o munic\u00edpio como uma cidade de interesse tur\u00edstico, e essa posi\u00e7\u00e3o faz com que o Governo do Estado repasse recursos direcionados ao turismo, que t\u00eam sido utilizados para reestruturar o Horto Florestal e o Parque Cidade\u201d, comentou.<\/p>\n<p>&#13;<\/p>\n<p>\u00a0<\/p>\n<p>&#13;<\/p>\n<p>As demais disposi\u00e7\u00f5es da Lei Complementar N\u00ba 876\/2021, que aprovou a Revis\u00e3o do Plano Diretor de Turismo de Limeira 2021-2024, que n\u00e3o colidam com a revis\u00e3o atual permanecem inalteradas.<\/p>\n<p>&#13;<\/p>\n<p>\u00a0<\/p>\n<p>&#13;<br \/>\n&#13;<br \/>\n&#13;<br \/>\n&#13;<\/p>\n<aside class=\"list-related no-print\">&#13;<br \/>\n        &#13;<br \/>\n&#13;<\/p>\n<article class=\"list-item noticias \">&#13;<br \/>\n                    <a class=\"list-item__img\" href=\"https:\/\/limeira.sp.gov.br\/imprensa\/noticias\/desenvolvimento-turismo-e-inovacao\/cadastro-do-ministerio-do-turismo-promove-legalizacao-do-setor\" tabindex=\"-1\" aria-hidden=\"true\" rel=\"noopener\">&#13;<br \/>\n                        <img data-recalc-dims=\"1\" decoding=\"async\" src=\"https:\/\/i0.wp.com\/ecrie.com.br\/sistema\/conteudos\/imagem\/m_137_0_1_02022023115306.jpg?w=696&#038;ssl=1\" alt=\"Cadastro do Minist\u00e9rio do Turismo promove legaliza\u00e7\u00e3o do setor\"\/>&#13;<br \/>\n                    <\/a>&#13;<br \/>\n&#13;<br \/>\n                &#13;<br \/>\n            <\/article>\n<p>&#13;<\/p>\n<article class=\"list-item noticias \">&#13;<br \/>\n                    <a class=\"list-item__img\" href=\"https:\/\/limeira.sp.gov.br\/imprensa\/noticias\/desenvolvimento-turismo-e-inovacao\/empresa-tem-50-vagas-para-atendimento-receptivo\" tabindex=\"-1\" aria-hidden=\"true\" rel=\"noopener\">&#13;<br \/>\n                        <img data-recalc-dims=\"1\" decoding=\"async\" src=\"https:\/\/i0.wp.com\/ecrie.com.br\/sistema\/conteudos\/imagem\/m_137_0_1_03052024151809.jpg?w=696&#038;ssl=1\" alt=\"Empresa tem 50 vagas para atendimento receptivo\"\/>&#13;<br \/>\n                    <\/a>&#13;<br \/>\n&#13;<br \/>\n                &#13;<br \/>\n            <\/article>\n<p>&#13;<\/p>\n<article class=\"list-item noticias \">&#13;<br \/>\n                    <a class=\"list-item__img\" href=\"https:\/\/limeira.sp.gov.br\/imprensa\/noticias\/desenvolvimento-turismo-e-inovacao\/dia-do-trabalho-altera-servicos-da-prefeitura-de-limeira\" tabindex=\"-1\" aria-hidden=\"true\" rel=\"noopener\">&#13;<br \/>\n                        <img data-recalc-dims=\"1\" decoding=\"async\" src=\"https:\/\/i0.wp.com\/ecrie.com.br\/sistema\/conteudos\/imagem\/m_137_0_1_29042024173843.jpg?w=696&#038;ssl=1\" alt=\"Dia do Trabalho altera servi\u00e7os da Prefeitura de Limeira\"\/>&#13;<br \/>\n                    <\/a>&#13;<br \/>\n&#13;<br \/>\n                &#13;<br \/>\n            <\/article>\n<p>&#13;<br \/>\n    <\/aside>\n<p>&#13;<br \/>\n&#13;<br \/>\n            <\/main><\/p><\/div>\n<p><br \/>\n<br \/><a href=\"https:\/\/limeira.sp.gov.br\/revisao-do-plano-diretor-de-turismo-e-aprovado-na-camara-municipal\" rel=\"noopener\">Informa\u00e7\u00f5es da PML <\/a><\/p>\n","protected":false},"excerpt":{"rendered":"<p>&#13; &#13; &#13; &#13; &#13; &#13; &#13; A Revis\u00e3o do Plano Diretor de Turismo para o exerc\u00edcio 2024-2027 foi aprovada na \u00faltima sess\u00e3o da C\u00e2mara Municipal, na segunda-feira (29), por meio do Projeto de Lei Complementar N\u00b0 6\/2024, de autoria da Prefeitura de Limeira. &#13; \u00a0 &#13; Conforme a justificativa da proposta, o objetivo da [&hellip;]<\/p>\n","protected":false},"author":1,"featured_media":3707,"comment_status":"open","ping_status":"open","sticky":false,"template":"","format":"standard","meta":{"_jetpack_newsletter_access":"","_jetpack_dont_email_post_to_subs":false,"_jetpack_newsletter_tier_id":0,"_jetpack_memberships_contains_paywalled_content":false,"_mbp_banners":[],"_jetpack_feature_clip_id":0,"_jetpack_memberships_contains_paid_content":false,"footnotes":"","jetpack_publicize_message":"","jetpack_publicize_feature_enabled":true,"jetpack_social_post_already_shared":true,"jetpack_social_options":{"image_generator_settings":{"template":"highway","default_image_id":0,"font":"","enabled":false},"version":2},"jetpack_post_was_ever_published":false},"categories":[16],"tags":[],"class_list":["post-3706","post","type-post","status-publish","format-standard","has-post-thumbnail","category-local"],"jetpack_publicize_connections":[],"jetpack-related-posts":[],"jetpack_shortlink":"https:\/\/wp.me\/p7Eq1F-XM","jetpack_sharing_enabled":true,"jetpack_featured_media_url":"https:\/\/i0.wp.com\/guialimeira.com.br\/news\/wp-content\/uploads\/2024\/05\/m_137_0_1_03052024124824.jpeg?fit=900%2C675&ssl=1","_links":{"self":[{"href":"https:\/\/guialimeira.com.br\/news\/wp-json\/wp\/v2\/posts\/3706","targetHints":{"allow":["GET"]}}],"collection":[{"href":"https:\/\/guialimeira.com.br\/news\/wp-json\/wp\/v2\/posts"}],"about":[{"href":"https:\/\/guialimeira.com.br\/news\/wp-json\/wp\/v2\/types\/post"}],"author":[{"embeddable":true,"href":"https:\/\/guialimeira.com.br\/news\/wp-json\/wp\/v2\/users\/1"}],"replies":[{"embeddable":true,"href":"https:\/\/guialimeira.com.br\/news\/wp-json\/wp\/v2\/comments?post=3706"}],"version-history":[{"count":0,"href":"https:\/\/guialimeira.com.br\/news\/wp-json\/wp\/v2\/posts\/3706\/revisions"}],"wp:featuredmedia":[{"embeddable":true,"href":"https:\/\/guialimeira.com.br\/news\/wp-json\/wp\/v2\/media\/3707"}],"wp:attachment":[{"href":"https:\/\/guialimeira.com.br\/news\/wp-json\/wp\/v2\/media?parent=3706"}],"wp:term":[{"taxonomy":"category","embeddable":true,"href":"https:\/\/guialimeira.com.br\/news\/wp-json\/wp\/v2\/categories?post=3706"},{"taxonomy":"post_tag","embeddable":true,"href":"https:\/\/guialimeira.com.br\/news\/wp-json\/wp\/v2\/tags?post=3706"}],"curies":[{"name":"wp","href":"https:\/\/api.w.org\/{rel}","templated":true}]}}