{"id":36980,"date":"2025-06-22T16:10:10","date_gmt":"2025-06-22T19:10:10","guid":{"rendered":"https:\/\/guialimeira.com.br\/2025\/06\/22\/aniversariante-hugo-calderano-conquista-o-bi-em-torneio-na-eslovenia\/"},"modified":"2025-06-22T16:10:10","modified_gmt":"2025-06-22T19:10:10","slug":"aniversariante-hugo-calderano-conquista-o-bi-em-torneio-na-eslovenia","status":"publish","type":"post","link":"https:\/\/guialimeira.com.br\/news\/aniversariante-hugo-calderano-conquista-o-bi-em-torneio-na-eslovenia\/","title":{"rendered":"Aniversariante, Hugo Calderano conquista o bi em torneio na Eslov\u00eania"},"content":{"rendered":"<p> <br \/>\n<\/p>\n<div>\n<p>O brasileiro Hugo Calderano conquistou neste domingo (22), dia em que celebra o anivers\u00e1rio de 29 anos, o t\u00edtulo do WTT Star Contender de Liubliana.<img data-recalc-dims=\"1\" decoding=\"async\" src=\"https:\/\/i0.wp.com\/agenciabrasil.ebc.com.br\/ebc.png?w=696&#038;ssl=1\" style=\"width:1px; height:1px; display:inline;\"\/><img data-recalc-dims=\"1\" decoding=\"async\" src=\"https:\/\/i0.wp.com\/agenciabrasil.ebc.com.br\/ebc.gif?w=696&#038;ssl=1\" style=\"width:1px; height:1px; display:inline;\"\/><\/p>\n<p>N\u00famero tr\u00eas do ranking da WTT (sigla, em ingl\u00eas, para T\u00eanis de Mesa Mundial), o carioca superou, na final individual masculina, o franc\u00eas F\u00e9lix Lebrun (7\u00ba) por 4 sets a 2, parciais de 12\/10, 15\/13, 11\/13, 8\/11 e 11\/6, garantindo o bicampeonato do torneio em solo esloveno.<\/p>\n<p><strong>A vaga na decis\u00e3o foi conquistada nas primeiras horas deste domingo.<\/strong> Pela semifinal, o brasileiro derrotou Alexis Lebrun (12\u00ba), irm\u00e3o de F\u00e9lix e atual campe\u00e3o europeu, por 3 a 2, de virada, com parciais de 11\/13, 11\/13, 11\/8, 11\/8 e 11\/6.<\/p>\n<p>Os \u00faltimos tr\u00eas meses t\u00eam sido de resultados hist\u00f3ricos para o carioca. Em abril, ele conquistou o t\u00edtulo da Copa do Mundo de t\u00eanis de mesa, em Macau, passando pelos ent\u00e3o tr\u00eas melhores jogadores do ranking &#8211; Hugo era o quarto colocado. Em maio, o brasileiro foi vice-campe\u00e3o mundial em Doha, no Catar. J\u00e1 na semana passada, o carioca ganhou a Liga Alem\u00e3 de Clubes pelo Liebherr Ochsenhausen.<\/p>\n<p><strong>J\u00e1 na final de duplas mistas, tamb\u00e9m disputada neste domingo, n\u00e3o deu para a parceria de Hugo e Bruna Takahashi<\/strong>. Eles foram superados pelos sul-coreanos Lim Jong-Hoo e Shin Yu-Bin por 3 a 0, com parciais de 10\/12, 7\/11 e 7\/11, e ficaram com a prata. Os asi\u00e1ticos foram bronze na Olimp\u00edada de Paris e no Mundial deste ano.<\/p>\n<p>      <!-- Relacionada --><\/p>\n<p>            <!-- Relacionada -->\n    <\/div>\n<p><br \/>\n<br \/><a href=\"https:\/\/agenciabrasil.ebc.com.br\/esportes\/noticia\/2025-06\/aniversariante-hugo-calderano-conquista-o-bi-em-torneio-na-eslovenia\" rel=\"noopener\">Ag\u00eancia Brasil<\/a><\/p>\n","protected":false},"excerpt":{"rendered":"<p>O brasileiro Hugo Calderano conquistou neste domingo (22), dia em que celebra o anivers\u00e1rio de 29 anos, o t\u00edtulo do WTT Star Contender de Liubliana. N\u00famero tr\u00eas do ranking da WTT (sigla, em ingl\u00eas, para T\u00eanis de Mesa Mundial), o carioca superou, na final individual masculina, o franc\u00eas F\u00e9lix Lebrun (7\u00ba) por 4 sets a [&hellip;]<\/p>\n","protected":false},"author":1,"featured_media":36981,"comment_status":"open","ping_status":"open","sticky":false,"template":"","format":"standard","meta":{"_jetpack_newsletter_access":"","_jetpack_dont_email_post_to_subs":false,"_jetpack_newsletter_tier_id":0,"_jetpack_memberships_contains_paywalled_content":false,"_mbp_banners":[],"_jetpack_feature_clip_id":0,"_jetpack_memberships_contains_paid_content":false,"footnotes":"","jetpack_publicize_message":"","jetpack_publicize_feature_enabled":true,"jetpack_social_post_already_shared":true,"jetpack_social_options":{"image_generator_settings":{"template":"highway","default_image_id":0,"font":"","enabled":false},"version":2},"jetpack_post_was_ever_published":false},"categories":[23],"tags":[],"class_list":["post-36980","post","type-post","status-publish","format-standard","has-post-thumbnail","category-esportes"],"jetpack_publicize_connections":[],"jetpack-related-posts":[],"jetpack_shortlink":"https:\/\/wp.me\/p7Eq1F-9Cs","jetpack_sharing_enabled":true,"jetpack_featured_media_url":"https:\/\/i0.wp.com\/guialimeira.com.br\/news\/wp-content\/uploads\/2025\/06\/whatsapp_image_2025-06-22_at_08.11.34.jpeg?fit=1600%2C800&ssl=1","_links":{"self":[{"href":"https:\/\/guialimeira.com.br\/news\/wp-json\/wp\/v2\/posts\/36980","targetHints":{"allow":["GET"]}}],"collection":[{"href":"https:\/\/guialimeira.com.br\/news\/wp-json\/wp\/v2\/posts"}],"about":[{"href":"https:\/\/guialimeira.com.br\/news\/wp-json\/wp\/v2\/types\/post"}],"author":[{"embeddable":true,"href":"https:\/\/guialimeira.com.br\/news\/wp-json\/wp\/v2\/users\/1"}],"replies":[{"embeddable":true,"href":"https:\/\/guialimeira.com.br\/news\/wp-json\/wp\/v2\/comments?post=36980"}],"version-history":[{"count":0,"href":"https:\/\/guialimeira.com.br\/news\/wp-json\/wp\/v2\/posts\/36980\/revisions"}],"wp:featuredmedia":[{"embeddable":true,"href":"https:\/\/guialimeira.com.br\/news\/wp-json\/wp\/v2\/media\/36981"}],"wp:attachment":[{"href":"https:\/\/guialimeira.com.br\/news\/wp-json\/wp\/v2\/media?parent=36980"}],"wp:term":[{"taxonomy":"category","embeddable":true,"href":"https:\/\/guialimeira.com.br\/news\/wp-json\/wp\/v2\/categories?post=36980"},{"taxonomy":"post_tag","embeddable":true,"href":"https:\/\/guialimeira.com.br\/news\/wp-json\/wp\/v2\/tags?post=36980"}],"curies":[{"name":"wp","href":"https:\/\/api.w.org\/{rel}","templated":true}]}}