{"id":3688,"date":"2024-05-03T19:51:45","date_gmt":"2024-05-03T22:51:45","guid":{"rendered":"https:\/\/guialimeira.com.br\/2024\/05\/03\/prefeitura-de-limeira-aguarda-envio-de-novas-doses-para-retomar-vacinacao-de-maiores-de-12-anos\/"},"modified":"2024-05-03T19:51:45","modified_gmt":"2024-05-03T22:51:45","slug":"prefeitura-de-limeira-aguarda-envio-de-novas-doses-para-retomar-vacinacao-de-maiores-de-12-anos","status":"publish","type":"post","link":"https:\/\/guialimeira.com.br\/news\/prefeitura-de-limeira-aguarda-envio-de-novas-doses-para-retomar-vacinacao-de-maiores-de-12-anos\/","title":{"rendered":"Prefeitura de Limeira aguarda envio de novas doses para retomar vacina\u00e7\u00e3o de maiores de 12 anos"},"content":{"rendered":"<p> <br \/>\n<\/p>\n<div>\n            <main class=\"\">&#13;<br \/>\n                &#13;<br \/>\n&#13;<br \/>\n&#13;<br \/>\n&#13;<br \/>\n    <img data-recalc-dims=\"1\" decoding=\"async\" src=\"https:\/\/i0.wp.com\/ecrie.com.br\/sistema\/conteudos\/imagem\/m_137_0_1_02032023105323.jpg?w=696&#038;ssl=1\" alt=\"Prefeitura de Limeira aguarda envio de novas doses para retomar vacina\u00e7\u00e3o de maiores de 12 anos\"\/>&#13;<br \/>\n&#13;<\/p>\n<p style=\"text-align: justify;\" align=\"justify\">A Prefeitura de Limeira, por meio da Secretaria de Sa\u00fade, informa que aguarda a chegada de novas doses da vacina bivalente para retomar a imuniza\u00e7\u00e3o da popula\u00e7\u00e3o maior de 12 anos contra a Covid-19. A responsabilidade pelo envio das vacinas \u00e9 do Minist\u00e9rio da Sa\u00fade, que repassa as doses aos Estados para, ent\u00e3o, encaminhar aos munic\u00edpios. Limeira n\u00e3o recebe novas doses desde mar\u00e7o.<\/p>\n<p>&#13;<\/p>\n<p style=\"text-align: justify;\" align=\"justify\">Segundo a Secretaria de Sa\u00fade, at\u00e9 a chegada de novas doses, a vacina\u00e7\u00e3o est\u00e1 dispon\u00edvel apenas para crian\u00e7as de seis meses a 11 anos, de segunda a sexta-feira, das 8h \u00e0s 12h e das 13h \u00e0s 16h, nas Unidades B\u00e1sicas de Sa\u00fade (UBSs) Novo Horizonte, Graminha, Nova Su\u00ed\u00e7a, Ab\u00edlio Pedro e Nova Limeira.<\/p>\n<p>&#13;<br \/>\n&#13;<br \/>\n&#13;<br \/>\n&#13;<\/p>\n<aside class=\"list-related no-print\">&#13;<br \/>\n        &#13;<br \/>\n&#13;<\/p>\n<article class=\"list-item noticias \">&#13;<br \/>\n                    <a class=\"list-item__img\" href=\"https:\/\/limeira.sp.gov.br\/imprensa\/noticias\/saude\/plantao-neste-sabado-4-tera-vacinacao-contra-gripe-em-tres-locais-de-limeira\" tabindex=\"-1\" aria-hidden=\"true\" rel=\"noopener\">&#13;<br \/>\n                        <img data-recalc-dims=\"1\" decoding=\"async\" src=\"https:\/\/i0.wp.com\/ecrie.com.br\/sistema\/conteudos\/imagem\/m_137_0_1_04112023092716.jpg?w=696&#038;ssl=1\" alt=\"Plant\u00e3o neste s\u00e1bado (4) ter\u00e1 vacina\u00e7\u00e3o contra gripe em tr\u00eas locais de Limeira\"\/>&#13;<br \/>\n                    <\/a>&#13;<br \/>\n&#13;<br \/>\n                &#13;<br \/>\n            <\/article>\n<p>&#13;<\/p>\n<article class=\"list-item noticias \">&#13;<br \/>\n                    <a class=\"list-item__img\" href=\"https:\/\/limeira.sp.gov.br\/imprensa\/noticias\/saude\/limeira-amplia-vacinacao-contra-gripe-a-partir-de-hoje-para-pessoas-acima-de-6-meses\" tabindex=\"-1\" aria-hidden=\"true\" rel=\"noopener\">&#13;<br \/>\n                        <img data-recalc-dims=\"1\" decoding=\"async\" src=\"https:\/\/i0.wp.com\/ecrie.com.br\/sistema\/conteudos\/imagem\/m_137_0_1_25042024153346.jpg?w=696&#038;ssl=1\" alt=\"Limeira amplia vacina\u00e7\u00e3o contra gripe a partir de hoje para pessoas acima de 6 meses\"\/>&#13;<br \/>\n                    <\/a>&#13;<br \/>\n&#13;<br \/>\n                &#13;<br \/>\n            <\/article>\n<p>&#13;<\/p>\n<article class=\"list-item noticias \">&#13;<br \/>\n                    <a class=\"list-item__img\" href=\"https:\/\/limeira.sp.gov.br\/imprensa\/noticias\/saude\/com-mais-de-120-pontos-de-coleta-campanhas-do-agasalho-e-agasalho-pet-sao-lancadas-em-limeira\" tabindex=\"-1\" aria-hidden=\"true\" rel=\"noopener\">&#13;<br \/>\n                        <img data-recalc-dims=\"1\" decoding=\"async\" src=\"https:\/\/i0.wp.com\/ecrie.com.br\/sistema\/conteudos\/imagem\/m_137_0_1_30042024173201.jpg?w=696&#038;ssl=1\" alt=\"Com mais de 120 pontos de coleta, campanhas do Agasalho e Agasalho PET s\u00e3o lan\u00e7adas em Limeira\"\/>&#13;<br \/>\n                    <\/a>&#13;<br \/>\n&#13;<br \/>\n                &#13;<br \/>\n            <\/article>\n<p>&#13;<br \/>\n    <\/aside>\n<p>&#13;<br \/>\n&#13;<br \/>\n            <\/main><\/p><\/div>\n<p><br \/>\n<br \/><a href=\"https:\/\/limeira.sp.gov.br\/prefeitura-de-limeira-aguarda-envio-de-novas-doses-para-retomar-vacinacao-de-maiores-de-12-anos\" rel=\"noopener\">Informa\u00e7\u00f5es da PML <\/a><\/p>\n","protected":false},"excerpt":{"rendered":"<p>&#13; &#13; &#13; &#13; &#13; &#13; &#13; A Prefeitura de Limeira, por meio da Secretaria de Sa\u00fade, informa que aguarda a chegada de novas doses da vacina bivalente para retomar a imuniza\u00e7\u00e3o da popula\u00e7\u00e3o maior de 12 anos contra a Covid-19. A responsabilidade pelo envio das vacinas \u00e9 do Minist\u00e9rio da Sa\u00fade, que repassa as [&hellip;]<\/p>\n","protected":false},"author":1,"featured_media":3689,"comment_status":"open","ping_status":"open","sticky":false,"template":"","format":"standard","meta":{"_jetpack_newsletter_access":"","_jetpack_dont_email_post_to_subs":false,"_jetpack_newsletter_tier_id":0,"_jetpack_memberships_contains_paywalled_content":false,"_mbp_banners":[],"_jetpack_feature_clip_id":0,"_jetpack_memberships_contains_paid_content":false,"footnotes":"","jetpack_publicize_message":"","jetpack_publicize_feature_enabled":true,"jetpack_social_post_already_shared":true,"jetpack_social_options":{"image_generator_settings":{"template":"highway","default_image_id":0,"font":"","enabled":false},"version":2},"jetpack_post_was_ever_published":false},"categories":[16],"tags":[],"class_list":["post-3688","post","type-post","status-publish","format-standard","has-post-thumbnail","category-local"],"jetpack_publicize_connections":[],"jetpack-related-posts":[],"jetpack_shortlink":"https:\/\/wp.me\/p7Eq1F-Xu","jetpack_sharing_enabled":true,"jetpack_featured_media_url":"https:\/\/i0.wp.com\/guialimeira.com.br\/news\/wp-content\/uploads\/2024\/05\/m_137_0_1_02032023105323.jpg?fit=1280%2C852&ssl=1","_links":{"self":[{"href":"https:\/\/guialimeira.com.br\/news\/wp-json\/wp\/v2\/posts\/3688","targetHints":{"allow":["GET"]}}],"collection":[{"href":"https:\/\/guialimeira.com.br\/news\/wp-json\/wp\/v2\/posts"}],"about":[{"href":"https:\/\/guialimeira.com.br\/news\/wp-json\/wp\/v2\/types\/post"}],"author":[{"embeddable":true,"href":"https:\/\/guialimeira.com.br\/news\/wp-json\/wp\/v2\/users\/1"}],"replies":[{"embeddable":true,"href":"https:\/\/guialimeira.com.br\/news\/wp-json\/wp\/v2\/comments?post=3688"}],"version-history":[{"count":0,"href":"https:\/\/guialimeira.com.br\/news\/wp-json\/wp\/v2\/posts\/3688\/revisions"}],"wp:featuredmedia":[{"embeddable":true,"href":"https:\/\/guialimeira.com.br\/news\/wp-json\/wp\/v2\/media\/3689"}],"wp:attachment":[{"href":"https:\/\/guialimeira.com.br\/news\/wp-json\/wp\/v2\/media?parent=3688"}],"wp:term":[{"taxonomy":"category","embeddable":true,"href":"https:\/\/guialimeira.com.br\/news\/wp-json\/wp\/v2\/categories?post=3688"},{"taxonomy":"post_tag","embeddable":true,"href":"https:\/\/guialimeira.com.br\/news\/wp-json\/wp\/v2\/tags?post=3688"}],"curies":[{"name":"wp","href":"https:\/\/api.w.org\/{rel}","templated":true}]}}