{"id":36819,"date":"2025-06-19T17:55:57","date_gmt":"2025-06-19T20:55:57","guid":{"rendered":"https:\/\/guialimeira.com.br\/2025\/06\/19\/palmeiras-bate-al-ahly-e-vira-lider-provisorio-no-grupo-a-do-mundial\/"},"modified":"2025-06-19T17:55:57","modified_gmt":"2025-06-19T20:55:57","slug":"palmeiras-bate-al-ahly-e-vira-lider-provisorio-no-grupo-a-do-mundial","status":"publish","type":"post","link":"https:\/\/guialimeira.com.br\/news\/palmeiras-bate-al-ahly-e-vira-lider-provisorio-no-grupo-a-do-mundial\/","title":{"rendered":"Palmeiras bate Al Ahly e vira l\u00edder provis\u00f3rio no Grupo A do Mundial"},"content":{"rendered":"<p> <br \/>\n<\/p>\n<div>\n<p>O Palmeiras ficou mais pr\u00f3ximo da classifica\u00e7\u00e3o \u00e0s oitavas de final do Mundial de Clubes da Fifa nesta quinta-feira (19) ao garantir sua primeira vit\u00f3ria na competi\u00e7\u00e3o pelo placar de 2 a 0, no MetLife Stadium, em Nova Jersey (Estados Unidos). Os gols sa\u00edram no segundo tempo. O primeiro foi contra, em desvio de cabe\u00e7a de Abou Ali, ap\u00f3s falta cobrada por An\u00edbal Moreno para dentro da \u00e1rea. Dez minutos depois, brilhou a estrela do argentino Flaco L\u00f3pez, que entrara na partida no in\u00edcio do segundo tempo. Ap\u00f3s passe primoroso de Maur\u00edcio, L\u00f3pez ampliou para o Palmeiras com um chute certeiro para o fundo da rede.<img data-recalc-dims=\"1\" decoding=\"async\" src=\"https:\/\/i0.wp.com\/agenciabrasil.ebc.com.br\/ebc.png?w=696&#038;ssl=1\" style=\"width:1px; height:1px; display:inline;\"\/><img data-recalc-dims=\"1\" decoding=\"async\" src=\"https:\/\/i0.wp.com\/agenciabrasil.ebc.com.br\/ebc.gif?w=696&#038;ssl=1\" style=\"width:1px; height:1px; display:inline;\"\/><\/p>\n<p>Na sequ\u00eancia, aos 17 minutos, a partida foi paralisada devido \u00e0 aproxima\u00e7\u00e3o de uma tempestade com raios. O jogo ficou interrompido por 45 minutos e o Verd\u00e3o manteve o placar at\u00e9 o apito final.<\/p>\n<blockquote class=\"twitter-tweet\">\n<p dir=\"ltr\" lang=\"pt\" xml:lang=\"pt\">Ele guarda: Flaco L\u00f3pez vira artilheiro do <a href=\"https:\/\/twitter.com\/Palmeiras?ref_src=twsrc%5Etfw\" rel=\"noopener\">@Palmeiras<\/a> no ano! \u26bd<a href=\"https:\/\/twitter.com\/hashtag\/FIFACWC?src=hash&amp;ref_src=twsrc%5Etfw\" rel=\"noopener\">#FIFACWC<\/a><\/p>\n<p>\u2014 Mundial de Clubes da FIFA \ud83c\udfc6 (@fifaworldcup_pt) <a href=\"https:\/\/twitter.com\/fifaworldcup_pt\/status\/1935792241370620172?ref_src=twsrc%5Etfw\" rel=\"noopener\">June 19, 2025<\/a><\/p><\/blockquote>\n<p>No primeiro tempo, sob forte calor de meio-dia (hor\u00e1rio de Nova Jersey), foram poucas as chances de gol. A principal delas foi do Palmeiras, com Est\u00eav\u00e3o, que por um triz n\u00e3o abre o placar para o Verd\u00e3o aos 17 minutos. O jovem atacante se livrou da marca\u00e7\u00e3o, alcan\u00e7ou a grande \u00e1rea e chutou com perigo no contrap\u00e9 do goleiro El Shenawy. A bola raspou a trave advers\u00e1ria. Depois, aos 36 minutos, para desespero da torcida alviverde, o meio-campista Rafael Veiga foi expulso ap\u00f3s cometer falta em Tr\u00e9z\u00e9guet. No entanto, houve revis\u00e3o do lance pelo \u00e1rbitro de video (VAR), e o \u00e1rbitro de campo\u00a0voltou atr\u00e1s na decis\u00e3o e anotou apenas cart\u00e3o amarelo para Veiga.<\/p>\n<p>Prestes a se apresentar ao Chelsea (Inglaterra), clube onde jogar\u00e1 ap\u00f3s o t\u00e9rmino do Mundial de Clubes, o atacante Est\u00eav\u00e3o, de 18 anos, foi eleito pela segunda vez &#8211; a primeira foi na estreia do Palmeiras contra o Porto (1 a 1) &#8211; o melhor jogador da partida.\u00a0<\/p>\n<blockquote class=\"twitter-tweet\">\n<p dir=\"ltr\" lang=\"pt\" xml:lang=\"pt\">Mais um para Est\u00eav\u00e3o! \ud83d\udc4f<a href=\"https:\/\/twitter.com\/hashtag\/FIFACWC?src=hash&amp;ref_src=twsrc%5Etfw\" rel=\"noopener\">#FIFACWC<\/a> <a href=\"https:\/\/t.co\/N1OrKNUIlG\">https:\/\/t.co\/N1OrKNUIlG<\/a><\/p>\n<p>\u2014 Mundial de Clubes da FIFA \ud83c\udfc6 (@fifaworldcup_pt) <a href=\"https:\/\/twitter.com\/fifaworldcup_pt\/status\/1935789020472393859?ref_src=twsrc%5Etfw\" rel=\"noopener\">June 19, 2025<\/a><\/p><\/blockquote>\n<p>O t\u00e9cnico do Verd\u00e3o Abel Ferreira n\u00e3o escondeu sua\u00a0satisfa\u00e7\u00e3o com o desempenho da equipe, ao analisar a partida em entrevista logo ap\u00f3s a vit\u00f3ria.<\/p>\n<blockquote>\n<p>&#8220;Jogo dif\u00edcil, \u00e9 preciso saber com quem estamos a jogar: \u00e9 s\u00f3 a equipe mais da \u00c1frica, \u00e9 uma equipe com a qual j\u00e1 jogamos tr\u00eas vezes em Mundiais, est\u00e1 habituada a este tipo de competi\u00e7\u00f5es tamb\u00e9m. O contexto de jogo n\u00e3o era f\u00e1cil para as duas equipes, estava muito calor. Achei que entramos um pouquinho ansiosos tamb\u00e9m, depois tivemos que parar o jogo ap\u00f3s fazermos 2 a 0. Acho que \u00e9 uma vit\u00f3ria super justa, pod\u00edamos ter feito um ou mais dois gols, mas aceito o resultado. Agora vamos descansar e nos preparar para o pr\u00f3ximo\u201d, analisou o treinador, em entrevista \u00e0 DAZN, plataforma na internet que transmite gratuitamente\u00a0todos os jogos da competi\u00e7\u00e3o, ap\u00f3s acordo com a Fifa.<\/p>\n<\/blockquote>\n<p>O Palmeiras faz o \u00faltimo jogo da fase de grupos na pr\u00f3xima segunda-feira (23), \u00e0s 22h (hor\u00e1rio de Bras\u00edlia), contra o Inter Miami (EUA), onde joga o craque argentino Lionel Messi. A partida ser\u00e1 disputada no Hard Rock Stadium, em Miami. No mesmo hor\u00e1rio, o Porto encara o Al Ahly,\u00a0no MetLife Stadium, em Nova Jersey.<\/p>\n<p>      <!-- Relacionada --><\/p>\n<p>            <!-- Relacionada -->\n    <\/div>\n<p><script async src=\"\/\/platform.twitter.com\/widgets.js\" charset=\"utf-8\"><\/script><br \/>\n<br \/><br \/>\n<br \/><a href=\"https:\/\/agenciabrasil.ebc.com.br\/esportes\/noticia\/2025-06\/palmeiras-bate-al-ahly-e-vira-lider-provisorio-no-grupo-do-mundial\" rel=\"noopener\">Ag\u00eancia Brasil<\/a><\/p>\n","protected":false},"excerpt":{"rendered":"<p>O Palmeiras ficou mais pr\u00f3ximo da classifica\u00e7\u00e3o \u00e0s oitavas de final do Mundial de Clubes da Fifa nesta quinta-feira (19) ao garantir sua primeira vit\u00f3ria na competi\u00e7\u00e3o pelo placar de 2 a 0, no MetLife Stadium, em Nova Jersey (Estados Unidos). Os gols sa\u00edram no segundo tempo. O primeiro foi contra, em desvio de cabe\u00e7a [&hellip;]<\/p>\n","protected":false},"author":1,"featured_media":36820,"comment_status":"open","ping_status":"open","sticky":false,"template":"","format":"standard","meta":{"_jetpack_newsletter_access":"","_jetpack_dont_email_post_to_subs":false,"_jetpack_newsletter_tier_id":0,"_jetpack_memberships_contains_paywalled_content":false,"_mbp_banners":[],"_jetpack_feature_clip_id":0,"_jetpack_memberships_contains_paid_content":false,"footnotes":"","jetpack_publicize_message":"","jetpack_publicize_feature_enabled":true,"jetpack_social_post_already_shared":true,"jetpack_social_options":{"image_generator_settings":{"template":"highway","default_image_id":0,"font":"","enabled":false},"version":2},"jetpack_post_was_ever_published":false},"categories":[23],"tags":[],"class_list":["post-36819","post","type-post","status-publish","format-standard","has-post-thumbnail","category-esportes"],"jetpack_publicize_connections":[],"jetpack-related-posts":[],"jetpack_shortlink":"https:\/\/wp.me\/p7Eq1F-9zR","jetpack_sharing_enabled":true,"jetpack_featured_media_url":"https:\/\/i0.wp.com\/guialimeira.com.br\/news\/wp-content\/uploads\/2025\/06\/flaco_lopez_palmeiras_2_a_0al_ahly_mundial_2025.jpg?fit=1600%2C800&ssl=1","_links":{"self":[{"href":"https:\/\/guialimeira.com.br\/news\/wp-json\/wp\/v2\/posts\/36819","targetHints":{"allow":["GET"]}}],"collection":[{"href":"https:\/\/guialimeira.com.br\/news\/wp-json\/wp\/v2\/posts"}],"about":[{"href":"https:\/\/guialimeira.com.br\/news\/wp-json\/wp\/v2\/types\/post"}],"author":[{"embeddable":true,"href":"https:\/\/guialimeira.com.br\/news\/wp-json\/wp\/v2\/users\/1"}],"replies":[{"embeddable":true,"href":"https:\/\/guialimeira.com.br\/news\/wp-json\/wp\/v2\/comments?post=36819"}],"version-history":[{"count":0,"href":"https:\/\/guialimeira.com.br\/news\/wp-json\/wp\/v2\/posts\/36819\/revisions"}],"wp:featuredmedia":[{"embeddable":true,"href":"https:\/\/guialimeira.com.br\/news\/wp-json\/wp\/v2\/media\/36820"}],"wp:attachment":[{"href":"https:\/\/guialimeira.com.br\/news\/wp-json\/wp\/v2\/media?parent=36819"}],"wp:term":[{"taxonomy":"category","embeddable":true,"href":"https:\/\/guialimeira.com.br\/news\/wp-json\/wp\/v2\/categories?post=36819"},{"taxonomy":"post_tag","embeddable":true,"href":"https:\/\/guialimeira.com.br\/news\/wp-json\/wp\/v2\/tags?post=36819"}],"curies":[{"name":"wp","href":"https:\/\/api.w.org\/{rel}","templated":true}]}}