{"id":3678,"date":"2024-05-03T19:10:42","date_gmt":"2024-05-03T22:10:42","guid":{"rendered":"https:\/\/guialimeira.com.br\/2024\/05\/03\/prefeito-assina-convenio-para-recurso-de-r-300-mil-para-a-agricultura-portal-do-municipio-de-piracicaba\/"},"modified":"2024-05-03T19:10:42","modified_gmt":"2024-05-03T22:10:42","slug":"prefeito-assina-convenio-para-recurso-de-r-300-mil-para-a-agricultura-portal-do-municipio-de-piracicaba","status":"publish","type":"post","link":"https:\/\/guialimeira.com.br\/news\/prefeito-assina-convenio-para-recurso-de-r-300-mil-para-a-agricultura-portal-do-municipio-de-piracicaba\/","title":{"rendered":"Prefeito assina conv\u00eanio para recurso de R$\u00a0300 mil para\u00a0a\u00a0agricultura \u2013 Portal do Munic\u00edpio de Piracicaba"},"content":{"rendered":"<p> <br \/>\n<\/p>\n<div>\n<p>O prefeito Luciano Almeida, acompanhado da secret\u00e1ria Nancy Thame, da Sema (Secretaria Municipal de Agricultura e Abastecimento), assinou, na manh\u00e3 de hoje, sexta-feira, 03\/05, o conv\u00eanio com o Governo do Estado de S\u00e3o Paulo para receber R$ 300 mil para investimentos no setor da agricultura, conquistado por meio do ranking do programa Munic\u00edpio Agro 2023, o qual Piracicaba ficou em segundo lugar no Estado entre 292 cidades participantes.<\/p>\n<p>A assinatura ocorreu no gabinete do\u00a0secret\u00e1rio\u00a0estadual de Agricultura e Abastecimento, Guilherme Piai, que nesta semana foi transferido para a maior feira\u00a0de tecnologia para o agroneg\u00f3cio do Brasil,\u00a0a Agrishow, em Ribeir\u00e3o Preto-SP.<\/p>\n<p>\u201cEm nossa gest\u00e3o trouxemos um novo olhar para a agricultura do nosso munic\u00edpio, com programas estruturados e pol\u00edticas p\u00fablicas efetivas, em especial para os pequenos produtores, e hoje estamos colhendo o resultado disso, sendo considerado um munic\u00edpio destaque no Estado e premiado neste setor, trazendo recursos in\u00e9ditos para Piracicaba\u201d, disse o prefeito Luciano Almeida.<\/p>\n<p>De acordo com a secret\u00e1ria Nancy Thame, da Sema, o recurso de R$ 300 mil ser\u00e1 destinado para custear a revitaliza\u00e7\u00e3o da pra\u00e7a de alimenta\u00e7\u00e3o do Varej\u00e3o Municipal da Paulista, importante equipamento de comercializa\u00e7\u00e3o coordenado pela secretaria, que gera cerca de 500 empregos diretos e indiretos, entre agricultores, pequenos produtores e microempreendedores e fornecedores do munic\u00edpio.<\/p>\n<p>O PROGRAMA\u00a0\u2013\u00a0Criado em 2019, o programa Munic\u00edpio Agro tem o objetivo de incentivar o desenvolvimento e a implanta\u00e7\u00e3o de pol\u00edticas p\u00fablicas relacionadas ao setor agropecu\u00e1rio, em uma parceria com as prefeituras participantes.\u00a0Em 2023,\u00a0o total de recursos entregues aos munic\u00edpios premiados foi de R$ 5 milh\u00f5es. O programa tem como base dez diretivas t\u00e9cnicas: Estrutura Institucional; Infraestrutura Rural; Produ\u00e7\u00e3o, Distribui\u00e7\u00e3o e Consumo Sustent\u00e1vel; Defesa Agropecu\u00e1ria; Abastecimento e Seguran\u00e7a Alimentar; Fortalecimento Social do Campo; Solo e \u00c1gua; Biodiversidade; Resili\u00eancia e Adapta\u00e7\u00e3o \u00e0s Mudan\u00e7as Clim\u00e1ticas e Intera\u00e7\u00e3o Campo-Cidade.<\/p>\n<figure class=\"wp-block-image size-large\"><img data-recalc-dims=\"1\" fetchpriority=\"high\" decoding=\"async\" width=\"696\" height=\"522\" src=\"https:\/\/i0.wp.com\/piracicaba.sp.gov.br\/wp-content\/uploads\/2024\/05\/Secretaria-da-Sema-Nancy-Thame-secretario-executivo-da-secretaria-estadual-de-agricultura-Edson-Fernandes-e-prefeito-Luciano-Almeida-1024x768.jpg?resize=696%2C522&#038;ssl=1\" alt=\"\" class=\"wp-image-78417\" srcset=\"https:\/\/piracicaba.sp.gov.br\/wp-content\/uploads\/2024\/05\/Secretaria-da-Sema-Nancy-Thame-secretario-executivo-da-secretaria-estadual-de-agricultura-Edson-Fernandes-e-prefeito-Luciano-Almeida-1024x768.jpg 1024w, https:\/\/piracicaba.sp.gov.br\/wp-content\/uploads\/2024\/05\/Secretaria-da-Sema-Nancy-Thame-secretario-executivo-da-secretaria-estadual-de-agricultura-Edson-Fernandes-e-prefeito-Luciano-Almeida-300x225.jpg 300w, https:\/\/piracicaba.sp.gov.br\/wp-content\/uploads\/2024\/05\/Secretaria-da-Sema-Nancy-Thame-secretario-executivo-da-secretaria-estadual-de-agricultura-Edson-Fernandes-e-prefeito-Luciano-Almeida-768x576.jpg 768w, https:\/\/piracicaba.sp.gov.br\/wp-content\/uploads\/2024\/05\/Secretaria-da-Sema-Nancy-Thame-secretario-executivo-da-secretaria-estadual-de-agricultura-Edson-Fernandes-e-prefeito-Luciano-Almeida.jpg 1099w\" sizes=\"(max-width: 1024px) 100vw, 1024px\"\/><figcaption class=\"wp-element-caption\"><strong><em><sub><sup>Secret\u00e1ria da Sema, Nancy Thame, secret\u00e1rio executivo da secret\u00e1ria estadual de agricultura, Edson Fernandes e prefeito Luciano Almeida<\/sup><\/sub><\/em><\/strong><\/figcaption><\/figure>\n<figure class=\"wp-block-image size-large\"><img data-recalc-dims=\"1\" loading=\"lazy\" decoding=\"async\" width=\"696\" height=\"522\" src=\"https:\/\/i0.wp.com\/piracicaba.sp.gov.br\/wp-content\/uploads\/2024\/05\/Prefeito-Luciano-Almeida-secretario-estadual-de-Agricultura-Guilherme-Piai-e-secretaria-da-Sema-Nancy-Thame-1024x768.jpg?resize=696%2C522&#038;ssl=1\" alt=\"\" class=\"wp-image-78418\" srcset=\"https:\/\/piracicaba.sp.gov.br\/wp-content\/uploads\/2024\/05\/Prefeito-Luciano-Almeida-secretario-estadual-de-Agricultura-Guilherme-Piai-e-secretaria-da-Sema-Nancy-Thame-1024x768.jpg 1024w, https:\/\/piracicaba.sp.gov.br\/wp-content\/uploads\/2024\/05\/Prefeito-Luciano-Almeida-secretario-estadual-de-Agricultura-Guilherme-Piai-e-secretaria-da-Sema-Nancy-Thame-300x225.jpg 300w, https:\/\/piracicaba.sp.gov.br\/wp-content\/uploads\/2024\/05\/Prefeito-Luciano-Almeida-secretario-estadual-de-Agricultura-Guilherme-Piai-e-secretaria-da-Sema-Nancy-Thame-768x576.jpg 768w, https:\/\/piracicaba.sp.gov.br\/wp-content\/uploads\/2024\/05\/Prefeito-Luciano-Almeida-secretario-estadual-de-Agricultura-Guilherme-Piai-e-secretaria-da-Sema-Nancy-Thame.jpg 1280w\" sizes=\"auto, (max-width: 1024px) 100vw, 1024px\"\/><figcaption class=\"wp-element-caption\"><em><strong><sup><sub>Prefeito Luciano Almeida, secret\u00e1rio estadual de Agricultura Guilherme Piai e secret\u00e1ria da Sema, Nancy Thame<\/sub><\/sup><\/strong><\/em><\/figcaption><\/figure>\n<\/div>\n<p><br \/>\n<br \/><a href=\"https:\/\/piracicaba.sp.gov.br\/noticias\/prefeito-assina-convenio-para-recurso-de-r-300-mil-para-a-agricultura\/\" rel=\"noopener\">Informa\u00e7\u00f5es PMP <\/a><\/p>\n","protected":false},"excerpt":{"rendered":"<p>O prefeito Luciano Almeida, acompanhado da secret\u00e1ria Nancy Thame, da Sema (Secretaria Municipal de Agricultura e Abastecimento), assinou, na manh\u00e3 de hoje, sexta-feira, 03\/05, o conv\u00eanio com o Governo do Estado de S\u00e3o Paulo para receber R$ 300 mil para investimentos no setor da agricultura, conquistado por meio do ranking do programa Munic\u00edpio Agro 2023, [&hellip;]<\/p>\n","protected":false},"author":1,"featured_media":3679,"comment_status":"open","ping_status":"open","sticky":false,"template":"","format":"standard","meta":{"_jetpack_newsletter_access":"","_jetpack_dont_email_post_to_subs":false,"_jetpack_newsletter_tier_id":0,"_jetpack_memberships_contains_paywalled_content":false,"_mbp_banners":[],"_jetpack_feature_clip_id":0,"_jetpack_memberships_contains_paid_content":false,"footnotes":"","jetpack_publicize_message":"","jetpack_publicize_feature_enabled":true,"jetpack_social_post_already_shared":true,"jetpack_social_options":{"image_generator_settings":{"template":"highway","default_image_id":0,"font":"","enabled":false},"version":2},"jetpack_post_was_ever_published":false},"categories":[20],"tags":[],"class_list":["post-3678","post","type-post","status-publish","format-standard","has-post-thumbnail","category-regiao"],"jetpack_publicize_connections":[],"jetpack-related-posts":[],"jetpack_shortlink":"https:\/\/wp.me\/p7Eq1F-Xk","jetpack_sharing_enabled":true,"jetpack_featured_media_url":"https:\/\/i0.wp.com\/guialimeira.com.br\/news\/wp-content\/uploads\/2024\/05\/Secretaria-da-Sema-Nancy-Thame-secretario-executivo-da-secretaria-estadual-de-agricultura-Edson-Fernandes-e-prefeito-Luciano-Almeida-1024x768.jpg?fit=1024%2C768&ssl=1","_links":{"self":[{"href":"https:\/\/guialimeira.com.br\/news\/wp-json\/wp\/v2\/posts\/3678","targetHints":{"allow":["GET"]}}],"collection":[{"href":"https:\/\/guialimeira.com.br\/news\/wp-json\/wp\/v2\/posts"}],"about":[{"href":"https:\/\/guialimeira.com.br\/news\/wp-json\/wp\/v2\/types\/post"}],"author":[{"embeddable":true,"href":"https:\/\/guialimeira.com.br\/news\/wp-json\/wp\/v2\/users\/1"}],"replies":[{"embeddable":true,"href":"https:\/\/guialimeira.com.br\/news\/wp-json\/wp\/v2\/comments?post=3678"}],"version-history":[{"count":0,"href":"https:\/\/guialimeira.com.br\/news\/wp-json\/wp\/v2\/posts\/3678\/revisions"}],"wp:featuredmedia":[{"embeddable":true,"href":"https:\/\/guialimeira.com.br\/news\/wp-json\/wp\/v2\/media\/3679"}],"wp:attachment":[{"href":"https:\/\/guialimeira.com.br\/news\/wp-json\/wp\/v2\/media?parent=3678"}],"wp:term":[{"taxonomy":"category","embeddable":true,"href":"https:\/\/guialimeira.com.br\/news\/wp-json\/wp\/v2\/categories?post=3678"},{"taxonomy":"post_tag","embeddable":true,"href":"https:\/\/guialimeira.com.br\/news\/wp-json\/wp\/v2\/tags?post=3678"}],"curies":[{"name":"wp","href":"https:\/\/api.w.org\/{rel}","templated":true}]}}