{"id":3676,"date":"2024-05-03T18:50:45","date_gmt":"2024-05-03T21:50:45","guid":{"rendered":"https:\/\/guialimeira.com.br\/2024\/05\/03\/acoes-de-prevencao-a-crueldade-animal-alcancam-mais-de-600-pessoas\/"},"modified":"2024-05-03T18:50:45","modified_gmt":"2024-05-03T21:50:45","slug":"acoes-de-prevencao-a-crueldade-animal-alcancam-mais-de-600-pessoas","status":"publish","type":"post","link":"https:\/\/guialimeira.com.br\/news\/acoes-de-prevencao-a-crueldade-animal-alcancam-mais-de-600-pessoas\/","title":{"rendered":"A\u00e7\u00f5es de preven\u00e7\u00e3o \u00e0 crueldade animal alcan\u00e7am mais de 600 pessoas"},"content":{"rendered":"<p> <br \/>\n<\/p>\n<div>\n            <main class=\"\">&#13;<br \/>\n                &#13;<br \/>\n&#13;<br \/>\n&#13;<br \/>\n&#13;<br \/>\n    <img data-recalc-dims=\"1\" decoding=\"async\" src=\"https:\/\/i0.wp.com\/ecrie.com.br\/sistema\/conteudos\/imagem\/m_137_0_1_03052024170050.jpg?w=696&#038;ssl=1\" alt=\"A\u00e7\u00f5es de preven\u00e7\u00e3o \u00e0 crueldade animal alcan\u00e7am mais de 600 pessoas\"\/>&#13;<br \/>\n&#13;<\/p>\n<p>Palestras, blitz educativa e visita ao Lar Tempor\u00e1rio de Animais foram atividades desenvolvidas durante o \u201cAbril Laranja 2024\u201d\u00a0&#8211; m\u00eas de\u00a0preven\u00e7\u00e3o aos\u00a0maus-tratos e \u00e0 crueldade animal. A programa\u00e7\u00e3o da Secretaria de Meio Ambiente e Agricultura de Limeira, por meio dos departamentos de Educa\u00e7\u00e3o Ambiental (DEA) e de Prote\u00e7\u00e3o e Bem-Estar Animal (DPBEA), mobilizou mais de 600 pessoas.<\/p>\n<p>&#13;<\/p>\n<p>Um dos destaques foi o DPBEA\u00a0nas Escolas. Cerca de\u00a0200 estudantes\u00a0e professores da Rede Municipal receberam informa\u00e7\u00f5es a respeito da guarda respons\u00e1vel de c\u00e3es e gatos. Dentro desse tema, t\u00e9cnicos da pasta falaram sobre castra\u00e7\u00e3o, cuidados veterin\u00e1rios, alimenta\u00e7\u00e3o\u00a0adequada, passeio com guia e coleira,\u00a0al\u00e9m\u00a0da necessidade de carinho e de\u00a0brincadeiras para garantir a sa\u00fade f\u00edsica e psicol\u00f3gica dos animais.<\/p>\n<p>&#13;<\/p>\n<p>Em outra a\u00e7\u00e3o, o DPBEA promoveu uma visita monitorada ao Lar Tempor\u00e1rio de Animais, em que alunos tiveram a oportunidade de conhecer o Canil e o Gatil. Paralelamente, eles tamb\u00e9m foram orientados sobre a guarda respons\u00e1vel. \u00a0<\/p>\n<p>&#13;<\/p>\n<p>Crian\u00e7as de outras escolas foram levadas at\u00e9 a\u00a0Casa Ecol\u00f3gica do Horto\u00a0Florestal, onde interagiram com a exposi\u00e7\u00e3o \u201cQue Bicho \u00e9 Esse?\u201d. L\u00e1, elas tiveram acesso a cole\u00e7\u00f5es\u00a0de\u00a0penas, ovos, peles e pegadas preservadas de animais silvestres.\u00a0<\/p>\n<p>&#13;<\/p>\n<p>Em parceria com o P\u00e1tio Limeira Shopping, o \u201cAbril Laranja\u201d realizou o 2\u00ba AgitaC\u00e3o, que reuniu c\u00e3es e seus tutores em uma manh\u00e3 repleta de atra\u00e7\u00f5es, entre elas, c\u00e3ominhada,\u00a0prova de agility\u00a0e\u00a0c\u00e3ocurso pet. Houve, ainda, ado\u00e7\u00e3o\u00a0de animais\u00a0e arrecada\u00e7\u00e3o de\u00a01.430\u00a0quilos de ra\u00e7\u00e3o\u00a0para\u00a0os animais tutelados pelo Lar Tempor\u00e1rio.<\/p>\n<p>&#13;<\/p>\n<p>Para marcar o encerramento das atividades, servidores do Zool\u00f3gico Municipal participaram, no\u00a0Centro de Educa\u00e7\u00e3o Ambiental do Horto Florestal,\u00a0de palestra\u00a0sobre\u00a0maus-tratos\u00a0contra animais silvestres. No evento, eles receberam informa\u00e7\u00f5es atualizadas quanto \u00e0\u00a0retirada desenfreada dos\u00a0animais\u00a0de\u00a0seus habitats naturais,\u00a0situa\u00e7\u00e3o que\u00a0ocasiona a morte de milhares deles anualmente.\u00a0<\/p>\n<p>&#13;<\/p>\n<p>\u00a0<\/p>\n<p>&#13;<\/p>\n<p>\u00a0<\/p>\n<p>&#13;<\/p>\n<p>\u00a0<\/p>\n<p>&#13;<br \/>\n&#13;<br \/>\n&#13;<br \/>\n&#13;<\/p>\n<aside class=\"list-related no-print\">&#13;<br \/>\n        &#13;<br \/>\n&#13;<\/p>\n<article class=\"list-item noticias \">&#13;<br \/>\n                    <a class=\"list-item__img\" href=\"https:\/\/limeira.sp.gov.br\/imprensa\/noticias\/meio-ambiente-e-agricultura\/feira-livre-noturnachega-ao-estadio-do-limeirao-na-proxima-semana\" tabindex=\"-1\" aria-hidden=\"true\" rel=\"noopener\">&#13;<br \/>\n                        <img data-recalc-dims=\"1\" decoding=\"async\" src=\"https:\/\/i0.wp.com\/ecrie.com.br\/sistema\/conteudos\/imagem\/m_137_0_1_02052024165347.jpg?w=696&#038;ssl=1\" alt=\"Feira Livre Noturna\u00a0chega ao Est\u00e1dio do Limeir\u00e3o na pr\u00f3xima semana\"\/>&#13;<br \/>\n                    <\/a>&#13;<br \/>\n&#13;<br \/>\n                &#13;<br \/>\n            <\/article>\n<p>&#13;<\/p>\n<article class=\"list-item noticias \">&#13;<br \/>\n                    <a class=\"list-item__img\" href=\"https:\/\/limeira.sp.gov.br\/imprensa\/noticias\/meio-ambiente-e-agricultura\/palestra-alerta-sobre-maus-tratos-e-crueldade-contra-animais-silvestres\" tabindex=\"-1\" aria-hidden=\"true\" rel=\"noopener\">&#13;<br \/>\n                        <img data-recalc-dims=\"1\" decoding=\"async\" src=\"https:\/\/i0.wp.com\/ecrie.com.br\/sistema\/conteudos\/imagem\/m_137_0_1_02052024162900.jpg?w=696&#038;ssl=1\" alt=\"Palestra alerta sobre maus-tratos e crueldade contra animais silvestres\"\/>&#13;<br \/>\n                    <\/a>&#13;<br \/>\n&#13;<br \/>\n                &#13;<br \/>\n            <\/article>\n<p>&#13;<\/p>\n<article class=\"list-item noticias \">&#13;<br \/>\n                    <a class=\"list-item__img\" href=\"https:\/\/limeira.sp.gov.br\/imprensa\/noticias\/meio-ambiente-e-agricultura\/com-mais-de-120-pontos-de-coleta-campanhas-do-agasalho-e-agasalho-pet-sao-lancadas-em-limeira\" tabindex=\"-1\" aria-hidden=\"true\" rel=\"noopener\">&#13;<br \/>\n                        <img data-recalc-dims=\"1\" decoding=\"async\" src=\"https:\/\/i0.wp.com\/ecrie.com.br\/sistema\/conteudos\/imagem\/m_137_0_1_30042024173201.jpg?w=696&#038;ssl=1\" alt=\"Com mais de 120 pontos de coleta, campanhas do Agasalho e Agasalho PET s\u00e3o lan\u00e7adas em Limeira\"\/>&#13;<br \/>\n                    <\/a>&#13;<br \/>\n&#13;<br \/>\n                &#13;<br \/>\n            <\/article>\n<p>&#13;<br \/>\n    <\/aside>\n<p>&#13;<br \/>\n&#13;<br \/>\n            <\/main><\/p><\/div>\n<p><br \/>\n<br \/><a href=\"https:\/\/limeira.sp.gov.br\/acoes-de-prevencao-a-crueldade-animal-alcancam-mais-de-600-pessoas\" rel=\"noopener\">Informa\u00e7\u00f5es da PML <\/a><\/p>\n","protected":false},"excerpt":{"rendered":"<p>&#13; &#13; &#13; &#13; &#13; &#13; &#13; Palestras, blitz educativa e visita ao Lar Tempor\u00e1rio de Animais foram atividades desenvolvidas durante o \u201cAbril Laranja 2024\u201d\u00a0&#8211; m\u00eas de\u00a0preven\u00e7\u00e3o aos\u00a0maus-tratos e \u00e0 crueldade animal. A programa\u00e7\u00e3o da Secretaria de Meio Ambiente e Agricultura de Limeira, por meio dos departamentos de Educa\u00e7\u00e3o Ambiental (DEA) e de Prote\u00e7\u00e3o e [&hellip;]<\/p>\n","protected":false},"author":1,"featured_media":3677,"comment_status":"open","ping_status":"open","sticky":false,"template":"","format":"standard","meta":{"_jetpack_newsletter_access":"","_jetpack_dont_email_post_to_subs":false,"_jetpack_newsletter_tier_id":0,"_jetpack_memberships_contains_paywalled_content":false,"_mbp_banners":[],"_jetpack_feature_clip_id":0,"_jetpack_memberships_contains_paid_content":false,"footnotes":"","jetpack_publicize_message":"","jetpack_publicize_feature_enabled":true,"jetpack_social_post_already_shared":true,"jetpack_social_options":{"image_generator_settings":{"template":"highway","default_image_id":0,"font":"","enabled":false},"version":2},"jetpack_post_was_ever_published":false},"categories":[16],"tags":[],"class_list":["post-3676","post","type-post","status-publish","format-standard","has-post-thumbnail","category-local"],"jetpack_publicize_connections":[],"jetpack-related-posts":[],"jetpack_shortlink":"https:\/\/wp.me\/p7Eq1F-Xi","jetpack_sharing_enabled":true,"jetpack_featured_media_url":"https:\/\/i0.wp.com\/guialimeira.com.br\/news\/wp-content\/uploads\/2024\/05\/m_137_0_1_03052024170050.jpg?fit=900%2C674&ssl=1","_links":{"self":[{"href":"https:\/\/guialimeira.com.br\/news\/wp-json\/wp\/v2\/posts\/3676","targetHints":{"allow":["GET"]}}],"collection":[{"href":"https:\/\/guialimeira.com.br\/news\/wp-json\/wp\/v2\/posts"}],"about":[{"href":"https:\/\/guialimeira.com.br\/news\/wp-json\/wp\/v2\/types\/post"}],"author":[{"embeddable":true,"href":"https:\/\/guialimeira.com.br\/news\/wp-json\/wp\/v2\/users\/1"}],"replies":[{"embeddable":true,"href":"https:\/\/guialimeira.com.br\/news\/wp-json\/wp\/v2\/comments?post=3676"}],"version-history":[{"count":0,"href":"https:\/\/guialimeira.com.br\/news\/wp-json\/wp\/v2\/posts\/3676\/revisions"}],"wp:featuredmedia":[{"embeddable":true,"href":"https:\/\/guialimeira.com.br\/news\/wp-json\/wp\/v2\/media\/3677"}],"wp:attachment":[{"href":"https:\/\/guialimeira.com.br\/news\/wp-json\/wp\/v2\/media?parent=3676"}],"wp:term":[{"taxonomy":"category","embeddable":true,"href":"https:\/\/guialimeira.com.br\/news\/wp-json\/wp\/v2\/categories?post=3676"},{"taxonomy":"post_tag","embeddable":true,"href":"https:\/\/guialimeira.com.br\/news\/wp-json\/wp\/v2\/tags?post=3676"}],"curies":[{"name":"wp","href":"https:\/\/api.w.org\/{rel}","templated":true}]}}