{"id":3666,"date":"2024-05-03T18:09:43","date_gmt":"2024-05-03T21:09:43","guid":{"rendered":"https:\/\/guialimeira.com.br\/2024\/05\/03\/encontro-formativo-discute-os-desafios-da-invisibilidade-do-homem-na-protecao-social-e-a-masculinidade-portal-do-municipio-de-piracicaba\/"},"modified":"2024-05-03T18:09:43","modified_gmt":"2024-05-03T21:09:43","slug":"encontro-formativo-discute-os-desafios-da-invisibilidade-do-homem-na-protecao-social-e-a-masculinidade-portal-do-municipio-de-piracicaba","status":"publish","type":"post","link":"https:\/\/guialimeira.com.br\/news\/encontro-formativo-discute-os-desafios-da-invisibilidade-do-homem-na-protecao-social-e-a-masculinidade-portal-do-municipio-de-piracicaba\/","title":{"rendered":"Encontro formativo discute os desafios da (in)visibilidade do homem na Prote\u00e7\u00e3o Social e a masculinidade \u2013 Portal do Munic\u00edpio de Piracicaba"},"content":{"rendered":"<p> <br \/>\n<\/p>\n<div>\n<figure class=\"text-center\">\n<img data-recalc-dims=\"1\" width=\"696\" height=\"522\" src=\"https:\/\/i0.wp.com\/piracicaba.sp.gov.br\/wp-content\/uploads\/2024\/05\/Sergio-Barbosa-fala-aos-participantes-do-encontro-formativo-sobre-os-desafios-da-in-visibilidade-do-homem-na-Protecao-Social-e-a-masculinidade1.png?resize=696%2C522&#038;ssl=1\" class=\"img-fluid img-thumbnail border-1 wp-post-image\" alt=\"Na imagem, ao fundo tel\u00e3o com informa\u00e7\u00f5es sobre a palestra. \u00c0 frente, participantes sentados prestam aten\u00e7\u00e3o na fala de S\u00e9rgio Barbosa\" itemprop=\"image\" decoding=\"async\" fetchpriority=\"high\" srcset=\"https:\/\/piracicaba.sp.gov.br\/wp-content\/uploads\/2024\/05\/Sergio-Barbosa-fala-aos-participantes-do-encontro-formativo-sobre-os-desafios-da-in-visibilidade-do-homem-na-Protecao-Social-e-a-masculinidade1.png 1024w, https:\/\/piracicaba.sp.gov.br\/wp-content\/uploads\/2024\/05\/Sergio-Barbosa-fala-aos-participantes-do-encontro-formativo-sobre-os-desafios-da-in-visibilidade-do-homem-na-Protecao-Social-e-a-masculinidade1-300x225.png 300w, https:\/\/piracicaba.sp.gov.br\/wp-content\/uploads\/2024\/05\/Sergio-Barbosa-fala-aos-participantes-do-encontro-formativo-sobre-os-desafios-da-in-visibilidade-do-homem-na-Protecao-Social-e-a-masculinidade1-768x576.png 768w\" sizes=\"(max-width: 1024px) 100vw, 1024px\"\/><figcaption class=\"text-center small fw-bold fst-italic mt-1\">S\u00e9rgio Barbosa fala aos participantes do encontro formativo sobre os desafios da (in) visibilidade do homem na Prote\u00e7\u00e3o Social e a masculinidade<\/figcaption><\/figure>\n<p>Cerca de 130 trabalhadores do Sistema \u00danico de Assist\u00eancia Social (SUAS) participaram na manh\u00e3 de hoje, dia 03\/05, do encontro formativo sobre os desafios da (in) visibilidade do homem na Prote\u00e7\u00e3o Social e a masculinidade. O evento, realizado no anfiteatro do Sesc Piracicaba, em parceria com a Secretaria Municipal de Assist\u00eancia e Desenvolvimento Social (Smads), teve o objetivo de refletir sobre o combate \u00e0 viol\u00eancia contra a mulher, por meio de a\u00e7\u00f5es de preven\u00e7\u00e3o com enfoque nos agressores.<\/p>\n<figure class=\"wp-block-image\"><img data-recalc-dims=\"1\" decoding=\"async\" src=\"https:\/\/i0.wp.com\/ssl.gstatic.com\/ui\/v1\/icons\/mail\/images\/cleardot.gif?w=696&#038;ssl=1\" alt=\"\"\/><\/figure>\n<p>A palestra, ministrada por S\u00e9rgio Barbosa, mestre em filosofia, pesquisador na \u00e1rea de direitos e antropologia, apresentou aspectos conceituais sobre a viol\u00eancia dom\u00e9stica e as formas de puni\u00e7\u00e3o aplicadas. \u201cEste \u00e9 um tema desafiador porque abrange uma perspectiva educativa e n\u00e3o punitiva ao agressor, de forma a trabalhar quest\u00f5es para a desconstru\u00e7\u00e3o da agressividade, entendendo que o modelo de puni\u00e7\u00e3o gera apenas pessoas exclu\u00eddas da sociedade\u201d, disse.<\/p>\n<p>Durante o evento foram realizadas din\u00e2micas para a compreens\u00e3o sobre o machismo, o feminismo e o patriarcado que, como problemas socioculturais, se referem \u00e0s atitudes de superioridade e domina\u00e7\u00e3o dos homens ignorando a igualdade de direitos; al\u00e9m disso, tamb\u00e9m foram feitas apresenta\u00e7\u00f5es audiovisuais e depoimentos que retratam o ciclo de viol\u00eancia dom\u00e9stica e as diversas situa\u00e7\u00f5es de viola\u00e7\u00e3o de direitos.<\/p>\n<p>\u201cNos servi\u00e7os socioassistenciais, os profissionais precisam entender o que est\u00e1 detr\u00e1s das invisibilidades e como identific\u00e1-las no atendimento. Existem invisibilidades emocionais, dom\u00e9sticas, no cuidado com a sa\u00fade, na paternidade, no mercado de trabalho e nas rela\u00e7\u00f5es afetivas que geram situa\u00e7\u00f5es de viol\u00eancia e precisam ser trabalhadas para que o homem pare de reproduzi-las em seu dia a dia, reduzindo a reincid\u00eancia da viol\u00eancia contra a mulher\u201d, explicou S\u00e9rgio.<\/p>\n<p>Ariane Soave, coordenadora da Gest\u00e3o do Trabalho \u2013 Educa\u00e7\u00e3o Permanente, explica que este \u00e9 um dos temas para discuss\u00e3o e reflex\u00e3o dos profissionais da Assist\u00eancia Social. \u201cAt\u00e9 o final do ano, teremos outros encontros sobre temas espec\u00edficos como capacita\u00e7\u00e3o e forma\u00e7\u00e3o aos trabalhadores da rede\u201d, comentou.<\/p>\n<p>Os pr\u00f3ximos encontros formativos ser\u00e3o realizados no dia 28\/6, com o tema \u201cRacismo ambiental e justi\u00e7a clim\u00e1tica\u201d; dia 09\/8, \u201cMulher em situa\u00e7\u00e3o de rua e o machismo\u201d e dia 11\/10, \u201cA sexualidade das pessoas com defici\u00eancia\u201d.<\/p>\n<\/div>\n<p><br \/>\n<br \/><a href=\"https:\/\/piracicaba.sp.gov.br\/noticias\/encontro-formativo-discute-os-desafios-da-invisibilidade-do-homem-na-protecao-social-e-a-masculinidade\/\" rel=\"noopener\">Informa\u00e7\u00f5es PMP <\/a><\/p>\n","protected":false},"excerpt":{"rendered":"<p>S\u00e9rgio Barbosa fala aos participantes do encontro formativo sobre os desafios da (in) visibilidade do homem na Prote\u00e7\u00e3o Social e a masculinidade Cerca de 130 trabalhadores do Sistema \u00danico de Assist\u00eancia Social (SUAS) participaram na manh\u00e3 de hoje, dia 03\/05, do encontro formativo sobre os desafios da (in) visibilidade do homem na Prote\u00e7\u00e3o Social e [&hellip;]<\/p>\n","protected":false},"author":1,"featured_media":3667,"comment_status":"open","ping_status":"open","sticky":false,"template":"","format":"standard","meta":{"_jetpack_newsletter_access":"","_jetpack_dont_email_post_to_subs":false,"_jetpack_newsletter_tier_id":0,"_jetpack_memberships_contains_paywalled_content":false,"_mbp_banners":[],"_jetpack_feature_clip_id":0,"_jetpack_memberships_contains_paid_content":false,"footnotes":"","jetpack_publicize_message":"","jetpack_publicize_feature_enabled":true,"jetpack_social_post_already_shared":true,"jetpack_social_options":{"image_generator_settings":{"template":"highway","default_image_id":0,"font":"","enabled":false},"version":2},"jetpack_post_was_ever_published":false},"categories":[20],"tags":[],"class_list":["post-3666","post","type-post","status-publish","format-standard","has-post-thumbnail","category-regiao"],"jetpack_publicize_connections":[],"jetpack-related-posts":[],"jetpack_shortlink":"https:\/\/wp.me\/p7Eq1F-X8","jetpack_sharing_enabled":true,"jetpack_featured_media_url":"https:\/\/i0.wp.com\/guialimeira.com.br\/news\/wp-content\/uploads\/2024\/05\/Sergio-Barbosa-fala-aos-participantes-do-encontro-formativo-sobre-os-desafios-da-in-visibilidade-do-homem-na-Protecao-Social-e-a-masculinidade1.png?fit=1024%2C768&ssl=1","_links":{"self":[{"href":"https:\/\/guialimeira.com.br\/news\/wp-json\/wp\/v2\/posts\/3666","targetHints":{"allow":["GET"]}}],"collection":[{"href":"https:\/\/guialimeira.com.br\/news\/wp-json\/wp\/v2\/posts"}],"about":[{"href":"https:\/\/guialimeira.com.br\/news\/wp-json\/wp\/v2\/types\/post"}],"author":[{"embeddable":true,"href":"https:\/\/guialimeira.com.br\/news\/wp-json\/wp\/v2\/users\/1"}],"replies":[{"embeddable":true,"href":"https:\/\/guialimeira.com.br\/news\/wp-json\/wp\/v2\/comments?post=3666"}],"version-history":[{"count":0,"href":"https:\/\/guialimeira.com.br\/news\/wp-json\/wp\/v2\/posts\/3666\/revisions"}],"wp:featuredmedia":[{"embeddable":true,"href":"https:\/\/guialimeira.com.br\/news\/wp-json\/wp\/v2\/media\/3667"}],"wp:attachment":[{"href":"https:\/\/guialimeira.com.br\/news\/wp-json\/wp\/v2\/media?parent=3666"}],"wp:term":[{"taxonomy":"category","embeddable":true,"href":"https:\/\/guialimeira.com.br\/news\/wp-json\/wp\/v2\/categories?post=3666"},{"taxonomy":"post_tag","embeddable":true,"href":"https:\/\/guialimeira.com.br\/news\/wp-json\/wp\/v2\/tags?post=3666"}],"curies":[{"name":"wp","href":"https:\/\/api.w.org\/{rel}","templated":true}]}}