{"id":3662,"date":"2024-05-03T17:34:46","date_gmt":"2024-05-03T20:34:46","guid":{"rendered":"https:\/\/guialimeira.com.br\/2024\/05\/03\/sp-faz-convenio-para-levar-moradias-comercio-servicos-e-mobilidade-a-guaianases\/"},"modified":"2024-05-03T17:34:46","modified_gmt":"2024-05-03T20:34:46","slug":"sp-faz-convenio-para-levar-moradias-comercio-servicos-e-mobilidade-a-guaianases","status":"publish","type":"post","link":"https:\/\/guialimeira.com.br\/news\/sp-faz-convenio-para-levar-moradias-comercio-servicos-e-mobilidade-a-guaianases\/","title":{"rendered":"SP faz conv\u00eanio para levar moradias, com\u00e9rcio, servi\u00e7os e mobilidade a Guaianases"},"content":{"rendered":"<p> <br \/>\n<\/p>\n<div id=\"\">&#13;<\/p>\n<figure id=\"attachment_5877067\" style=\"width: 100%;max-width: 2048px\" class=\"wp-caption alignnone caption-hide\"><img data-recalc-dims=\"1\" decoding=\"async\" loading=\"lazy\" class=\"wp-image-5877067 size-full\" src=\"https:\/\/i0.wp.com\/www.saopaulo.sp.gov.br\/wp-content\/uploads\/2024\/05\/53696046081_0a04bcc874_k-1.jpg?resize=696%2C464&#038;ssl=1\" alt=\"\" width=\"696\" height=\"464\" srcset=\"https:\/\/www.saopaulo.sp.gov.br\/wp-content\/uploads\/2024\/05\/53696046081_0a04bcc874_k-1.jpg 2048w, https:\/\/www.saopaulo.sp.gov.br\/wp-content\/uploads\/2024\/05\/53696046081_0a04bcc874_k-1-300x200.jpg 300w, https:\/\/www.saopaulo.sp.gov.br\/wp-content\/uploads\/2024\/05\/53696046081_0a04bcc874_k-1-1024x683.jpg 1024w, https:\/\/www.saopaulo.sp.gov.br\/wp-content\/uploads\/2024\/05\/53696046081_0a04bcc874_k-1-768x512.jpg 768w, https:\/\/www.saopaulo.sp.gov.br\/wp-content\/uploads\/2024\/05\/53696046081_0a04bcc874_k-1-1536x1024.jpg 1536w\" sizes=\"auto, (max-width: 2048px) 100vw, 2048px\"\/><\/figure>\n<p>O Governo do Estado firmou nesta sexta-feira (3) um conv\u00eanio com a Prefeitura de S\u00e3o Paulo para o in\u00edcio de um projeto inovador de requalifica\u00e7\u00e3o urbana e melhora da oferta de habita\u00e7\u00e3o, com\u00e9rcio, servi\u00e7os e mobilidade na regi\u00e3o de Guaianases, zona leste da capital. O vice-governador Felicio Ramuth anunciou a parceria que vai viabilizar a futura esta\u00e7\u00e3o Lajeado da Linha-11 Coral de trens urbanos e 1,5 mil novas moradias no entorno.<\/p>\n<p>\u201c\u00c9 a confirma\u00e7\u00e3o de um trabalho conjunto entre o Governo do Estado e a Prefeitura de S\u00e3o Paulo\u201d, afirmou Felicio. \u201cEste projeto nasce pensando no presente e apontando para o futuro, trazendo para a zona leste o desenvolvimento urbano e o planejamento conjunto. Temos muito trabalho pela frente, mas um grande come\u00e7o e um projeto bem estruturado para melhorar a vida das pessoas.\u201d<\/p>\n<p>O conv\u00eanio foi assinado em evento no Centro Educacional Unificado (CEU) Lajeado com a participa\u00e7\u00e3o dos secret\u00e1rios estaduais Marcelo Branco (Desenvolvimento Urbano e Habita\u00e7\u00e3o) e Marco Antonio Assalve (Transportes Metropolitanos), os presidentes da Companhia de Desenvolvimento Habitacional Urbano, Reinaldo Iapequino, e da Companhia Paulista de Trens Metropolitanos (CPTM), Pedro Moro, o prefeito Ricardo Nunes e autoridades municipais.<\/p>\n<p>Pelo acordo CDHU, CPTM e a Cohab-SP, ligada \u00e0 Prefeitura de S\u00e3o Paulo, v\u00e3o atuar no planejamento e execu\u00e7\u00e3o do projeto. Al\u00e9m das novas unidades habitacionais, entre moradias de interesse social e mercado popular, a requalifica\u00e7\u00e3o urbana prev\u00ea equipamentos p\u00fablicos, espa\u00e7os para com\u00e9rcio e servi\u00e7os e dois novos terminais de \u00f4nibus nos acessos da futura esta\u00e7\u00e3o Lajeado, que contar\u00e1 com um centro de servi\u00e7os que integrar\u00e1 tamb\u00e9m o F\u00f3rum de Guaianases.<\/p>\n<p>O investimento conjunto soma R$ 23 milh\u00f5es, sendo R$ 12 milh\u00f5es da CDHU, R$ 6 milh\u00f5es da CPTM e R$ 5 milh\u00f5es da Cohab-SP. \u201cN\u00f3s temos mais de 3 milh\u00f5es que v\u00e3o da zona leste para o centro e retornam no fim do dia. Isso \u00e9 a popula\u00e7\u00e3o de um pa\u00eds como o Uruguai. Quando criamos centralidades como a proposta aqui, voc\u00ea est\u00e1 melhorando a qualidade de vida da popula\u00e7\u00e3o\u201d, disse o secret\u00e1rio Marcelo Branco.<\/p>\n<p>A implanta\u00e7\u00e3o do projeto dever\u00e1 durar at\u00e9 dois anos, com a realiza\u00e7\u00e3o de levantamentos e licenciamentos, al\u00e9m dos 47,9 mil m2 de desapropria\u00e7\u00f5es necess\u00e1rias para as obras f\u00edsicas que ser\u00e3o realizadas na segunda fase, que ser\u00e1 definida por um novo conv\u00eanio entre o Governo do Estado e a Prefeitura de S\u00e3o Paulo.<\/p>\n<p>A CDHU ficar\u00e1 respons\u00e1vel pela articula\u00e7\u00e3o com outros \u00f3rg\u00e3os estaduais para levantamentos t\u00e9cnicos, desapropria\u00e7\u00f5es e financiamento das unidades habitacionais, enquanto a CPTM prestar\u00e1 apoio t\u00e9cnico para realiza\u00e7\u00e3o de projeto e obras da esta\u00e7\u00e3o Lajeado.<\/p>\n<p>\u201cA Linha Coral tem 50,4 km, \u00e9 a maior linha da CPTM em opera\u00e7\u00e3o e transporta por dia 698 mil passageiros. S\u00f3 na esta\u00e7\u00e3o Guaianases, s\u00e3o 67 mil passageiros por dia. Com o advento da cria\u00e7\u00e3o dessa integra\u00e7\u00e3o da CPTM com a esta\u00e7\u00e3o Lajeado, n\u00f3s vamos desafogar o fluxo em Guaianases\u201d, afirmou o secret\u00e1rio de Transportes Metropolitanos, Marco Antonio Assalve.<\/p>\n<p>A Cohab-SP cuidar\u00e1 da articula\u00e7\u00e3o com outros \u00f3rg\u00e3os municipais e ir\u00e1 elaborar projetos, viabilizar licenciamentos e alvar\u00e1s por meio do contrato do Lote 10 da Parceria P\u00fablico-Privada (PPP) Municipal da Habita\u00e7\u00e3o.<\/p>\n<p>A proposta de requalifica\u00e7\u00e3o urbana na regi\u00e3o de Guaianases \u00e9 um avan\u00e7o importante no planejamento urban\u00edstico de \u00e1reas que t\u00eam grande densidade populacional. A previs\u00e3o \u00e9 que o projeto tamb\u00e9m seja levado para outras regi\u00f5es.<\/p>\n<p><strong>Esta\u00e7\u00e3o Lajeado<\/strong><\/p>\n<p>A nova esta\u00e7\u00e3o Lajeado ser\u00e1 constru\u00edda entre as existentes Guaianases e Ant\u00f4nio Giannetti Neto, distantes 4 km entre elas e ampliando a capacidade de transporte da Linha-11 Coral, que passar\u00e1 a ter 17 esta\u00e7\u00f5es.<\/p>\n<p>Equipada para garantir conforto, seguran\u00e7a e mobilidade dos passageiros, a estrutura ter\u00e1 acessibilidade universal, biciclet\u00e1rio e conex\u00e3o com um terminal de \u00f4nibus municipais e metropolitanos, al\u00e9m de possibilitar o acesso f\u00e1cil ao transporte por aplicativo, com sinaliza\u00e7\u00e3o de pontos virtuais.<\/p>\n<p>A previs\u00e3o \u00e9 que a futura esta\u00e7\u00e3o Lajeado atenda, em m\u00e9dia, 20 mil passageiros por dia. \u201cA futura Esta\u00e7\u00e3o Lajeado ser\u00e1 estrat\u00e9gica para o extremo leste da capital captando novas demandas, potencializando o intenso desenvolvimento urbano da regi\u00e3o, propondo a implanta\u00e7\u00e3o de empreendimentos associados e incentivando as atuais e futuras atividades comerciais\u201d, afirmou o presidente da CPTM.<\/p>\n<\/p><\/div>\n<p><br \/>\n<br \/><a href=\"https:\/\/www.saopaulo.sp.gov.br\/spnoticias\/ultimas-noticias\/sp-faz-convenio-para-levar-moradias-comercio-servicos-e-mobilidade-a-guaianases\/\" rel=\"noopener\">Informa\u00e7\u00f5es GOV.SP<\/a><\/p>\n","protected":false},"excerpt":{"rendered":"<p>&#13; O Governo do Estado firmou nesta sexta-feira (3) um conv\u00eanio com a Prefeitura de S\u00e3o Paulo para o in\u00edcio de um projeto inovador de requalifica\u00e7\u00e3o urbana e melhora da oferta de habita\u00e7\u00e3o, com\u00e9rcio, servi\u00e7os e mobilidade na regi\u00e3o de Guaianases, zona leste da capital. O vice-governador Felicio Ramuth anunciou a parceria que vai viabilizar [&hellip;]<\/p>\n","protected":false},"author":1,"featured_media":3663,"comment_status":"open","ping_status":"open","sticky":false,"template":"","format":"standard","meta":{"_jetpack_newsletter_access":"","_jetpack_dont_email_post_to_subs":false,"_jetpack_newsletter_tier_id":0,"_jetpack_memberships_contains_paywalled_content":false,"_mbp_banners":[],"_jetpack_feature_clip_id":0,"_jetpack_memberships_contains_paid_content":false,"footnotes":"","jetpack_publicize_message":"","jetpack_publicize_feature_enabled":true,"jetpack_social_post_already_shared":true,"jetpack_social_options":{"image_generator_settings":{"template":"highway","default_image_id":0,"font":"","enabled":false},"version":2},"jetpack_post_was_ever_published":false},"categories":[21],"tags":[],"class_list":["post-3662","post","type-post","status-publish","format-standard","has-post-thumbnail","category-sp-news"],"jetpack_publicize_connections":[],"jetpack-related-posts":[],"jetpack_shortlink":"https:\/\/wp.me\/p7Eq1F-X4","jetpack_sharing_enabled":true,"jetpack_featured_media_url":"https:\/\/i0.wp.com\/guialimeira.com.br\/news\/wp-content\/uploads\/2024\/05\/SP-faz-convenio-para-levar-moradias-comercio-servicos-e-mobilidade.jpg?fit=2048%2C1365&ssl=1","_links":{"self":[{"href":"https:\/\/guialimeira.com.br\/news\/wp-json\/wp\/v2\/posts\/3662","targetHints":{"allow":["GET"]}}],"collection":[{"href":"https:\/\/guialimeira.com.br\/news\/wp-json\/wp\/v2\/posts"}],"about":[{"href":"https:\/\/guialimeira.com.br\/news\/wp-json\/wp\/v2\/types\/post"}],"author":[{"embeddable":true,"href":"https:\/\/guialimeira.com.br\/news\/wp-json\/wp\/v2\/users\/1"}],"replies":[{"embeddable":true,"href":"https:\/\/guialimeira.com.br\/news\/wp-json\/wp\/v2\/comments?post=3662"}],"version-history":[{"count":0,"href":"https:\/\/guialimeira.com.br\/news\/wp-json\/wp\/v2\/posts\/3662\/revisions"}],"wp:featuredmedia":[{"embeddable":true,"href":"https:\/\/guialimeira.com.br\/news\/wp-json\/wp\/v2\/media\/3663"}],"wp:attachment":[{"href":"https:\/\/guialimeira.com.br\/news\/wp-json\/wp\/v2\/media?parent=3662"}],"wp:term":[{"taxonomy":"category","embeddable":true,"href":"https:\/\/guialimeira.com.br\/news\/wp-json\/wp\/v2\/categories?post=3662"},{"taxonomy":"post_tag","embeddable":true,"href":"https:\/\/guialimeira.com.br\/news\/wp-json\/wp\/v2\/tags?post=3662"}],"curies":[{"name":"wp","href":"https:\/\/api.w.org\/{rel}","templated":true}]}}