{"id":366,"date":"2024-03-29T18:34:07","date_gmt":"2024-03-29T21:34:07","guid":{"rendered":"https:\/\/guialimeira.com.br\/2024\/03\/29\/equipes-buscam-aviao-que-desapareceu-na-serra-do-japi-em-sao-paulo\/"},"modified":"2024-03-29T18:34:07","modified_gmt":"2024-03-29T21:34:07","slug":"equipes-buscam-aviao-que-desapareceu-na-serra-do-japi-em-sao-paulo","status":"publish","type":"post","link":"https:\/\/guialimeira.com.br\/news\/equipes-buscam-aviao-que-desapareceu-na-serra-do-japi-em-sao-paulo\/","title":{"rendered":"Equipes buscam avi\u00e3o que desapareceu na Serra do Japi, em S\u00e3o Paulo"},"content":{"rendered":"<p> <br \/>\n<\/p>\n<div>\n<p>O Corpo de Bombeiros e a Pol\u00edcia Militar fazem buscas por um avi\u00e3o de pequeno porte que desapareceu, na noite dessa quinta-feira (28), na Serra do Japi, no interior paulista.<img data-recalc-dims=\"1\" decoding=\"async\" src=\"https:\/\/i0.wp.com\/agenciabrasil.ebc.com.br\/ebc.png?w=696&#038;ssl=1\" style=\"width:1px; height:1px; display:inline;\"\/><img data-recalc-dims=\"1\" decoding=\"async\" src=\"https:\/\/i0.wp.com\/agenciabrasil.ebc.com.br\/ebc.gif?w=696&#038;ssl=1\" style=\"width:1px; height:1px; display:inline;\"\/><\/p>\n<p>Segundo as informa\u00e7\u00f5es preliminares, a aeronave decolou de Jundia\u00ed com destino ao Aeroporto do Campo de Marte, na zona norte da cidade de S\u00e3o Paulo.<\/p>\n<p>Um helic\u00f3ptero \u00e9 empregado nas buscas. A Pol\u00edcia Militar informou que s\u00f3 foi acionada sobre o desaparecimento por volta das 15h desta sexta-feira (29).<\/p>\n<p>\u00a0<\/p>\n<\/p><\/div>\n<p><br \/>\n<br \/><a href=\"https:\/\/agenciabrasil.ebc.com.br\/geral\/noticia\/2024-03\/equipes-buscam-aviao-que-desapareceu-na-serra-do-japi-em-sao-paulo\" rel=\"noopener\">Ag\u00eancia Brasil<\/a><\/p>\n","protected":false},"excerpt":{"rendered":"<p>O Corpo de Bombeiros e a Pol\u00edcia Militar fazem buscas por um avi\u00e3o de pequeno porte que desapareceu, na noite dessa quinta-feira (28), na Serra do Japi, no interior paulista. Segundo as informa\u00e7\u00f5es preliminares, a aeronave decolou de Jundia\u00ed com destino ao Aeroporto do Campo de Marte, na zona norte da cidade de S\u00e3o Paulo. [&hellip;]<\/p>\n","protected":false},"author":1,"featured_media":269,"comment_status":"open","ping_status":"open","sticky":false,"template":"","format":"standard","meta":{"_jetpack_newsletter_access":"","_jetpack_dont_email_post_to_subs":false,"_jetpack_newsletter_tier_id":0,"_jetpack_memberships_contains_paywalled_content":false,"_mbp_banners":[],"_jetpack_feature_clip_id":0,"_jetpack_memberships_contains_paid_content":false,"footnotes":"","jetpack_publicize_message":"","jetpack_publicize_feature_enabled":true,"jetpack_social_post_already_shared":true,"jetpack_social_options":{"image_generator_settings":{"template":"highway","default_image_id":0,"font":"","enabled":false},"version":2},"jetpack_post_was_ever_published":false},"categories":[1],"tags":[],"class_list":["post-366","post","type-post","status-publish","format-standard","has-post-thumbnail","category-geral"],"jetpack_publicize_connections":[],"jetpack-related-posts":[],"jetpack_shortlink":"https:\/\/wp.me\/p7Eq1F-5U","jetpack_sharing_enabled":true,"jetpack_featured_media_url":"https:\/\/i0.wp.com\/guialimeira.com.br\/news\/wp-content\/uploads\/2024\/03\/thumb_1200x600_agbrasil.png?fit=1200%2C600&ssl=1","_links":{"self":[{"href":"https:\/\/guialimeira.com.br\/news\/wp-json\/wp\/v2\/posts\/366","targetHints":{"allow":["GET"]}}],"collection":[{"href":"https:\/\/guialimeira.com.br\/news\/wp-json\/wp\/v2\/posts"}],"about":[{"href":"https:\/\/guialimeira.com.br\/news\/wp-json\/wp\/v2\/types\/post"}],"author":[{"embeddable":true,"href":"https:\/\/guialimeira.com.br\/news\/wp-json\/wp\/v2\/users\/1"}],"replies":[{"embeddable":true,"href":"https:\/\/guialimeira.com.br\/news\/wp-json\/wp\/v2\/comments?post=366"}],"version-history":[{"count":0,"href":"https:\/\/guialimeira.com.br\/news\/wp-json\/wp\/v2\/posts\/366\/revisions"}],"wp:featuredmedia":[{"embeddable":true,"href":"https:\/\/guialimeira.com.br\/news\/wp-json\/wp\/v2\/media\/269"}],"wp:attachment":[{"href":"https:\/\/guialimeira.com.br\/news\/wp-json\/wp\/v2\/media?parent=366"}],"wp:term":[{"taxonomy":"category","embeddable":true,"href":"https:\/\/guialimeira.com.br\/news\/wp-json\/wp\/v2\/categories?post=366"},{"taxonomy":"post_tag","embeddable":true,"href":"https:\/\/guialimeira.com.br\/news\/wp-json\/wp\/v2\/tags?post=366"}],"curies":[{"name":"wp","href":"https:\/\/api.w.org\/{rel}","templated":true}]}}