{"id":3653,"date":"2024-05-03T16:48:44","date_gmt":"2024-05-03T19:48:44","guid":{"rendered":"https:\/\/guialimeira.com.br\/2024\/05\/03\/prefeitura-envia-para-camara-projeto-que-amplia-data-limite-para-adequacao-a-lei\/"},"modified":"2024-05-03T16:48:44","modified_gmt":"2024-05-03T19:48:44","slug":"prefeitura-envia-para-camara-projeto-que-amplia-data-limite-para-adequacao-a-lei","status":"publish","type":"post","link":"https:\/\/guialimeira.com.br\/news\/prefeitura-envia-para-camara-projeto-que-amplia-data-limite-para-adequacao-a-lei\/","title":{"rendered":"Prefeitura envia para C\u00e2mara projeto que amplia data limite para adequa\u00e7\u00e3o \u00e0 lei"},"content":{"rendered":"<p> <br \/>\n<\/p>\n<div>\n            <main class=\"\">&#13;<br \/>\n                &#13;<br \/>\n&#13;<br \/>\n&#13;<br \/>\n&#13;<br \/>\n    <img data-recalc-dims=\"1\" decoding=\"async\" src=\"https:\/\/i0.wp.com\/ecrie.com.br\/sistema\/conteudos\/imagem\/m_137_0_1_03052024163947.jpg?w=696&#038;ssl=1\" alt=\"Prefeitura envia para C\u00e2mara projeto que amplia data limite para adequa\u00e7\u00e3o \u00e0 lei\"\/>&#13;<br \/>\n&#13;<\/p>\n<p style=\"text-align: justify;\" align=\"justify\">A Prefeitura de Limeira vai enviar para a C\u00e2mara Municipal, ainda nesta sexta-feira (3), um projeto de lei que amplia a data limite para adequa\u00e7\u00e3o \u00e0 Lei 5.745\/2016, que regulamenta o transporte escolar municipal. O envio da proposta foi comunicado hoje em reuni\u00e3o da vice-prefeita Erika Tank e do secret\u00e1rio de Mobilidade Urbana, Rodrigo Oliveira, com representantes do setor.<\/p>\n<p>&#13;<\/p>\n<p style=\"text-align: justify;\" align=\"justify\">Pela legisla\u00e7\u00e3o atual, a data limite para adequa\u00e7\u00e3o era 31 de dezembro de 2024. A nova proposta, assinada pelo prefeito Mario Botion, amplia esse prazo para 31 de dezembro de 2026. \u201cEssa \u00e9 uma demanda dos motoristas do transporte escolar, devidamente regulamentados junto ao munic\u00edpio, e que precisam de mais tempo para se adequarem \u00e0 lei e continuarem atendendo nossas crian\u00e7as\u201d, destaca a vice-prefeita Erika Tank.<\/p>\n<p>&#13;<br \/>\n&#13;<br \/>\n&#13;<br \/>\n&#13;<\/p>\n<aside class=\"list-related no-print\">&#13;<br \/>\n        &#13;<br \/>\n&#13;<\/p>\n<article class=\"list-item noticias \">&#13;<br \/>\n                    <a class=\"list-item__img\" href=\"https:\/\/limeira.sp.gov.br\/imprensa\/noticias\/gabinete-do-prefeito\/via-santo-antonio-recebe-recapeamento-prefeito-e-vice-prefeita-acompanham-inicio-das-obras\" tabindex=\"-1\" aria-hidden=\"true\" rel=\"noopener\">&#13;<br \/>\n                        <img data-recalc-dims=\"1\" decoding=\"async\" src=\"https:\/\/i0.wp.com\/ecrie.com.br\/sistema\/conteudos\/imagem\/m_137_2_3_02052024171327.jpg?w=696&#038;ssl=1\" alt=\"Via Santo Ant\u00f4nio recebe recapeamento; prefeito e vice-prefeita acompanham in\u00edcio das obras\"\/>&#13;<br \/>\n                    <\/a>&#13;<br \/>\n&#13;<br \/>\n                &#13;<br \/>\n            <\/article>\n<p>&#13;<\/p>\n<article class=\"list-item noticias \">&#13;<br \/>\n                    <a class=\"list-item__img\" href=\"https:\/\/limeira.sp.gov.br\/imprensa\/noticias\/gabinete-do-prefeito\/lancada-campanha-educativa-para-reducao-de-acidentes-de-transito\" tabindex=\"-1\" aria-hidden=\"true\" rel=\"noopener\">&#13;<br \/>\n                        <img data-recalc-dims=\"1\" decoding=\"async\" src=\"https:\/\/i0.wp.com\/ecrie.com.br\/sistema\/conteudos\/imagem\/m_137_0_1_02052024140120.jpg?w=696&#038;ssl=1\" alt=\"Lan\u00e7ada campanha educativa para redu\u00e7\u00e3o de acidentes de tr\u00e2nsito\"\/>&#13;<br \/>\n                    <\/a>&#13;<br \/>\n&#13;<br \/>\n                &#13;<br \/>\n            <\/article>\n<p>&#13;<\/p>\n<article class=\"list-item noticias \">&#13;<br \/>\n                    <a class=\"list-item__img\" href=\"https:\/\/limeira.sp.gov.br\/imprensa\/noticias\/mobilidade-urbana\/obra-para-ligacao-de-esgoto-interdita-ruapresidente-roosevelt-na-sexta-feira\" tabindex=\"-1\" aria-hidden=\"true\" rel=\"noopener\">&#13;<br \/>\n                        <img data-recalc-dims=\"1\" decoding=\"async\" src=\"https:\/\/i0.wp.com\/ecrie.com.br\/sistema\/conteudos\/imagem\/m_137_5_2_24032023103027.jpg?w=696&#038;ssl=1\" alt=\"Obra para liga\u00e7\u00e3o de esgoto interdita Rua\u00a0Presidente Roosevelt, na sexta-feira\"\/>&#13;<br \/>\n                    <\/a>&#13;<br \/>\n&#13;<br \/>\n                &#13;<br \/>\n            <\/article>\n<p>&#13;<br \/>\n    <\/aside>\n<p>&#13;<br \/>\n&#13;<br \/>\n            <\/main><\/p><\/div>\n<p><br \/>\n<br \/><a href=\"https:\/\/limeira.sp.gov.br\/prefeitura-envia-para-camara-projeto-que-amplia-data-limite-para-adequacao-a-lei\" rel=\"noopener\">Informa\u00e7\u00f5es da PML <\/a><\/p>\n","protected":false},"excerpt":{"rendered":"<p>&#13; &#13; &#13; &#13; &#13; &#13; &#13; A Prefeitura de Limeira vai enviar para a C\u00e2mara Municipal, ainda nesta sexta-feira (3), um projeto de lei que amplia a data limite para adequa\u00e7\u00e3o \u00e0 Lei 5.745\/2016, que regulamenta o transporte escolar municipal. O envio da proposta foi comunicado hoje em reuni\u00e3o da vice-prefeita Erika Tank e [&hellip;]<\/p>\n","protected":false},"author":1,"featured_media":3654,"comment_status":"open","ping_status":"open","sticky":false,"template":"","format":"standard","meta":{"_jetpack_newsletter_access":"","_jetpack_dont_email_post_to_subs":false,"_jetpack_newsletter_tier_id":0,"_jetpack_memberships_contains_paywalled_content":false,"_mbp_banners":[],"_jetpack_feature_clip_id":0,"_jetpack_memberships_contains_paid_content":false,"footnotes":"","jetpack_publicize_message":"","jetpack_publicize_feature_enabled":true,"jetpack_social_post_already_shared":true,"jetpack_social_options":{"image_generator_settings":{"template":"highway","default_image_id":0,"font":"","enabled":false},"version":2},"jetpack_post_was_ever_published":false},"categories":[16],"tags":[],"class_list":["post-3653","post","type-post","status-publish","format-standard","has-post-thumbnail","category-local"],"jetpack_publicize_connections":[],"jetpack-related-posts":[],"jetpack_shortlink":"https:\/\/wp.me\/p7Eq1F-WV","jetpack_sharing_enabled":true,"jetpack_featured_media_url":"https:\/\/i0.wp.com\/guialimeira.com.br\/news\/wp-content\/uploads\/2024\/05\/m_137_0_1_03052024163947.jpg?fit=900%2C598&ssl=1","_links":{"self":[{"href":"https:\/\/guialimeira.com.br\/news\/wp-json\/wp\/v2\/posts\/3653","targetHints":{"allow":["GET"]}}],"collection":[{"href":"https:\/\/guialimeira.com.br\/news\/wp-json\/wp\/v2\/posts"}],"about":[{"href":"https:\/\/guialimeira.com.br\/news\/wp-json\/wp\/v2\/types\/post"}],"author":[{"embeddable":true,"href":"https:\/\/guialimeira.com.br\/news\/wp-json\/wp\/v2\/users\/1"}],"replies":[{"embeddable":true,"href":"https:\/\/guialimeira.com.br\/news\/wp-json\/wp\/v2\/comments?post=3653"}],"version-history":[{"count":0,"href":"https:\/\/guialimeira.com.br\/news\/wp-json\/wp\/v2\/posts\/3653\/revisions"}],"wp:featuredmedia":[{"embeddable":true,"href":"https:\/\/guialimeira.com.br\/news\/wp-json\/wp\/v2\/media\/3654"}],"wp:attachment":[{"href":"https:\/\/guialimeira.com.br\/news\/wp-json\/wp\/v2\/media?parent=3653"}],"wp:term":[{"taxonomy":"category","embeddable":true,"href":"https:\/\/guialimeira.com.br\/news\/wp-json\/wp\/v2\/categories?post=3653"},{"taxonomy":"post_tag","embeddable":true,"href":"https:\/\/guialimeira.com.br\/news\/wp-json\/wp\/v2\/tags?post=3653"}],"curies":[{"name":"wp","href":"https:\/\/api.w.org\/{rel}","templated":true}]}}