{"id":3649,"date":"2024-05-03T16:28:42","date_gmt":"2024-05-03T19:28:42","guid":{"rendered":"https:\/\/guialimeira.com.br\/2024\/05\/03\/florestas-publicas-serao-concedidas-para-gerar-credito-de-carbono\/"},"modified":"2024-05-03T16:28:42","modified_gmt":"2024-05-03T19:28:42","slug":"florestas-publicas-serao-concedidas-para-gerar-credito-de-carbono","status":"publish","type":"post","link":"https:\/\/guialimeira.com.br\/news\/florestas-publicas-serao-concedidas-para-gerar-credito-de-carbono\/","title":{"rendered":"Florestas p\u00fablicas ser\u00e3o concedidas para gerar cr\u00e9dito de carbono"},"content":{"rendered":"<p> <br \/>\n<\/p>\n<div>\n<p>A Floresta Nacional de Bom Futuro, em Rond\u00f4nia, com 17 mil hectares desmatados, e a Gleba Jo\u00e3o Bento, com quase 56 mil hectares em desmatamento acumulado nos estados de Rond\u00f4nia e Amazonas, ser\u00e3o concedidas \u00e0 iniciativa privada para restaura\u00e7\u00e3o e gera\u00e7\u00e3o de cr\u00e9dito de carbono. As duas unidades de conserva\u00e7\u00e3o p\u00fablicas ser\u00e3o as primeiras a participarem de uma iniciativa de recupera\u00e7\u00e3o de vegeta\u00e7\u00e3o nativa e gest\u00e3o sustent\u00e1vel de florestas p\u00fablicas na Amaz\u00f4nia.<img data-recalc-dims=\"1\" decoding=\"async\" src=\"https:\/\/i0.wp.com\/agenciabrasil.ebc.com.br\/ebc.png?w=696&#038;ssl=1\" style=\"width:1px; height:1px; display:inline;\"\/><img data-recalc-dims=\"1\" decoding=\"async\" src=\"https:\/\/i0.wp.com\/agenciabrasil.ebc.com.br\/ebc.gif?w=696&#038;ssl=1\" style=\"width:1px; height:1px; display:inline;\"\/><\/p>\n<p>O modelo de concess\u00e3o \u00e9 fruto de um acordo de coopera\u00e7\u00e3o t\u00e9cnica entre o Servi\u00e7o Florestal Brasileiro (SFB) e o Banco Nacional de Desenvolvimento Econ\u00f4mico e Social (BNDES) firmado nesta sexta-feira (3), no Minist\u00e9rio do Meio Ambiente, em Bras\u00edlia. A parceria ter\u00e1 US$ 800 mil disponibilizados pelo Banco Interamericano de Desenvolvimento (BID) em recursos n\u00e3o reembols\u00e1veis do Fundo Verde para o Clima (em ingl\u00eas Green Climate Fund), uma iniciativa internacional de enfrentamento \u00e0s mudan\u00e7as clim\u00e1ticas.<\/p>\n<p>Al\u00e9m das unidades federais, tamb\u00e9m ser\u00e3o apoiados projetos de concess\u00e3o nos estados. O diretor de Planejamento e Estrutura\u00e7\u00e3o de Projetos do BNDES, Nelson Barbosa, afirmou durante a cerim\u00f4nia que ser\u00e3o investidos R$ 30 milh\u00f5es em estudos para projetos de concess\u00e3o na Amaz\u00f4nia.<\/p>\n<p>\u201cVamos disponibilizar para o governo e para as popula\u00e7\u00f5es das \u00e1reas, qual o resultado dos estudos, quais s\u00e3o os investimentos, qual a receita, quantos empregos ser\u00e3o gerados e qual \u00e9 a rentabilidade e a atratividade para quem vai investir\u201d, disse.<\/p>\n<p>Os estudos apresentar\u00e3o propostas de concess\u00f5es de florestas p\u00fablicas estaduais, que precisem passar pela recupera\u00e7\u00e3o da vegeta\u00e7\u00e3o nativa, mas tamb\u00e9m prevejam como retomo financeiro aos investimentos propostas de manejo ambiental conforme a necessidade de cada \u00e1rea.<\/p>\n<p>De acordo com SFB, a meta para concess\u00f5es de florestas p\u00fablicas federais, at\u00e9 2026, \u00e9 de 4 milh\u00f5es de hectares, que dever\u00e3o ser inclu\u00eddos em projetos propostos pela iniciativa privada para recupera\u00e7\u00e3o e manejo florestal sustent\u00e1vel. De acordo com a institui\u00e7\u00e3o, a previs\u00e3o \u00e9 que essas iniciativas gerem 25 mil empregos e R$ 60 milh\u00f5es ao ano em renda nos munic\u00edpios alcan\u00e7ados.<\/p>\n<p><em>*Com informa\u00e7\u00f5es da Ag\u00eancia BNDES de Not\u00edcias<\/em><\/p>\n<\/p><\/div>\n<p><br \/>\n<br \/><a href=\"https:\/\/agenciabrasil.ebc.com.br\/economia\/noticia\/2024-05\/florestas-publicas-serao-concedidas-para-gerar-credito-de-carbono\" rel=\"noopener\">Ag\u00eancia Brasil<\/a><\/p>\n","protected":false},"excerpt":{"rendered":"<p>A Floresta Nacional de Bom Futuro, em Rond\u00f4nia, com 17 mil hectares desmatados, e a Gleba Jo\u00e3o Bento, com quase 56 mil hectares em desmatamento acumulado nos estados de Rond\u00f4nia e Amazonas, ser\u00e3o concedidas \u00e0 iniciativa privada para restaura\u00e7\u00e3o e gera\u00e7\u00e3o de cr\u00e9dito de carbono. As duas unidades de conserva\u00e7\u00e3o p\u00fablicas ser\u00e3o as primeiras a [&hellip;]<\/p>\n","protected":false},"author":1,"featured_media":3650,"comment_status":"open","ping_status":"open","sticky":false,"template":"","format":"standard","meta":{"_jetpack_newsletter_access":"","_jetpack_dont_email_post_to_subs":false,"_jetpack_newsletter_tier_id":0,"_jetpack_memberships_contains_paywalled_content":false,"_mbp_banners":[],"_jetpack_feature_clip_id":0,"_jetpack_memberships_contains_paid_content":false,"footnotes":"","jetpack_publicize_message":"","jetpack_publicize_feature_enabled":true,"jetpack_social_post_already_shared":true,"jetpack_social_options":{"image_generator_settings":{"template":"highway","default_image_id":0,"font":"","enabled":false},"version":2},"jetpack_post_was_ever_published":false},"categories":[24],"tags":[],"class_list":["post-3649","post","type-post","status-publish","format-standard","has-post-thumbnail","category-economia"],"jetpack_publicize_connections":[],"jetpack-related-posts":[],"jetpack_shortlink":"https:\/\/wp.me\/p7Eq1F-WR","jetpack_sharing_enabled":true,"jetpack_featured_media_url":"https:\/\/i0.wp.com\/guialimeira.com.br\/news\/wp-content\/uploads\/2024\/05\/floresta_amazonica_vista_de_cima.jpg?fit=1600%2C800&ssl=1","_links":{"self":[{"href":"https:\/\/guialimeira.com.br\/news\/wp-json\/wp\/v2\/posts\/3649","targetHints":{"allow":["GET"]}}],"collection":[{"href":"https:\/\/guialimeira.com.br\/news\/wp-json\/wp\/v2\/posts"}],"about":[{"href":"https:\/\/guialimeira.com.br\/news\/wp-json\/wp\/v2\/types\/post"}],"author":[{"embeddable":true,"href":"https:\/\/guialimeira.com.br\/news\/wp-json\/wp\/v2\/users\/1"}],"replies":[{"embeddable":true,"href":"https:\/\/guialimeira.com.br\/news\/wp-json\/wp\/v2\/comments?post=3649"}],"version-history":[{"count":0,"href":"https:\/\/guialimeira.com.br\/news\/wp-json\/wp\/v2\/posts\/3649\/revisions"}],"wp:featuredmedia":[{"embeddable":true,"href":"https:\/\/guialimeira.com.br\/news\/wp-json\/wp\/v2\/media\/3650"}],"wp:attachment":[{"href":"https:\/\/guialimeira.com.br\/news\/wp-json\/wp\/v2\/media?parent=3649"}],"wp:term":[{"taxonomy":"category","embeddable":true,"href":"https:\/\/guialimeira.com.br\/news\/wp-json\/wp\/v2\/categories?post=3649"},{"taxonomy":"post_tag","embeddable":true,"href":"https:\/\/guialimeira.com.br\/news\/wp-json\/wp\/v2\/tags?post=3649"}],"curies":[{"name":"wp","href":"https:\/\/api.w.org\/{rel}","templated":true}]}}