{"id":3642,"date":"2024-05-03T15:47:44","date_gmt":"2024-05-03T18:47:44","guid":{"rendered":"https:\/\/guialimeira.com.br\/2024\/05\/03\/lancamento-do-livro-a-escolha-do-cacique-acontece-no-dia-7\/"},"modified":"2024-05-03T15:47:44","modified_gmt":"2024-05-03T18:47:44","slug":"lancamento-do-livro-a-escolha-do-cacique-acontece-no-dia-7","status":"publish","type":"post","link":"https:\/\/guialimeira.com.br\/news\/lancamento-do-livro-a-escolha-do-cacique-acontece-no-dia-7\/","title":{"rendered":"Lan\u00e7amento do livro \u201cA escolha do cacique\u201d acontece no dia 7"},"content":{"rendered":"<p> <br \/>\n<\/p>\n<div>\n            <main class=\"\">&#13;<br \/>\n                &#13;<br \/>\n&#13;<br \/>\n&#13;<br \/>\n&#13;<br \/>\n    <img data-recalc-dims=\"1\" decoding=\"async\" src=\"https:\/\/i0.wp.com\/ecrie.com.br\/sistema\/conteudos\/imagem\/m_137_0_1_03052024151921.jpg?w=696&#038;ssl=1\" alt=\"Lan\u00e7amento do livro \u201cA escolha do cacique\u201d acontece no dia 7\"\/>&#13;<br \/>\n&#13;<\/p>\n<p>A Secretaria da Educa\u00e7\u00e3o, por meio da Biblioteca Pedag\u00f3gica, lan\u00e7a o livro \u201cA escolha do cacique\u201d, de K\u00e1tia Sentinaro no pr\u00f3ximo dia 7 (ter\u00e7a-feira), \u00e0s 13h30. A autora estar\u00e1 presente na data para um bate-papo com alunos das escolas municipais. De forma l\u00fadica e divertida, a obra aborda a paci\u00eancia e o tempo certo dos acontecimentos da natureza no dia-a-dia &#8211; atualmente, num mundo imediatista, onde o ser humano consome de tudo, de forma f\u00edsica ou virtual a qualquer hora, \u00e9 fundamental mostrar \u00e0 crian\u00e7a que muitas vezes \u00e9 preciso esperar. O lan\u00e7amento da obra tamb\u00e9m contar\u00e1 com a participa\u00e7\u00e3o da contadora de hist\u00f3rias Juliana Furlanetti.<\/p>\n<p>&#13;<\/p>\n<p>\u00a0<\/p>\n<p>&#13;<\/p>\n<p>A programa\u00e7\u00e3o do dia 7 de maio inclui a visita da autora a 120 estudantes da Emeief Prof.\u00aa Maria Ap. De Luca Moore. Al\u00e9m do livro \u201cA escolha do cacique\u201d, a autora tamb\u00e9m escreveu a hist\u00f3ria \u201cGato em tudo se encaixa\u201d, obra que ela apresentar\u00e1 aos estudantes. Por meio de atividades criativas sobre assuntos ligados ao bem-estar do animal de estima\u00e7\u00e3o, o objetivo \u00e9 despertar a conscientiza\u00e7\u00e3o nos estudantes sobre valores e atitudes para melhorar a qualidade de vida de humanos e animais.\u00a0<\/p>\n<p>&#13;<\/p>\n<p>\u00a0<\/p>\n<p>&#13;<\/p>\n<p>O cronograma de atividades com a participa\u00e7\u00e3o da autora Katia Sentinaro e seus livros busca promover a aproxima\u00e7\u00e3o e sensibiliza\u00e7\u00e3o dos estudantes para tem\u00e1ticas atuais e importantes para o desenvolvimento de atitudes cidad\u00e3s, com consci\u00eancia e responsabilidade, al\u00e9m de possibilitar aos alunos conhecerem assuntos considerados mais complexos adequadamente.\u00a0<\/p>\n<p>&#13;<\/p>\n<p>\u00a0<\/p>\n<p>&#13;<\/p>\n<p><strong>A AUTORA<\/strong><\/p>\n<p>&#13;<\/p>\n<p>K\u00e1tia Sentinaro mora em Campinas com sua fam\u00edlia e muitos bichos. Ela ama os animais e a natureza, sua fonte de inspira\u00e7\u00e3o para as sus hist\u00f3rias. \u00c9 jornalista e trovadora, um tipo de poeta. Publicou tamb\u00e9m: &#8220;Nico, o coelho diferente&#8221;, &#8220;Petpoema&#8221;, &#8220;Um gato diferente&#8221;, &#8220;Inventando moda&#8221; e alguns outros livros do g\u00eanero<\/p>\n<p>&#13;<br \/>\n&#13;<br \/>\n&#13;<br \/>\n&#13;<\/p>\n<aside class=\"list-related no-print\">&#13;<br \/>\n        &#13;<br \/>\n&#13;<\/p>\n<article class=\"list-item noticias \">&#13;<br \/>\n                    <a class=\"list-item__img\" href=\"https:\/\/limeira.sp.gov.br\/imprensa\/noticias\/educacao\/dia-do-trabalho-altera-servicos-da-prefeitura-de-limeira\" tabindex=\"-1\" aria-hidden=\"true\" rel=\"noopener\">&#13;<br \/>\n                        <img data-recalc-dims=\"1\" decoding=\"async\" src=\"https:\/\/i0.wp.com\/ecrie.com.br\/sistema\/conteudos\/imagem\/m_137_0_1_29042024173843.jpg?w=696&#038;ssl=1\" alt=\"Dia do Trabalho altera servi\u00e7os da Prefeitura de Limeira\"\/>&#13;<br \/>\n                    <\/a>&#13;<br \/>\n&#13;<br \/>\n                &#13;<br \/>\n            <\/article>\n<p>&#13;<\/p>\n<article class=\"list-item noticias \">&#13;<br \/>\n                    <a class=\"list-item__img\" href=\"https:\/\/limeira.sp.gov.br\/imprensa\/noticias\/educacao\/biblioteca-pedagogica-promove-lives-com-a-bisneta-de-monteiro-lobato\" tabindex=\"-1\" aria-hidden=\"true\" rel=\"noopener\">&#13;<br \/>\n                        <img data-recalc-dims=\"1\" decoding=\"async\" src=\"https:\/\/i0.wp.com\/ecrie.com.br\/sistema\/conteudos\/imagem\/m_137_0_1_19042024165207.jpg?w=696&#038;ssl=1\" alt=\"Biblioteca Pedag\u00f3gica promove lives com a bisneta de Monteiro Lobato\"\/>&#13;<br \/>\n                    <\/a>&#13;<br \/>\n&#13;<br \/>\n                &#13;<br \/>\n            <\/article>\n<p>&#13;<\/p>\n<article class=\"list-item noticias \">&#13;<br \/>\n                    <a class=\"list-item__img\" href=\"https:\/\/limeira.sp.gov.br\/imprensa\/noticias\/educacao\/vice-prefeita-participa-de-aula-aberta-para-formacao-de-professores-sobre-a-cultura-indigena\" tabindex=\"-1\" aria-hidden=\"true\" rel=\"noopener\">&#13;<br \/>\n                        <img data-recalc-dims=\"1\" decoding=\"async\" src=\"https:\/\/i0.wp.com\/ecrie.com.br\/sistema\/conteudos\/imagem\/m_137_0_1_18042024132244.jpg?w=696&#038;ssl=1\" alt=\"Vice-prefeita participa de aula aberta para forma\u00e7\u00e3o de professores sobre a cultura ind\u00edgena\"\/>&#13;<br \/>\n                    <\/a>&#13;<br \/>\n&#13;<br \/>\n                &#13;<br \/>\n            <\/article>\n<p>&#13;<br \/>\n    <\/aside>\n<p>&#13;<br \/>\n&#13;<br \/>\n            <\/main><\/p><\/div>\n<p><br \/>\n<br \/><a href=\"https:\/\/limeira.sp.gov.br\/lancamento-do-livro-a-escolha-do-cacique-acontece-no-dia-7\" rel=\"noopener\">Informa\u00e7\u00f5es da PML <\/a><\/p>\n","protected":false},"excerpt":{"rendered":"<p>&#13; &#13; &#13; &#13; &#13; &#13; &#13; A Secretaria da Educa\u00e7\u00e3o, por meio da Biblioteca Pedag\u00f3gica, lan\u00e7a o livro \u201cA escolha do cacique\u201d, de K\u00e1tia Sentinaro no pr\u00f3ximo dia 7 (ter\u00e7a-feira), \u00e0s 13h30. A autora estar\u00e1 presente na data para um bate-papo com alunos das escolas municipais. De forma l\u00fadica e divertida, a obra aborda [&hellip;]<\/p>\n","protected":false},"author":1,"featured_media":3643,"comment_status":"open","ping_status":"open","sticky":false,"template":"","format":"standard","meta":{"_jetpack_newsletter_access":"","_jetpack_dont_email_post_to_subs":false,"_jetpack_newsletter_tier_id":0,"_jetpack_memberships_contains_paywalled_content":false,"_mbp_banners":[],"_jetpack_feature_clip_id":0,"_jetpack_memberships_contains_paid_content":false,"footnotes":"","jetpack_publicize_message":"","jetpack_publicize_feature_enabled":true,"jetpack_social_post_already_shared":true,"jetpack_social_options":{"image_generator_settings":{"template":"highway","default_image_id":0,"font":"","enabled":false},"version":2},"jetpack_post_was_ever_published":false},"categories":[16],"tags":[],"class_list":["post-3642","post","type-post","status-publish","format-standard","has-post-thumbnail","category-local"],"jetpack_publicize_connections":[],"jetpack-related-posts":[],"jetpack_shortlink":"https:\/\/wp.me\/p7Eq1F-WK","jetpack_sharing_enabled":true,"jetpack_featured_media_url":"https:\/\/i0.wp.com\/guialimeira.com.br\/news\/wp-content\/uploads\/2024\/05\/m_137_0_1_03052024151921.jpg?fit=900%2C506&ssl=1","_links":{"self":[{"href":"https:\/\/guialimeira.com.br\/news\/wp-json\/wp\/v2\/posts\/3642","targetHints":{"allow":["GET"]}}],"collection":[{"href":"https:\/\/guialimeira.com.br\/news\/wp-json\/wp\/v2\/posts"}],"about":[{"href":"https:\/\/guialimeira.com.br\/news\/wp-json\/wp\/v2\/types\/post"}],"author":[{"embeddable":true,"href":"https:\/\/guialimeira.com.br\/news\/wp-json\/wp\/v2\/users\/1"}],"replies":[{"embeddable":true,"href":"https:\/\/guialimeira.com.br\/news\/wp-json\/wp\/v2\/comments?post=3642"}],"version-history":[{"count":0,"href":"https:\/\/guialimeira.com.br\/news\/wp-json\/wp\/v2\/posts\/3642\/revisions"}],"wp:featuredmedia":[{"embeddable":true,"href":"https:\/\/guialimeira.com.br\/news\/wp-json\/wp\/v2\/media\/3643"}],"wp:attachment":[{"href":"https:\/\/guialimeira.com.br\/news\/wp-json\/wp\/v2\/media?parent=3642"}],"wp:term":[{"taxonomy":"category","embeddable":true,"href":"https:\/\/guialimeira.com.br\/news\/wp-json\/wp\/v2\/categories?post=3642"},{"taxonomy":"post_tag","embeddable":true,"href":"https:\/\/guialimeira.com.br\/news\/wp-json\/wp\/v2\/tags?post=3642"}],"curies":[{"name":"wp","href":"https:\/\/api.w.org\/{rel}","templated":true}]}}