{"id":3637,"date":"2024-05-03T15:27:43","date_gmt":"2024-05-03T18:27:43","guid":{"rendered":"https:\/\/guialimeira.com.br\/2024\/05\/03\/petrobras-inicia-processo-para-retomada-das-obras-do-polo-gaslub\/"},"modified":"2024-05-03T15:27:43","modified_gmt":"2024-05-03T18:27:43","slug":"petrobras-inicia-processo-para-retomada-das-obras-do-polo-gaslub","status":"publish","type":"post","link":"https:\/\/guialimeira.com.br\/news\/petrobras-inicia-processo-para-retomada-das-obras-do-polo-gaslub\/","title":{"rendered":"Petrobras inicia processo para retomada das obras do Polo GasLub"},"content":{"rendered":"<p> <br \/>\n<\/p>\n<div>\n<p>A Petrobras iniciou o processo de contrata\u00e7\u00e3o para retomada de obras do Polo GasLub, em Itabora\u00ed, no Rio de Janeiro. A empresa lan\u00e7ou, nesta quinta-feira (2), processo de licita\u00e7\u00e3o p\u00fablica para contrata\u00e7\u00e3o das empresas que v\u00e3o realizar as obras de constru\u00e7\u00e3o e de conclus\u00e3o de unidades operacionais no Polo.<img data-recalc-dims=\"1\" decoding=\"async\" src=\"https:\/\/i0.wp.com\/agenciabrasil.ebc.com.br\/ebc.png?w=696&#038;ssl=1\" style=\"width:1px; height:1px; display:inline;\"\/><img data-recalc-dims=\"1\" decoding=\"async\" src=\"https:\/\/i0.wp.com\/agenciabrasil.ebc.com.br\/ebc.gif?w=696&#038;ssl=1\" style=\"width:1px; height:1px; display:inline;\"\/><\/p>\n<p>O Polo GasLub era chamado anteriormente de Complexo Petroqu\u00edmico do Rio de Janeiro (Comperj), projetado para o refino do petr\u00f3leo e gerando produtos com alto valor agregado. As obras foram interrompidas em 2015, devido a desdobramentos da Opera\u00e7\u00e3o Lava Jato, envolvendo diversas empresas com contratos no Comperj.<\/p>\n<p>De acordo com a Petrobras, ap\u00f3s a conclus\u00e3o das obras, o conjunto de unidades ter\u00e1 capacidade aproximada de produzir 12 mil barris por dia (bpd) de \u00f3leos lubrificantes de Grupo II, al\u00e9m de 75 mil bpd de diesel S-10 e 20 mil bpd de querosene de avia\u00e7\u00e3o (QAV-1), de baix\u00edssimo teor de enxofre.<\/p>\n<p>A estimativa \u00e9 que sejam gerados at\u00e9 10 mil empregos diretos e indiretos durante a fase de execu\u00e7\u00e3o das obras.<\/p>\n<\/p><\/div>\n<p><br \/>\n<br \/><a href=\"https:\/\/agenciabrasil.ebc.com.br\/economia\/noticia\/2024-05\/petrobras-inicia-processo-para-retomada-das-obras-do-polo-gaslub\" rel=\"noopener\">Ag\u00eancia Brasil<\/a><\/p>\n","protected":false},"excerpt":{"rendered":"<p>A Petrobras iniciou o processo de contrata\u00e7\u00e3o para retomada de obras do Polo GasLub, em Itabora\u00ed, no Rio de Janeiro. A empresa lan\u00e7ou, nesta quinta-feira (2), processo de licita\u00e7\u00e3o p\u00fablica para contrata\u00e7\u00e3o das empresas que v\u00e3o realizar as obras de constru\u00e7\u00e3o e de conclus\u00e3o de unidades operacionais no Polo. O Polo GasLub era chamado anteriormente [&hellip;]<\/p>\n","protected":false},"author":1,"featured_media":1733,"comment_status":"open","ping_status":"open","sticky":false,"template":"","format":"standard","meta":{"_jetpack_newsletter_access":"","_jetpack_dont_email_post_to_subs":false,"_jetpack_newsletter_tier_id":0,"_jetpack_memberships_contains_paywalled_content":false,"_mbp_banners":[],"_jetpack_feature_clip_id":0,"_jetpack_memberships_contains_paid_content":false,"footnotes":"","jetpack_publicize_message":"","jetpack_publicize_feature_enabled":true,"jetpack_social_post_already_shared":true,"jetpack_social_options":{"image_generator_settings":{"template":"highway","default_image_id":0,"font":"","enabled":false},"version":2},"jetpack_post_was_ever_published":false},"categories":[24],"tags":[],"class_list":["post-3637","post","type-post","status-publish","format-standard","has-post-thumbnail","category-economia"],"jetpack_publicize_connections":[],"jetpack-related-posts":[],"jetpack_shortlink":"https:\/\/wp.me\/p7Eq1F-WF","jetpack_sharing_enabled":true,"jetpack_featured_media_url":"https:\/\/i0.wp.com\/guialimeira.com.br\/news\/wp-content\/uploads\/2024\/04\/mg_1419_0.jpg?fit=1600%2C800&ssl=1","_links":{"self":[{"href":"https:\/\/guialimeira.com.br\/news\/wp-json\/wp\/v2\/posts\/3637","targetHints":{"allow":["GET"]}}],"collection":[{"href":"https:\/\/guialimeira.com.br\/news\/wp-json\/wp\/v2\/posts"}],"about":[{"href":"https:\/\/guialimeira.com.br\/news\/wp-json\/wp\/v2\/types\/post"}],"author":[{"embeddable":true,"href":"https:\/\/guialimeira.com.br\/news\/wp-json\/wp\/v2\/users\/1"}],"replies":[{"embeddable":true,"href":"https:\/\/guialimeira.com.br\/news\/wp-json\/wp\/v2\/comments?post=3637"}],"version-history":[{"count":0,"href":"https:\/\/guialimeira.com.br\/news\/wp-json\/wp\/v2\/posts\/3637\/revisions"}],"wp:featuredmedia":[{"embeddable":true,"href":"https:\/\/guialimeira.com.br\/news\/wp-json\/wp\/v2\/media\/1733"}],"wp:attachment":[{"href":"https:\/\/guialimeira.com.br\/news\/wp-json\/wp\/v2\/media?parent=3637"}],"wp:term":[{"taxonomy":"category","embeddable":true,"href":"https:\/\/guialimeira.com.br\/news\/wp-json\/wp\/v2\/categories?post=3637"},{"taxonomy":"post_tag","embeddable":true,"href":"https:\/\/guialimeira.com.br\/news\/wp-json\/wp\/v2\/tags?post=3637"}],"curies":[{"name":"wp","href":"https:\/\/api.w.org\/{rel}","templated":true}]}}