{"id":3632,"date":"2024-05-03T14:46:46","date_gmt":"2024-05-03T17:46:46","guid":{"rendered":"https:\/\/guialimeira.com.br\/2024\/05\/03\/padre-patrick-apresenta-fora-da-caixinha-em-limeira-neste-domingo-5\/"},"modified":"2024-05-03T14:46:46","modified_gmt":"2024-05-03T17:46:46","slug":"padre-patrick-apresenta-fora-da-caixinha-em-limeira-neste-domingo-5","status":"publish","type":"post","link":"https:\/\/guialimeira.com.br\/news\/padre-patrick-apresenta-fora-da-caixinha-em-limeira-neste-domingo-5\/","title":{"rendered":"Padre Patrick apresenta \u201cFora da Caixinha\u201d em Limeira, neste domingo (5)"},"content":{"rendered":"<p> <br \/>\n<\/p>\n<div>\n            <main class=\"\">&#13;<br \/>\n                &#13;<br \/>\n&#13;<br \/>\n&#13;<br \/>\n&#13;<br \/>\n    <img data-recalc-dims=\"1\" decoding=\"async\" src=\"https:\/\/i0.wp.com\/ecrie.com.br\/sistema\/conteudos\/imagem\/m_137_0_1_03052024125453.jpeg?w=696&#038;ssl=1\" alt=\"Padre Patrick apresenta \u201cFora da Caixinha\u201d em Limeira, neste domingo (5)\"\/>&#13;<br \/>\n&#13;<\/p>\n<p dir=\"ltr\" style=\"text-align: justify;\">Neste domingo (5), Padre Patrick apresenta \u201cFora da Caixinha\u201d, no Teatro Vit\u00f3ria Emiliano Bernardo da Silva, \u00e0s 19h. Os ingressos est\u00e3o quase esgotados. A realiza\u00e7\u00e3o \u00e9 do Teatro GT, com o apoio da Prefeitura de Limeira, por meio da Secretaria de Cultura.<\/p>\n<p>&#13;<\/p>\n<p dir=\"ltr\" style=\"text-align: justify;\">Em seu stand-up, Padre Patrick fala de religi\u00e3o com muita leveza e naturalidade. Ele responde perguntas, dando conselhos bem-humorados com uma linguagem popular, levando o p\u00fablico a refletir sobre a verdadeira felicidade. Tamb\u00e9m conta assuntos ligados ao relacionamento das pessoas com Deus.<\/p>\n<p>&#13;<\/p>\n<p dir=\"ltr\" style=\"text-align: justify;\">Restam poucos ingressos para mezanino, que custam R$ 70 (inteira), R$ 35 (meia-entrada e Clube GT) e R$ 50 (mediante 1kg de alimento n\u00e3o perec\u00edvel). Podem ser comprados pelo link\u00a0<a href=\"https:\/\/www.ticketfacil.com.br\/eventos\/tv-padre-patrick-fora-da-caixinha.aspx\" target=\"_blank\" rel=\"noopener noreferrer\" data-saferedirecturl=\"https:\/\/www.google.com\/url?q=https:\/\/www.ticketfacil.com.br\/eventos\/tv-padre-patrick-fora-da-caixinha.aspx&amp;source=gmail&amp;ust=1714830846158000&amp;usg=AOvVaw3p_6skLRNW43mEZJSlKRde\">https:\/\/www.ticketfacil.<wbr\/>com.br\/eventos\/tv-padre-<wbr\/>patrick-fora-da-caixinha.aspx<\/a>\u00a0<wbr\/>ou na bilheteria do teatro, nesta\u00a0sexta-feira, das 11h \u00e0s 17h; e no s\u00e1bado, das 9h \u00e0s 14h.<\/p>\n<p>&#13;<\/p>\n<div class=\"adL\">\n<div class=\"im\">\n<p dir=\"ltr\" style=\"text-align: justify;\">O Teatro Vit\u00f3ria fica na Pra\u00e7a Toledo de Barros, s\/n &#8211; Centro.<\/p>\n<\/div>\n<\/div>\n<p>&#13;<br \/>\n&#13;<br \/>\n&#13;<br \/>\n&#13;<\/p>\n<aside class=\"list-related no-print\">&#13;<br \/>\n        &#13;<br \/>\n&#13;<\/p>\n<article class=\"list-item noticias \">&#13;<br \/>\n                    <a class=\"list-item__img\" href=\"https:\/\/limeira.sp.gov.br\/imprensa\/noticias\/cultura\/mobilizacao-pela-saude-materna-acontece-neste-domingo-5\" tabindex=\"-1\" aria-hidden=\"true\" rel=\"noopener\">&#13;<br \/>\n                        <img data-recalc-dims=\"1\" decoding=\"async\" src=\"https:\/\/i0.wp.com\/ecrie.com.br\/sistema\/conteudos\/imagem\/m_137_0_1_03052024130148.jpg?w=696&#038;ssl=1\" alt=\"Mobiliza\u00e7\u00e3o Pela Sa\u00fade Materna acontece neste domingo (5)\"\/>&#13;<br \/>\n                    <\/a>&#13;<br \/>\n&#13;<br \/>\n                &#13;<br \/>\n            <\/article>\n<p>&#13;<\/p>\n<article class=\"list-item noticias \">&#13;<br \/>\n                    <a class=\"list-item__img\" href=\"https:\/\/limeira.sp.gov.br\/imprensa\/noticias\/cultura\/abertura-da-exposicao-margens-traz-live-painting-e-intervencoes-neste-sabado-4\" tabindex=\"-1\" aria-hidden=\"true\" rel=\"noopener\">&#13;<br \/>\n                        <img data-recalc-dims=\"1\" decoding=\"async\" src=\"https:\/\/i0.wp.com\/ecrie.com.br\/sistema\/conteudos\/imagem\/m_137_0_1_03052024092121.jpg?w=696&#038;ssl=1\" alt=\"Abertura da exposi\u00e7\u00e3o \u201cMargens\u201d traz live painting e interven\u00e7\u00f5es, neste s\u00e1bado (4)\"\/>&#13;<br \/>\n                    <\/a>&#13;<br \/>\n&#13;<br \/>\n                &#13;<br \/>\n            <\/article>\n<p>&#13;<\/p>\n<article class=\"list-item noticias \">&#13;<br \/>\n                    <a class=\"list-item__img\" href=\"https:\/\/limeira.sp.gov.br\/imprensa\/noticias\/cultura\/espetaculo-uma-saudacao-a-whitney-houston-acontece-neste-sabado-4\" tabindex=\"-1\" aria-hidden=\"true\" rel=\"noopener\">&#13;<br \/>\n                        <img data-recalc-dims=\"1\" decoding=\"async\" src=\"https:\/\/i0.wp.com\/ecrie.com.br\/sistema\/conteudos\/imagem\/m_137_0_1_03052024091438.jpeg?w=696&#038;ssl=1\" alt=\"Espet\u00e1culo \u201cUma Sauda\u00e7\u00e3o a Whitney Houston\u201d acontece neste s\u00e1bado (4)\"\/>&#13;<br \/>\n                    <\/a>&#13;<br \/>\n&#13;<br \/>\n                &#13;<br \/>\n            <\/article>\n<p>&#13;<br \/>\n    <\/aside>\n<p>&#13;<br \/>\n&#13;<br \/>\n            <\/main><\/p><\/div>\n<p><br \/>\n<br \/><a href=\"https:\/\/limeira.sp.gov.br\/padre-patrick-apresenta-fora-da-caixinha-em-limeira-neste-domingo-5\" rel=\"noopener\">Informa\u00e7\u00f5es da PML <\/a><\/p>\n","protected":false},"excerpt":{"rendered":"<p>&#13; &#13; &#13; &#13; &#13; &#13; &#13; Neste domingo (5), Padre Patrick apresenta \u201cFora da Caixinha\u201d, no Teatro Vit\u00f3ria Emiliano Bernardo da Silva, \u00e0s 19h. Os ingressos est\u00e3o quase esgotados. A realiza\u00e7\u00e3o \u00e9 do Teatro GT, com o apoio da Prefeitura de Limeira, por meio da Secretaria de Cultura. &#13; Em seu stand-up, Padre Patrick [&hellip;]<\/p>\n","protected":false},"author":1,"featured_media":3633,"comment_status":"open","ping_status":"open","sticky":false,"template":"","format":"standard","meta":{"_jetpack_newsletter_access":"","_jetpack_dont_email_post_to_subs":false,"_jetpack_newsletter_tier_id":0,"_jetpack_memberships_contains_paywalled_content":false,"_mbp_banners":[],"_jetpack_feature_clip_id":0,"_jetpack_memberships_contains_paid_content":false,"footnotes":"","jetpack_publicize_message":"","jetpack_publicize_feature_enabled":true,"jetpack_social_post_already_shared":true,"jetpack_social_options":{"image_generator_settings":{"template":"highway","default_image_id":0,"font":"","enabled":false},"version":2},"jetpack_post_was_ever_published":false},"categories":[16],"tags":[],"class_list":["post-3632","post","type-post","status-publish","format-standard","has-post-thumbnail","category-local"],"jetpack_publicize_connections":[],"jetpack-related-posts":[],"jetpack_shortlink":"https:\/\/wp.me\/p7Eq1F-WA","jetpack_sharing_enabled":true,"jetpack_featured_media_url":"https:\/\/i0.wp.com\/guialimeira.com.br\/news\/wp-content\/uploads\/2024\/05\/m_137_0_1_03052024125453.jpeg?fit=900%2C885&ssl=1","_links":{"self":[{"href":"https:\/\/guialimeira.com.br\/news\/wp-json\/wp\/v2\/posts\/3632","targetHints":{"allow":["GET"]}}],"collection":[{"href":"https:\/\/guialimeira.com.br\/news\/wp-json\/wp\/v2\/posts"}],"about":[{"href":"https:\/\/guialimeira.com.br\/news\/wp-json\/wp\/v2\/types\/post"}],"author":[{"embeddable":true,"href":"https:\/\/guialimeira.com.br\/news\/wp-json\/wp\/v2\/users\/1"}],"replies":[{"embeddable":true,"href":"https:\/\/guialimeira.com.br\/news\/wp-json\/wp\/v2\/comments?post=3632"}],"version-history":[{"count":0,"href":"https:\/\/guialimeira.com.br\/news\/wp-json\/wp\/v2\/posts\/3632\/revisions"}],"wp:featuredmedia":[{"embeddable":true,"href":"https:\/\/guialimeira.com.br\/news\/wp-json\/wp\/v2\/media\/3633"}],"wp:attachment":[{"href":"https:\/\/guialimeira.com.br\/news\/wp-json\/wp\/v2\/media?parent=3632"}],"wp:term":[{"taxonomy":"category","embeddable":true,"href":"https:\/\/guialimeira.com.br\/news\/wp-json\/wp\/v2\/categories?post=3632"},{"taxonomy":"post_tag","embeddable":true,"href":"https:\/\/guialimeira.com.br\/news\/wp-json\/wp\/v2\/tags?post=3632"}],"curies":[{"name":"wp","href":"https:\/\/api.w.org\/{rel}","templated":true}]}}