{"id":36308,"date":"2025-06-14T21:54:04","date_gmt":"2025-06-15T00:54:04","guid":{"rendered":"https:\/\/guialimeira.com.br\/2025\/06\/14\/yago-dora-e-campeao-em-trestles-palco-do-surfe-em-los-angeles-2028\/"},"modified":"2025-06-14T21:54:04","modified_gmt":"2025-06-15T00:54:04","slug":"yago-dora-e-campeao-em-trestles-palco-do-surfe-em-los-angeles-2028","status":"publish","type":"post","link":"https:\/\/guialimeira.com.br\/news\/yago-dora-e-campeao-em-trestles-palco-do-surfe-em-los-angeles-2028\/","title":{"rendered":"Yago Dora \u00e9 campe\u00e3o em Trestles, palco do surfe em Los Angeles 2028"},"content":{"rendered":"<p> <br \/>\n<\/p>\n<div>\n<p>\u00a0O catarinense Yago Dora, de 29 anos, assumiu a vice-lideran\u00e7a do circuito mundial de surfe neste s\u00e1bado (14) ao conquistar o t\u00edtulo da etapa de Treslles, no estado da Calif\u00f3rnia (Estados Unidos), praia que ser\u00e1 palco das disputas da modalidade na Olimp\u00edada de Los Angeles 2028. \u00c9 o segundo t\u00edtulo do brasileiro nesta temporada &#8211; o primeiro foi conquistado em Peniche (Portugal), em mar\u00e7o. Hoje (14) Dora levantou o trof\u00e9u ap\u00f3s dominar a final contra o japon\u00eas Kanoa Igarashi: alcan\u00e7ou nota final 17.90 contra 15.07 do asi\u00e1tico.<img data-recalc-dims=\"1\" decoding=\"async\" src=\"https:\/\/i0.wp.com\/agenciabrasil.ebc.com.br\/ebc.png?w=696&#038;ssl=1\" style=\"width:1px; height:1px; display:inline;\"\/><img data-recalc-dims=\"1\" decoding=\"async\" src=\"https:\/\/i0.wp.com\/agenciabrasil.ebc.com.br\/ebc.gif?w=696&#038;ssl=1\" style=\"width:1px; height:1px; display:inline;\"\/><\/p>\n<blockquote class=\"twitter-tweet\">\n<p dir=\"ltr\" lang=\"pt\" xml:lang=\"pt\">\u00c9 SUA MAS \u00c9 NOSSA TAMB\u00c9M! \ud83d\udd25<\/p>\n<p>\u00c9 DO BRASIL \ud83c\udde7\ud83c\uddf7\ud83c\udfc6<a href=\"https:\/\/twitter.com\/hashtag\/WSLBrasil?src=hash&amp;ref_src=twsrc%5Etfw\" rel=\"noopener\">#WSLBrasil<\/a> <a href=\"https:\/\/t.co\/Q3x0ZxP7mT\">pic.twitter.com\/Q3x0ZxP7mT<\/a><\/p>\n<p>\u2014 WSL Brasil \ud83c\udde7\ud83c\uddf7 (@WSLBrasil) <a href=\"https:\/\/twitter.com\/WSLBrasil\/status\/1934015668094972305?ref_src=twsrc%5Etfw\" rel=\"noopener\">June 14, 2025<\/a><\/p><\/blockquote>\n<p>Com o t\u00edtulo em Trestles, o catarinense totalizou 38.885\u00a0e ficou a apenas 565 pontos de alcan\u00e7ar o\u00a0l\u00edder da temporada, o sul-africanno Jordy Smith (39.450). J\u00e1 Igarashi segue na terceira posi\u00e7\u00e3o com 36.390 pontos. Outro brasileiro no top 5 \u00e9 \u00cdtalo Ferreira: o potiguar caiu da segunda para quarta posi\u00e7\u00e3o na tabela ap\u00f3s ser eliminado nas oitavas de final em Trestles.<\/p>\n<p>Na disputa feminina, a campe\u00e3\u00a0foi a\u00a0a havaiana\u00a0Bettylou Sakura Johnson, que superou na final a\u00a0a australiana Molly Picklum, terceira colocada na classifica\u00e7\u00e3o geral. Com o t\u00edtulo de hoje (14), a havaina subiu tr\u00eas posi\u00e7\u00f5es e assumiu o quarto lugar. \u00a0<\/p>\n<p>A pr\u00f3xima etapa da Liga Mundial de Surfe (World Surfe League-WSL) ser\u00e1 o Rio Pro, na Praia de Ita\u00fana, a partir do pr\u00f3ximo s\u00e1bado (21).<\/p>\n<p>      <!-- Relacionada --><\/p>\n<p>            <!-- Relacionada -->\n    <\/div>\n<p><script async src=\"\/\/platform.twitter.com\/widgets.js\" charset=\"utf-8\"><\/script><br \/>\n<br \/><br \/>\n<br \/><a href=\"https:\/\/agenciabrasil.ebc.com.br\/esportes\/noticia\/2025-06\/yago-dora-e-campeao-em-trestles-palco-do-surfe-em-los-angeles-2028\" rel=\"noopener\">Ag\u00eancia Brasil<\/a><\/p>\n","protected":false},"excerpt":{"rendered":"<p>\u00a0O catarinense Yago Dora, de 29 anos, assumiu a vice-lideran\u00e7a do circuito mundial de surfe neste s\u00e1bado (14) ao conquistar o t\u00edtulo da etapa de Treslles, no estado da Calif\u00f3rnia (Estados Unidos), praia que ser\u00e1 palco das disputas da modalidade na Olimp\u00edada de Los Angeles 2028. \u00c9 o segundo t\u00edtulo do brasileiro nesta temporada &#8211; [&hellip;]<\/p>\n","protected":false},"author":1,"featured_media":36309,"comment_status":"open","ping_status":"open","sticky":false,"template":"","format":"standard","meta":{"_jetpack_newsletter_access":"","_jetpack_dont_email_post_to_subs":false,"_jetpack_newsletter_tier_id":0,"_jetpack_memberships_contains_paywalled_content":false,"_mbp_banners":[],"_jetpack_feature_clip_id":0,"_jetpack_memberships_contains_paid_content":false,"footnotes":"","jetpack_publicize_message":"","jetpack_publicize_feature_enabled":true,"jetpack_social_post_already_shared":true,"jetpack_social_options":{"image_generator_settings":{"template":"highway","default_image_id":0,"font":"","enabled":false},"version":2},"jetpack_post_was_ever_published":false},"categories":[23],"tags":[],"class_list":["post-36308","post","type-post","status-publish","format-standard","has-post-thumbnail","category-esportes"],"jetpack_publicize_connections":[],"jetpack-related-posts":[],"jetpack_shortlink":"https:\/\/wp.me\/p7Eq1F-9rC","jetpack_sharing_enabled":true,"jetpack_featured_media_url":"https:\/\/i0.wp.com\/guialimeira.com.br\/news\/wp-content\/uploads\/2025\/06\/yago_dora_trestles_wsl_2025.jpg?fit=1600%2C800&ssl=1","_links":{"self":[{"href":"https:\/\/guialimeira.com.br\/news\/wp-json\/wp\/v2\/posts\/36308","targetHints":{"allow":["GET"]}}],"collection":[{"href":"https:\/\/guialimeira.com.br\/news\/wp-json\/wp\/v2\/posts"}],"about":[{"href":"https:\/\/guialimeira.com.br\/news\/wp-json\/wp\/v2\/types\/post"}],"author":[{"embeddable":true,"href":"https:\/\/guialimeira.com.br\/news\/wp-json\/wp\/v2\/users\/1"}],"replies":[{"embeddable":true,"href":"https:\/\/guialimeira.com.br\/news\/wp-json\/wp\/v2\/comments?post=36308"}],"version-history":[{"count":0,"href":"https:\/\/guialimeira.com.br\/news\/wp-json\/wp\/v2\/posts\/36308\/revisions"}],"wp:featuredmedia":[{"embeddable":true,"href":"https:\/\/guialimeira.com.br\/news\/wp-json\/wp\/v2\/media\/36309"}],"wp:attachment":[{"href":"https:\/\/guialimeira.com.br\/news\/wp-json\/wp\/v2\/media?parent=36308"}],"wp:term":[{"taxonomy":"category","embeddable":true,"href":"https:\/\/guialimeira.com.br\/news\/wp-json\/wp\/v2\/categories?post=36308"},{"taxonomy":"post_tag","embeddable":true,"href":"https:\/\/guialimeira.com.br\/news\/wp-json\/wp\/v2\/tags?post=36308"}],"curies":[{"name":"wp","href":"https:\/\/api.w.org\/{rel}","templated":true}]}}