{"id":36257,"date":"2025-06-14T04:55:41","date_gmt":"2025-06-14T07:55:41","guid":{"rendered":"https:\/\/guialimeira.com.br\/?p=36257"},"modified":"2025-06-14T04:55:43","modified_gmt":"2025-06-14T07:55:43","slug":"prefeitura-de-limeira-convoca-professores-aprovados-no-concurso-publico-para-escolha-de-vagas","status":"publish","type":"post","link":"https:\/\/guialimeira.com.br\/news\/prefeitura-de-limeira-convoca-professores-aprovados-no-concurso-publico-para-escolha-de-vagas\/","title":{"rendered":"Prefeitura de Limeira convoca professores aprovados no concurso p\u00fablico para escolha de vagas"},"content":{"rendered":"\n<p class=\"wp-block-paragraph\">A Prefeitura Municipal de Limeira, por meio do Departamento de Gest\u00e3o de Pessoas da Secretaria Municipal de Administra\u00e7\u00e3o, publicou o edital de <strong>convoca\u00e7\u00e3o dos candidatos aprovados no Concurso P\u00fablico 01\/2023<\/strong> para o cargo de <strong>Professor de Ensino Fundamental<\/strong>.<\/p>\n\n\n\n<h3 class=\"wp-block-heading\">Data, hor\u00e1rio e local da convoca\u00e7\u00e3o<\/h3>\n\n\n\n<p class=\"wp-block-paragraph\">Os candidatos convocados devem comparecer pessoalmente no dia <strong>30 de junho de 2025 (segunda-feira), \u00e0s 9h<\/strong>, no <strong>Teatro Nair Bello<\/strong>, localizado no <strong>Centro de Forma\u00e7\u00e3o do Professor<\/strong> \u2013 Rua Jo\u00e3o Kuhl Filho, s\/n, Vila S\u00e3o Jo\u00e3o \u2013 Parque Cidade.<\/p>\n\n\n\n<p class=\"wp-block-paragraph\">Na ocasi\u00e3o, ser\u00e1 realizada a <strong>escolha das vagas dispon\u00edveis<\/strong> para ingresso no Magist\u00e9rio P\u00fablico Municipal de Limeira.<\/p>\n\n\n\n<h3 class=\"wp-block-heading\">Lista de convocados<\/h3>\n\n\n\n<p class=\"wp-block-paragraph\">Foram convocados os candidatos classificados entre as posi\u00e7\u00f5es <strong>36\u00aa e 124\u00aa da classifica\u00e7\u00e3o geral<\/strong>, al\u00e9m de candidatos autodeclarados afro-brasileiros, pessoas com defici\u00eancia (PCD) e idosos, conforme cotas espec\u00edficas previstas no edital.<\/p>\n\n\n\n<p class=\"wp-block-paragraph\">A lista completa pode ser conferida no edital oficial publicado no Di\u00e1rio Oficial do Munic\u00edpio de Limeira, edi\u00e7\u00e3o n\u00ba 7008 de 14 de junho de 2025.<\/p>\n\n\n\n<h3 class=\"wp-block-heading\">Levantamento das vagas dispon\u00edveis<\/h3>\n\n\n\n<p class=\"wp-block-paragraph\">As unidades escolares contam com <strong>vagas em per\u00edodo matutino e vespertino<\/strong>, conforme levantamento atualizado. Abaixo, destacamos as escolas com maior n\u00famero de vagas:<\/p>\n\n\n\n<ul class=\"wp-block-list\">\n<li>EMEIEF \u201cMaria Ap. Machado Julianelli &#8211; D. Marizinha\u201d \u2013 6 vagas (1 manh\u00e3 e 5 tarde)<\/li>\n\n\n\n<li>EMEIEF \u201cLa\u00e9rcio Corte, Dep.\u201d \u2013 3 vagas (tarde)<\/li>\n\n\n\n<li>EMEIEF \u201cJos\u00e9 Carvalho Ferreira, Dr.\u201d \u2013 3 vagas (tarde)<\/li>\n\n\n\n<li>EMEIEF \u201cJos\u00e9 Paulino de Ara\u00fajo Vargas, Prof.\u201d \u2013 3 vagas (tarde)<\/li>\n<\/ul>\n\n\n\n<p class=\"wp-block-paragraph\">Ao todo, s\u00e3o <strong>39 professores a serem nomeados<\/strong> neste chamamento.<\/p>\n\n\n\n<hr class=\"wp-block-separator has-alpha-channel-opacity\"\/>\n\n\n\n<h3 class=\"wp-block-heading\">Informa\u00e7\u00f5es importantes<\/h3>\n\n\n\n<ul class=\"wp-block-list\">\n<li>Os convocados devem apresentar-se com documento de identifica\u00e7\u00e3o pessoal;<\/li>\n\n\n\n<li>A escolha da vaga ser\u00e1 feita conforme a ordem de classifica\u00e7\u00e3o;<\/li>\n\n\n\n<li>A aus\u00eancia no dia e hor\u00e1rio definidos implicar\u00e1 em <strong>desist\u00eancia autom\u00e1tica<\/strong> da vaga.<\/li>\n<\/ul>\n\n\n\n<h3 class=\"wp-block-heading\">Acompanhe mais atualiza\u00e7\u00f5es<\/h3>\n\n\n\n<p class=\"wp-block-paragraph\">Para consultar o edital completo e outras convoca\u00e7\u00f5es futuras, acesse o site da Prefeitura de Limeira ou acompanhe o Di\u00e1rio Oficial:<br>\ud83d\udd17 <a class=\"\" href=\"https:\/\/ecrie.com.br\/Sistema\/Autenticado\/DiarioOficial\/Gerenciar.aspx?id=43062\" rel=\"noopener\">https:\/\/ecrie.com.br\/Sistema\/Conteudos\/DiarioOficial\/upload\/u_137_13062025193855.pdf<\/a><\/p>\n\n\n\n<p class=\"wp-block-paragraph\"><\/p>\n","protected":false},"excerpt":{"rendered":"<p>A Prefeitura Municipal de Limeira, por meio do Departamento de Gest\u00e3o de Pessoas da Secretaria Municipal de Administra\u00e7\u00e3o, publicou o edital de convoca\u00e7\u00e3o dos candidatos aprovados no Concurso P\u00fablico 01\/2023 para o cargo de Professor de Ensino Fundamental.<\/p>\n","protected":false},"author":1,"featured_media":36258,"comment_status":"open","ping_status":"open","sticky":false,"template":"","format":"standard","meta":{"_jetpack_newsletter_access":"","_jetpack_dont_email_post_to_subs":false,"_jetpack_newsletter_tier_id":0,"_jetpack_memberships_contains_paywalled_content":false,"_mbp_banners":[],"_jetpack_feature_clip_id":0,"_jetpack_memberships_contains_paid_content":false,"footnotes":"","jetpack_publicize_message":"","jetpack_publicize_feature_enabled":true,"jetpack_social_post_already_shared":false,"jetpack_social_options":{"image_generator_settings":{"template":"highway","default_image_id":0,"enabled":false},"version":2},"jetpack_post_was_ever_published":false},"categories":[40,17,16],"tags":[],"class_list":["post-36257","post","type-post","status-publish","format-standard","has-post-thumbnail","category-educacao","category-empregos","category-local"],"jetpack_publicize_connections":[],"jetpack-related-posts":[],"jetpack_shortlink":"https:\/\/wp.me\/p7Eq1F-9qN","jetpack_sharing_enabled":true,"jetpack_featured_media_url":"https:\/\/i0.wp.com\/guialimeira.com.br\/news\/wp-content\/uploads\/2025\/06\/educacao-convoca.jpg?fit=850%2C560&ssl=1","_links":{"self":[{"href":"https:\/\/guialimeira.com.br\/news\/wp-json\/wp\/v2\/posts\/36257","targetHints":{"allow":["GET"]}}],"collection":[{"href":"https:\/\/guialimeira.com.br\/news\/wp-json\/wp\/v2\/posts"}],"about":[{"href":"https:\/\/guialimeira.com.br\/news\/wp-json\/wp\/v2\/types\/post"}],"author":[{"embeddable":true,"href":"https:\/\/guialimeira.com.br\/news\/wp-json\/wp\/v2\/users\/1"}],"replies":[{"embeddable":true,"href":"https:\/\/guialimeira.com.br\/news\/wp-json\/wp\/v2\/comments?post=36257"}],"version-history":[{"count":1,"href":"https:\/\/guialimeira.com.br\/news\/wp-json\/wp\/v2\/posts\/36257\/revisions"}],"predecessor-version":[{"id":36259,"href":"https:\/\/guialimeira.com.br\/news\/wp-json\/wp\/v2\/posts\/36257\/revisions\/36259"}],"wp:featuredmedia":[{"embeddable":true,"href":"https:\/\/guialimeira.com.br\/news\/wp-json\/wp\/v2\/media\/36258"}],"wp:attachment":[{"href":"https:\/\/guialimeira.com.br\/news\/wp-json\/wp\/v2\/media?parent=36257"}],"wp:term":[{"taxonomy":"category","embeddable":true,"href":"https:\/\/guialimeira.com.br\/news\/wp-json\/wp\/v2\/categories?post=36257"},{"taxonomy":"post_tag","embeddable":true,"href":"https:\/\/guialimeira.com.br\/news\/wp-json\/wp\/v2\/tags?post=36257"}],"curies":[{"name":"wp","href":"https:\/\/api.w.org\/{rel}","templated":true}]}}