{"id":3623,"date":"2024-05-03T14:05:42","date_gmt":"2024-05-03T17:05:42","guid":{"rendered":"https:\/\/guialimeira.com.br\/2024\/05\/03\/semdettur-realiza-palestra-gratuita-sobre-cota-de-aprendizagem-profissional-nas-empresas-portal-do-municipio-de-piracicaba\/"},"modified":"2024-05-03T14:05:42","modified_gmt":"2024-05-03T17:05:42","slug":"semdettur-realiza-palestra-gratuita-sobre-cota-de-aprendizagem-profissional-nas-empresas-portal-do-municipio-de-piracicaba","status":"publish","type":"post","link":"https:\/\/guialimeira.com.br\/news\/semdettur-realiza-palestra-gratuita-sobre-cota-de-aprendizagem-profissional-nas-empresas-portal-do-municipio-de-piracicaba\/","title":{"rendered":"Semdettur realiza palestra gratuita sobre cota de\u00a0aprendizagem\u00a0profissional nas empresas \u2013 Portal do Munic\u00edpio de Piracicaba"},"content":{"rendered":"<p> <br \/>\n<\/p>\n<div>\n<p>A Prefeitura de Piracicaba, por meio da Secretaria de Desenvolvimento Econ\u00f4mico, Trabalho e Turismo (Semdettur), vai realizar na pr\u00f3xima ter\u00e7a-feira, 07\/05, \u00e0s 10h, a palestra Palestra Aprendizagem Profissional \u2013 \u00a0Cota de\u00a0Aprendizagem\u00a0Dentro das\u00a0Empresas. O evento acontece em parceria com o Minist\u00e9rio do Trabalho e Emprego (MTE), no audit\u00f3rio do Simespi (Sindicato das Ind\u00fastrias Metal\u00fargicas, Mec\u00e2nicas, de Material El\u00e9trico, Eletr\u00f4nico, Sider\u00fargicas e Fundi\u00e7\u00f5es), com o objetivo de conscientizar e esclarecer d\u00favidas sobre a cota de aprendizagem dentro das empresas. A palestra \u00e9 gratuita e os interessados em participar podem se inscrever pela internet.<\/p>\n<p>A\u00a0aprendizagem\u00a0profissional \u00e9 uma pol\u00edtica p\u00fablica de inclus\u00e3o de adolescentes e jovens de 14 a 24 anos no mercado de trabalho. Al\u00e9m de ser uma oportunidade para esse grupo se iniciar na vida profissional, permite que os empres\u00e1rios formem m\u00e3o-de-obra qualificada. Empresas de grande e m\u00e9dio porte podem contratar esses jovens na condi\u00e7\u00e3o de aprendizes, desde que estejam matriculados em cursos de aprendizagem profissional.<\/p>\n<figure class=\"wp-block-image size-large\"><img data-recalc-dims=\"1\" fetchpriority=\"high\" decoding=\"async\" width=\"696\" height=\"464\" src=\"https:\/\/i0.wp.com\/piracicaba.sp.gov.br\/wp-content\/uploads\/2024\/05\/Palestra-vai-explicar-legislacao-e-cota-de-Aprendizagem-Profissional-nas-empresas-1024x682.jpg?resize=696%2C464&#038;ssl=1\" alt=\"\" class=\"wp-image-78340\" srcset=\"https:\/\/piracicaba.sp.gov.br\/wp-content\/uploads\/2024\/05\/Palestra-vai-explicar-legislacao-e-cota-de-Aprendizagem-Profissional-nas-empresas-1024x682.jpg 1024w, https:\/\/piracicaba.sp.gov.br\/wp-content\/uploads\/2024\/05\/Palestra-vai-explicar-legislacao-e-cota-de-Aprendizagem-Profissional-nas-empresas-300x200.jpg 300w, https:\/\/piracicaba.sp.gov.br\/wp-content\/uploads\/2024\/05\/Palestra-vai-explicar-legislacao-e-cota-de-Aprendizagem-Profissional-nas-empresas-768x512.jpg 768w, https:\/\/piracicaba.sp.gov.br\/wp-content\/uploads\/2024\/05\/Palestra-vai-explicar-legislacao-e-cota-de-Aprendizagem-Profissional-nas-empresas.jpg 1472w\" sizes=\"(max-width: 1024px) 100vw, 1024px\"\/><figcaption class=\"wp-element-caption\"><strong><em><sub>Palestra vai explicar legisla\u00e7\u00e3o e cota de Aprendizagem Profissional nas empresas<\/sub><\/em><\/strong><\/figcaption><\/figure>\n<p>A palestra ser\u00e1 ministrada pela auditora fiscal do trabalho e gerente regional do Minist\u00e9rio do Trabalho e Emprego em Piracicaba, Gabriela Mendon\u00e7a de Albuquerque. O superintendente substituto do MTE estadual, Ant\u00f4nio Fojo da Costa, tamb\u00e9m estar\u00e1 no evento para esclarecer d\u00favidas do p\u00fablico.<\/p>\n<p>A auditora ir\u00e1 explicar detalhadamente sobre a legisla\u00e7\u00e3o do contrato especial de aprendizagem, al\u00e9m de remunera\u00e7\u00e3o e tempo de servi\u00e7o permitido. \u201cA contrata\u00e7\u00e3o por meio da aprendizagem \u00e9 um instrumento de inser\u00e7\u00e3o efetiva no mercado de trabalho dos jovens e \u00e9 fator de promo\u00e7\u00e3o de desenvolvimento do pa\u00eds\u201d, comenta Gabriela.<\/p>\n<p><strong>FEIRA EMPREGABILIDADE<\/strong>\u00a0\u2013 A Semdettur realiza no dia 8\/05\u00a0a 1\u00aa Feira de Empregabilidade para Aprendiz com o objetivo de conectar, engajar, empregar e qualificar os jovens para que tenham oportunidade de aprender e crescer no mercado de trabalho. Durante o evento, as empresas parceiras v\u00e3o oferecer diversas vagas de aprendizes. A feira vai acontecer na Acipi (Associa\u00e7\u00e3o Comercial e Industrial de Piracicaba), entre 9h e 13h, localizada na\u00a0rua Prudente de Moraes, 463, no Centro.<\/p>\n<p><strong>SERVI\u00c7O<\/strong>\u00a0\u2013 Palestra Aprendizagem Profissional \u2013 \u00a0Cota de\u00a0Aprendizagem\u00a0Dentro das\u00a0Empresas. Evento gratuito acontece no audit\u00f3rio do Simespi, no dia 07\/05,\u00a0 das 10h \u00e0s 12h (coffee a partir das 09h30), localizado na Rua Samuel Neves, 1601, Bairro S\u00e3o Judas. A palestra \u00e9 gratuita e as inscri\u00e7\u00f5es devem ser feitas preenchendo o formul\u00e1rio pelo endere\u00e7o:\u00a0<a href=\"https:\/\/forms.gle\/3SoB84S9jwBpwTDd7\" target=\"_blank\" rel=\"noreferrer noopener\">https:\/\/forms.gle\/3SoB84S9jwBpwTDd7<\/a>\u00a0.<\/p>\n<\/div>\n<p><br \/>\n<br \/><a href=\"https:\/\/piracicaba.sp.gov.br\/noticias\/semdettur-realiza-palestra-gratuita-sobre-cota-de-aprendizagem-profissional-nas-empresas\/\" rel=\"noopener\">Informa\u00e7\u00f5es PMP <\/a><\/p>\n","protected":false},"excerpt":{"rendered":"<p>A Prefeitura de Piracicaba, por meio da Secretaria de Desenvolvimento Econ\u00f4mico, Trabalho e Turismo (Semdettur), vai realizar na pr\u00f3xima ter\u00e7a-feira, 07\/05, \u00e0s 10h, a palestra Palestra Aprendizagem Profissional \u2013 \u00a0Cota de\u00a0Aprendizagem\u00a0Dentro das\u00a0Empresas. O evento acontece em parceria com o Minist\u00e9rio do Trabalho e Emprego (MTE), no audit\u00f3rio do Simespi (Sindicato das Ind\u00fastrias Metal\u00fargicas, Mec\u00e2nicas, de [&hellip;]<\/p>\n","protected":false},"author":1,"featured_media":3624,"comment_status":"open","ping_status":"open","sticky":false,"template":"","format":"standard","meta":{"_jetpack_newsletter_access":"","_jetpack_dont_email_post_to_subs":false,"_jetpack_newsletter_tier_id":0,"_jetpack_memberships_contains_paywalled_content":false,"_mbp_banners":[],"_jetpack_feature_clip_id":0,"_jetpack_memberships_contains_paid_content":false,"footnotes":"","jetpack_publicize_message":"","jetpack_publicize_feature_enabled":true,"jetpack_social_post_already_shared":true,"jetpack_social_options":{"image_generator_settings":{"template":"highway","default_image_id":0,"font":"","enabled":false},"version":2},"jetpack_post_was_ever_published":false},"categories":[20],"tags":[],"class_list":["post-3623","post","type-post","status-publish","format-standard","has-post-thumbnail","category-regiao"],"jetpack_publicize_connections":[],"jetpack-related-posts":[],"jetpack_shortlink":"https:\/\/wp.me\/p7Eq1F-Wr","jetpack_sharing_enabled":true,"jetpack_featured_media_url":"https:\/\/i0.wp.com\/guialimeira.com.br\/news\/wp-content\/uploads\/2024\/05\/Palestra-vai-explicar-legislacao-e-cota-de-Aprendizagem-Profissional-nas-empresas-1024x682.jpg?fit=1024%2C682&ssl=1","_links":{"self":[{"href":"https:\/\/guialimeira.com.br\/news\/wp-json\/wp\/v2\/posts\/3623","targetHints":{"allow":["GET"]}}],"collection":[{"href":"https:\/\/guialimeira.com.br\/news\/wp-json\/wp\/v2\/posts"}],"about":[{"href":"https:\/\/guialimeira.com.br\/news\/wp-json\/wp\/v2\/types\/post"}],"author":[{"embeddable":true,"href":"https:\/\/guialimeira.com.br\/news\/wp-json\/wp\/v2\/users\/1"}],"replies":[{"embeddable":true,"href":"https:\/\/guialimeira.com.br\/news\/wp-json\/wp\/v2\/comments?post=3623"}],"version-history":[{"count":0,"href":"https:\/\/guialimeira.com.br\/news\/wp-json\/wp\/v2\/posts\/3623\/revisions"}],"wp:featuredmedia":[{"embeddable":true,"href":"https:\/\/guialimeira.com.br\/news\/wp-json\/wp\/v2\/media\/3624"}],"wp:attachment":[{"href":"https:\/\/guialimeira.com.br\/news\/wp-json\/wp\/v2\/media?parent=3623"}],"wp:term":[{"taxonomy":"category","embeddable":true,"href":"https:\/\/guialimeira.com.br\/news\/wp-json\/wp\/v2\/categories?post=3623"},{"taxonomy":"post_tag","embeddable":true,"href":"https:\/\/guialimeira.com.br\/news\/wp-json\/wp\/v2\/tags?post=3623"}],"curies":[{"name":"wp","href":"https:\/\/api.w.org\/{rel}","templated":true}]}}