{"id":3621,"date":"2024-05-03T13:45:44","date_gmt":"2024-05-03T16:45:44","guid":{"rendered":"https:\/\/guialimeira.com.br\/2024\/05\/03\/mobilizacao-pela-saude-materna-acontece-neste-domingo-5\/"},"modified":"2024-05-03T13:45:44","modified_gmt":"2024-05-03T16:45:44","slug":"mobilizacao-pela-saude-materna-acontece-neste-domingo-5","status":"publish","type":"post","link":"https:\/\/guialimeira.com.br\/news\/mobilizacao-pela-saude-materna-acontece-neste-domingo-5\/","title":{"rendered":"Mobiliza\u00e7\u00e3o Pela Sa\u00fade Materna acontece neste domingo (5)"},"content":{"rendered":"<p> <br \/>\n<\/p>\n<div>\n            <main class=\"\">&#13;<br \/>\n                &#13;<br \/>\n&#13;<br \/>\n&#13;<br \/>\n&#13;<br \/>\n    <img data-recalc-dims=\"1\" decoding=\"async\" src=\"https:\/\/i0.wp.com\/ecrie.com.br\/sistema\/conteudos\/imagem\/m_137_0_1_03052024130148.jpg?w=696&#038;ssl=1\" alt=\"Mobiliza\u00e7\u00e3o Pela Sa\u00fade Materna acontece neste domingo (5)\"\/>&#13;<br \/>\n&#13;<\/p>\n<p dir=\"ltr\" style=\"text-align: justify;\">Neste domingo (5), acontece a\u00a01\u00aa Mobiliza\u00e7\u00e3o Pela Sa\u00fade Materna em Limeira, no Parque Cidade, das 9h \u00e0s 12h. A entrada \u00e9 mediante doa\u00e7\u00e3o de 1 pacote de fralda. A realiza\u00e7\u00e3o \u00e9 de Jully Manduca, com apoio do Fundo Social de Solidariedade de Limeira e Prefeitura de Limeira, por meio da Secretaria de Cultura.<\/p>\n<p>&#13;<\/p>\n<p dir=\"ltr\" style=\"text-align: justify;\">O evento traz uma programa\u00e7\u00e3o com yoga, exerc\u00edcios p\u00e9lvicos, zumba e psicologia. Tamb\u00e9m oferece servi\u00e7os de massagem, maquiagem, penteado, aferi\u00e7\u00e3o de press\u00e3o e glicemia, al\u00e9m de ter brinquedos para as crian\u00e7as e sorteios de brindes.<\/p>\n<p>&#13;<br \/>\n&#13;<br \/>\n&#13;<br \/>\n&#13;<\/p>\n<aside class=\"list-related no-print\">&#13;<br \/>\n        &#13;<br \/>\n&#13;<\/p>\n<article class=\"list-item noticias \">&#13;<br \/>\n                    <a class=\"list-item__img\" href=\"https:\/\/limeira.sp.gov.br\/imprensa\/noticias\/cultura\/padre-patrick-apresenta-fora-da-caixinha-em-limeira-neste-domingo-5\" tabindex=\"-1\" aria-hidden=\"true\" rel=\"noopener\">&#13;<br \/>\n                        <img data-recalc-dims=\"1\" decoding=\"async\" src=\"https:\/\/i0.wp.com\/ecrie.com.br\/sistema\/conteudos\/imagem\/m_137_0_1_03052024125453.jpeg?w=696&#038;ssl=1\" alt=\"Padre Patrick apresenta \u201cFora da Caixinha\u201d em Limeira, neste domingo (5)\"\/>&#13;<br \/>\n                    <\/a>&#13;<br \/>\n&#13;<br \/>\n                &#13;<br \/>\n            <\/article>\n<p>&#13;<\/p>\n<article class=\"list-item noticias \">&#13;<br \/>\n                    <a class=\"list-item__img\" href=\"https:\/\/limeira.sp.gov.br\/imprensa\/noticias\/cultura\/abertura-da-exposicao-margens-traz-live-painting-e-intervencoes-neste-sabado-4\" tabindex=\"-1\" aria-hidden=\"true\" rel=\"noopener\">&#13;<br \/>\n                        <img data-recalc-dims=\"1\" decoding=\"async\" src=\"https:\/\/i0.wp.com\/ecrie.com.br\/sistema\/conteudos\/imagem\/m_137_0_1_03052024092121.jpg?w=696&#038;ssl=1\" alt=\"Abertura da exposi\u00e7\u00e3o \u201cMargens\u201d traz live painting e interven\u00e7\u00f5es, neste s\u00e1bado (4)\"\/>&#13;<br \/>\n                    <\/a>&#13;<br \/>\n&#13;<br \/>\n                &#13;<br \/>\n            <\/article>\n<p>&#13;<\/p>\n<article class=\"list-item noticias \">&#13;<br \/>\n                    <a class=\"list-item__img\" href=\"https:\/\/limeira.sp.gov.br\/imprensa\/noticias\/cultura\/espetaculo-uma-saudacao-a-whitney-houston-acontece-neste-sabado-4\" tabindex=\"-1\" aria-hidden=\"true\" rel=\"noopener\">&#13;<br \/>\n                        <img data-recalc-dims=\"1\" decoding=\"async\" src=\"https:\/\/i0.wp.com\/ecrie.com.br\/sistema\/conteudos\/imagem\/m_137_0_1_03052024091438.jpeg?w=696&#038;ssl=1\" alt=\"Espet\u00e1culo \u201cUma Sauda\u00e7\u00e3o a Whitney Houston\u201d acontece neste s\u00e1bado (4)\"\/>&#13;<br \/>\n                    <\/a>&#13;<br \/>\n&#13;<br \/>\n                &#13;<br \/>\n            <\/article>\n<p>&#13;<br \/>\n    <\/aside>\n<p>&#13;<br \/>\n&#13;<br \/>\n            <\/main><\/p><\/div>\n<p><br \/>\n<br \/><a href=\"https:\/\/limeira.sp.gov.br\/mobilizacao-pela-saude-materna-acontece-neste-domingo-5\" rel=\"noopener\">Informa\u00e7\u00f5es da PML <\/a><\/p>\n","protected":false},"excerpt":{"rendered":"<p>&#13; &#13; &#13; &#13; &#13; &#13; &#13; Neste domingo (5), acontece a\u00a01\u00aa Mobiliza\u00e7\u00e3o Pela Sa\u00fade Materna em Limeira, no Parque Cidade, das 9h \u00e0s 12h. A entrada \u00e9 mediante doa\u00e7\u00e3o de 1 pacote de fralda. A realiza\u00e7\u00e3o \u00e9 de Jully Manduca, com apoio do Fundo Social de Solidariedade de Limeira e Prefeitura de Limeira, por [&hellip;]<\/p>\n","protected":false},"author":1,"featured_media":3622,"comment_status":"open","ping_status":"open","sticky":false,"template":"","format":"standard","meta":{"_jetpack_newsletter_access":"","_jetpack_dont_email_post_to_subs":false,"_jetpack_newsletter_tier_id":0,"_jetpack_memberships_contains_paywalled_content":false,"_mbp_banners":[],"_jetpack_feature_clip_id":0,"_jetpack_memberships_contains_paid_content":false,"footnotes":"","jetpack_publicize_message":"","jetpack_publicize_feature_enabled":true,"jetpack_social_post_already_shared":true,"jetpack_social_options":{"image_generator_settings":{"template":"highway","default_image_id":0,"font":"","enabled":false},"version":2},"jetpack_post_was_ever_published":false},"categories":[16],"tags":[],"class_list":["post-3621","post","type-post","status-publish","format-standard","has-post-thumbnail","category-local"],"jetpack_publicize_connections":[],"jetpack-related-posts":[],"jetpack_shortlink":"https:\/\/wp.me\/p7Eq1F-Wp","jetpack_sharing_enabled":true,"jetpack_featured_media_url":"https:\/\/i0.wp.com\/guialimeira.com.br\/news\/wp-content\/uploads\/2024\/05\/m_137_0_1_03052024130148.jpg?fit=900%2C506&ssl=1","_links":{"self":[{"href":"https:\/\/guialimeira.com.br\/news\/wp-json\/wp\/v2\/posts\/3621","targetHints":{"allow":["GET"]}}],"collection":[{"href":"https:\/\/guialimeira.com.br\/news\/wp-json\/wp\/v2\/posts"}],"about":[{"href":"https:\/\/guialimeira.com.br\/news\/wp-json\/wp\/v2\/types\/post"}],"author":[{"embeddable":true,"href":"https:\/\/guialimeira.com.br\/news\/wp-json\/wp\/v2\/users\/1"}],"replies":[{"embeddable":true,"href":"https:\/\/guialimeira.com.br\/news\/wp-json\/wp\/v2\/comments?post=3621"}],"version-history":[{"count":0,"href":"https:\/\/guialimeira.com.br\/news\/wp-json\/wp\/v2\/posts\/3621\/revisions"}],"wp:featuredmedia":[{"embeddable":true,"href":"https:\/\/guialimeira.com.br\/news\/wp-json\/wp\/v2\/media\/3622"}],"wp:attachment":[{"href":"https:\/\/guialimeira.com.br\/news\/wp-json\/wp\/v2\/media?parent=3621"}],"wp:term":[{"taxonomy":"category","embeddable":true,"href":"https:\/\/guialimeira.com.br\/news\/wp-json\/wp\/v2\/categories?post=3621"},{"taxonomy":"post_tag","embeddable":true,"href":"https:\/\/guialimeira.com.br\/news\/wp-json\/wp\/v2\/tags?post=3621"}],"curies":[{"name":"wp","href":"https:\/\/api.w.org\/{rel}","templated":true}]}}