{"id":3619,"date":"2024-05-03T13:30:54","date_gmt":"2024-05-03T16:30:54","guid":{"rendered":"https:\/\/guialimeira.com.br\/2024\/05\/03\/educacao-de-sp-profissionais-de-escolas-indigenas-e-quilombolas-vao-receber-adicional\/"},"modified":"2024-05-03T13:30:54","modified_gmt":"2024-05-03T16:30:54","slug":"educacao-de-sp-profissionais-de-escolas-indigenas-e-quilombolas-vao-receber-adicional","status":"publish","type":"post","link":"https:\/\/guialimeira.com.br\/news\/educacao-de-sp-profissionais-de-escolas-indigenas-e-quilombolas-vao-receber-adicional\/","title":{"rendered":"Educa\u00e7\u00e3o de SP: profissionais de escolas ind\u00edgenas e quilombolas v\u00e3o receber adicional"},"content":{"rendered":"<p> <br \/>\n<\/p>\n<div id=\"\">&#13;<br \/>\n                                <!-- Title -->&#13;<br \/>\n                                &#13;<br \/>\n&#13;<br \/>\n                                <!-- Excerpt -->&#13;<\/p>\n<p class=\"excerpt\">Mais de 2.400 professores ser\u00e3o beneficiados com a mudan\u00e7a; pagamento retroativo est\u00e1 previsto para o m\u00eas de maio<\/p>\n<p>&#13;<br \/>\n&#13;<br \/>\n                                &#13;\n                            <\/p><\/div>\n<div id=\"\">&#13;<\/p>\n<figure id=\"attachment_5876122\" style=\"width: 100%;max-width: 2530px\" class=\"wp-caption alignnone caption-hide\"><img data-recalc-dims=\"1\" decoding=\"async\" loading=\"lazy\" class=\"size-full wp-image-5876122\" src=\"https:\/\/i0.wp.com\/www.saopaulo.sp.gov.br\/wp-content\/uploads\/2024\/05\/24461122995_f99540b7b3_o-e1714513985905.jpg?resize=696%2C443&#038;ssl=1\" alt=\"\" width=\"696\" height=\"443\" srcset=\"https:\/\/www.saopaulo.sp.gov.br\/wp-content\/uploads\/2024\/05\/24461122995_f99540b7b3_o-e1714513985905.jpg 2530w, https:\/\/www.saopaulo.sp.gov.br\/wp-content\/uploads\/2024\/05\/24461122995_f99540b7b3_o-e1714513985905-300x191.jpg 300w, https:\/\/www.saopaulo.sp.gov.br\/wp-content\/uploads\/2024\/05\/24461122995_f99540b7b3_o-e1714513985905-1024x652.jpg 1024w, https:\/\/www.saopaulo.sp.gov.br\/wp-content\/uploads\/2024\/05\/24461122995_f99540b7b3_o-e1714513985905-768x489.jpg 768w, https:\/\/www.saopaulo.sp.gov.br\/wp-content\/uploads\/2024\/05\/24461122995_f99540b7b3_o-e1714513985905-1536x977.jpg 1536w, https:\/\/www.saopaulo.sp.gov.br\/wp-content\/uploads\/2024\/05\/24461122995_f99540b7b3_o-e1714513985905-2048x1303.jpg 2048w\" sizes=\"auto, (max-width: 2530px) 100vw, 2530px\"\/><\/figure>\n<p>O Governo do Estado de S\u00e3o Paulo definiu as novas regras para o pagamento do adicional de local de exerc\u00edcio (ALE) a profissionais dos quadros de Apoio Escolar e do Magist\u00e9rio.<\/p>\n<p>O documento autoriza a inclus\u00e3o de servidores da Secretaria da Educa\u00e7\u00e3o do Estado em exerc\u00edcio em \u00e1reas de assentamentos e em unidades localizadas em comunidades quilombolas e ind\u00edgenas na lista de benefici\u00e1rios. O decreto n\u00ba 68.450, que estabelece as novas regras, foi publicado na edi\u00e7\u00e3o de 19 de abril do Di\u00e1rio Oficial do Estado (DOE).<\/p>\n<p>Com as mudan\u00e7as, mais de 2.400 professores de Diretorias Regionais de Ensino na capital, regi\u00e3o metropolitana, interior e litoral ser\u00e3o contemplados com o aditivo salarial direcionado \u00e0queles que trabalham em \u00e1reas identificadas como vulner\u00e1veis.<\/p>\n<p>O benef\u00edcio existe desde 1991 e foi elaborado a partir de estudos da Funda\u00e7\u00e3o Seade (Sistema Estadual de An\u00e1lise de Dados). O indicador, no entanto, sofreu altera\u00e7\u00f5es ao longo dos anos com a inclus\u00e3o de novas escolas e profissionais.<\/p>\n<p>Os valores de 2024 foram depositados nesta ter\u00e7a-feira (30). A expectativa \u00e9 que o impacto da folha seja maior em cerca de R$ 20 milh\u00f5es que o valor pago em 2023.<\/p>\n<p>Siga o canal \u201cGoverno de S\u00e3o Paulo\u201d no WhatsApp:<br \/><a href=\"https:\/\/bit.ly\/govspnozap\" target=\"_blank\" rel=\"noopener noreferrer\">https:\/\/bit.ly\/govspnozap<\/a><\/p>\n<\/p><\/div>\n<p><br \/>\n<br \/><a href=\"https:\/\/www.saopaulo.sp.gov.br\/spnoticias\/ultimas-noticias\/educacao-de-sp-profissionais-de-escolas-indigenas-e-quilombolas-vao-receber-adicional\/\" rel=\"noopener\">Informa\u00e7\u00f5es GOV.SP<\/a><\/p>\n","protected":false},"excerpt":{"rendered":"<p>&#13; &#13; &#13; &#13; &#13; Mais de 2.400 professores ser\u00e3o beneficiados com a mudan\u00e7a; pagamento retroativo est\u00e1 previsto para o m\u00eas de maio &#13; &#13; &#13; &#13; O Governo do Estado de S\u00e3o Paulo definiu as novas regras para o pagamento do adicional de local de exerc\u00edcio (ALE) a profissionais dos quadros de Apoio Escolar [&hellip;]<\/p>\n","protected":false},"author":1,"featured_media":3620,"comment_status":"open","ping_status":"open","sticky":false,"template":"","format":"standard","meta":{"_jetpack_newsletter_access":"","_jetpack_dont_email_post_to_subs":false,"_jetpack_newsletter_tier_id":0,"_jetpack_memberships_contains_paywalled_content":false,"_mbp_banners":[],"_jetpack_feature_clip_id":0,"_jetpack_memberships_contains_paid_content":false,"footnotes":"","jetpack_publicize_message":"","jetpack_publicize_feature_enabled":true,"jetpack_social_post_already_shared":true,"jetpack_social_options":{"image_generator_settings":{"template":"highway","default_image_id":0,"font":"","enabled":false},"version":2},"jetpack_post_was_ever_published":false},"categories":[21],"tags":[],"class_list":["post-3619","post","type-post","status-publish","format-standard","has-post-thumbnail","category-sp-news"],"jetpack_publicize_connections":[],"jetpack-related-posts":[],"jetpack_shortlink":"https:\/\/wp.me\/p7Eq1F-Wn","jetpack_sharing_enabled":true,"jetpack_featured_media_url":"https:\/\/i0.wp.com\/guialimeira.com.br\/news\/wp-content\/uploads\/2024\/05\/Educacao-de-SP-profissionais-de-escolas-indigenas-e-quilombolas-vao.jpg?fit=2530%2C1610&ssl=1","_links":{"self":[{"href":"https:\/\/guialimeira.com.br\/news\/wp-json\/wp\/v2\/posts\/3619","targetHints":{"allow":["GET"]}}],"collection":[{"href":"https:\/\/guialimeira.com.br\/news\/wp-json\/wp\/v2\/posts"}],"about":[{"href":"https:\/\/guialimeira.com.br\/news\/wp-json\/wp\/v2\/types\/post"}],"author":[{"embeddable":true,"href":"https:\/\/guialimeira.com.br\/news\/wp-json\/wp\/v2\/users\/1"}],"replies":[{"embeddable":true,"href":"https:\/\/guialimeira.com.br\/news\/wp-json\/wp\/v2\/comments?post=3619"}],"version-history":[{"count":0,"href":"https:\/\/guialimeira.com.br\/news\/wp-json\/wp\/v2\/posts\/3619\/revisions"}],"wp:featuredmedia":[{"embeddable":true,"href":"https:\/\/guialimeira.com.br\/news\/wp-json\/wp\/v2\/media\/3620"}],"wp:attachment":[{"href":"https:\/\/guialimeira.com.br\/news\/wp-json\/wp\/v2\/media?parent=3619"}],"wp:term":[{"taxonomy":"category","embeddable":true,"href":"https:\/\/guialimeira.com.br\/news\/wp-json\/wp\/v2\/categories?post=3619"},{"taxonomy":"post_tag","embeddable":true,"href":"https:\/\/guialimeira.com.br\/news\/wp-json\/wp\/v2\/tags?post=3619"}],"curies":[{"name":"wp","href":"https:\/\/api.w.org\/{rel}","templated":true}]}}