{"id":3613,"date":"2024-05-03T13:25:43","date_gmt":"2024-05-03T16:25:43","guid":{"rendered":"https:\/\/guialimeira.com.br\/2024\/05\/03\/producao-industrial-cresce-09-em-marco-diz-ibge\/"},"modified":"2024-05-03T13:25:43","modified_gmt":"2024-05-03T16:25:43","slug":"producao-industrial-cresce-09-em-marco-diz-ibge","status":"publish","type":"post","link":"https:\/\/guialimeira.com.br\/news\/producao-industrial-cresce-09-em-marco-diz-ibge\/","title":{"rendered":"Produ\u00e7\u00e3o industrial cresce 0,9% em mar\u00e7o, diz IBGE"},"content":{"rendered":"<p> <br \/>\n<\/p>\n<div>\n<p>A produ\u00e7\u00e3o industrial brasileira cresceu 0,9% em mar\u00e7o deste ano, na compara\u00e7\u00e3o com fevereiro. No m\u00eas anterior, a ind\u00fastria havia crescido 0,1%. O crescimento\u00a0em\u00a0dois meses n\u00e3o foi\u00a0suficiente\u00a0para recuperar a perda de 1,1% no setor em janeiro.<img data-recalc-dims=\"1\" decoding=\"async\" src=\"https:\/\/i0.wp.com\/agenciabrasil.ebc.com.br\/ebc.png?w=696&#038;ssl=1\" style=\"width:1px; height:1px; display:inline;\"\/><img data-recalc-dims=\"1\" decoding=\"async\" src=\"https:\/\/i0.wp.com\/agenciabrasil.ebc.com.br\/ebc.gif?w=696&#038;ssl=1\" style=\"width:1px; height:1px; display:inline;\"\/><\/p>\n<p>Os dados da Produ\u00e7\u00e3o Industrial Mensal (PIM) foram divulgados nesta sexta-feira (3) pelo Instituto Brasileiro de Geografia e Estat\u00edstica (IBGE). A pesquisa mostra que, na compara\u00e7\u00e3o com mar\u00e7o de 2023, foi registrada uma queda de 2,8%. A produ\u00e7\u00e3o industrial acumula altas de 1,9% no ano e de 0,7% no per\u00edodo de 12 meses.<\/p>\n<p>A ind\u00fastria est\u00e1 0,4% acima do n\u00edvel pr\u00e9-pandemia (fevereiro de 2020) mas 16,3% abaixo do ponto mais alto da s\u00e9rie hist\u00f3rica, observado em maio de 2011.<\/p>\n<p>Apesar do resultado positivo na passagem de fevereiro para mar\u00e7o, apenas cinco das 25 atividades industriais apresentaram alta no per\u00edodo, com destaque para o setor de alimentos, que cresceu 1% no m\u00eas, principalmente devido \u00e0s produ\u00e7\u00f5es de carne e a\u00e7\u00facar.<\/p>\n<p>Al\u00e9m dele, apresentaram alta\u00a0apenas os segmentos de produtos t\u00eaxteis (com avan\u00e7o de 4,5%), impress\u00e3o e reprodu\u00e7\u00e3o de grava\u00e7\u00f5es (8,2%), produtos farmoqu\u00edmicos e farmac\u00eauticos (0,5%) e ind\u00fastrias extrativas (0,2%).<\/p>\n<p>Entre as 20 atividades em queda, os principais destaques negativos foram apresentados pelos ramos de ve\u00edculos automotores (-6%), equipamentos de inform\u00e1tica, produtos eletr\u00f4nicos e \u00f3pticos (-13,3%) e produtos qu\u00edmicos (-2%).<\/p>\n<p>Na an\u00e1lise das quatro grandes categorias econ\u00f4micas da ind\u00fastria, houve crescimento\u00a0nos bens intermedi\u00e1rios, que s\u00e3o insumos industrializados usados no setor produtivo (1,2%), e nos bens de consumo semi e n\u00e3o dur\u00e1veis (0,9%). Por outro lado, apresentaram queda\u00a0os bens de consumo dur\u00e1veis (-4,2%) e os bens de capital, ou seja, m\u00e1quinas e equipamentos usados no setor produtivo (-2,8%).<\/p>\n<\/p><\/div>\n<p><br \/>\n<br \/><a href=\"https:\/\/agenciabrasil.ebc.com.br\/economia\/noticia\/2024-05\/producao-industrial-cresce-09-em-marco-diz-ibge\" rel=\"noopener\">Ag\u00eancia Brasil<\/a><\/p>\n","protected":false},"excerpt":{"rendered":"<p>A produ\u00e7\u00e3o industrial brasileira cresceu 0,9% em mar\u00e7o deste ano, na compara\u00e7\u00e3o com fevereiro. No m\u00eas anterior, a ind\u00fastria havia crescido 0,1%. O crescimento\u00a0em\u00a0dois meses n\u00e3o foi\u00a0suficiente\u00a0para recuperar a perda de 1,1% no setor em janeiro. Os dados da Produ\u00e7\u00e3o Industrial Mensal (PIM) foram divulgados nesta sexta-feira (3) pelo Instituto Brasileiro de Geografia e Estat\u00edstica [&hellip;]<\/p>\n","protected":false},"author":1,"featured_media":3614,"comment_status":"open","ping_status":"open","sticky":false,"template":"","format":"standard","meta":{"_jetpack_newsletter_access":"","_jetpack_dont_email_post_to_subs":false,"_jetpack_newsletter_tier_id":0,"_jetpack_memberships_contains_paywalled_content":false,"_mbp_banners":[],"_jetpack_feature_clip_id":0,"_jetpack_memberships_contains_paid_content":false,"footnotes":"","jetpack_publicize_message":"","jetpack_publicize_feature_enabled":true,"jetpack_social_post_already_shared":true,"jetpack_social_options":{"image_generator_settings":{"template":"highway","default_image_id":0,"font":"","enabled":false},"version":2},"jetpack_post_was_ever_published":false},"categories":[24],"tags":[],"class_list":["post-3613","post","type-post","status-publish","format-standard","has-post-thumbnail","category-economia"],"jetpack_publicize_connections":[],"jetpack-related-posts":[],"jetpack_shortlink":"https:\/\/wp.me\/p7Eq1F-Wh","jetpack_sharing_enabled":true,"jetpack_featured_media_url":"https:\/\/i0.wp.com\/guialimeira.com.br\/news\/wp-content\/uploads\/2024\/05\/industrias_wd2219.jpg?fit=1600%2C800&ssl=1","_links":{"self":[{"href":"https:\/\/guialimeira.com.br\/news\/wp-json\/wp\/v2\/posts\/3613","targetHints":{"allow":["GET"]}}],"collection":[{"href":"https:\/\/guialimeira.com.br\/news\/wp-json\/wp\/v2\/posts"}],"about":[{"href":"https:\/\/guialimeira.com.br\/news\/wp-json\/wp\/v2\/types\/post"}],"author":[{"embeddable":true,"href":"https:\/\/guialimeira.com.br\/news\/wp-json\/wp\/v2\/users\/1"}],"replies":[{"embeddable":true,"href":"https:\/\/guialimeira.com.br\/news\/wp-json\/wp\/v2\/comments?post=3613"}],"version-history":[{"count":0,"href":"https:\/\/guialimeira.com.br\/news\/wp-json\/wp\/v2\/posts\/3613\/revisions"}],"wp:featuredmedia":[{"embeddable":true,"href":"https:\/\/guialimeira.com.br\/news\/wp-json\/wp\/v2\/media\/3614"}],"wp:attachment":[{"href":"https:\/\/guialimeira.com.br\/news\/wp-json\/wp\/v2\/media?parent=3613"}],"wp:term":[{"taxonomy":"category","embeddable":true,"href":"https:\/\/guialimeira.com.br\/news\/wp-json\/wp\/v2\/categories?post=3613"},{"taxonomy":"post_tag","embeddable":true,"href":"https:\/\/guialimeira.com.br\/news\/wp-json\/wp\/v2\/tags?post=3613"}],"curies":[{"name":"wp","href":"https:\/\/api.w.org\/{rel}","templated":true}]}}