{"id":36108,"date":"2025-06-12T22:07:01","date_gmt":"2025-06-13T01:07:01","guid":{"rendered":"https:\/\/guialimeira.com.br\/2025\/06\/12\/brasil-luta-muito-mas-e-derrotado-por-cuba-na-liga-das-nacoes\/"},"modified":"2025-06-12T22:07:01","modified_gmt":"2025-06-13T01:07:01","slug":"brasil-luta-muito-mas-e-derrotado-por-cuba-na-liga-das-nacoes","status":"publish","type":"post","link":"https:\/\/guialimeira.com.br\/news\/brasil-luta-muito-mas-e-derrotado-por-cuba-na-liga-das-nacoes\/","title":{"rendered":"Brasil luta muito, mas \u00e9 derrotado por Cuba na Liga das Na\u00e7\u00f5es"},"content":{"rendered":"<p> <br \/>\n<\/p>\n<div>\n<p>A sele\u00e7\u00e3o brasileira lutou muito, conseguiu levar para o tie-break, mas acabou derrotada por 3 sets a 2 (parciais de 27\/25, 26\/24, 21\/25, 20\/25 e 15\/13) por Cuba, na noite desta quinta-feira (12) no gin\u00e1sio do Marac\u00e3nazinho, no Rio de Janeiro, pela segunda rodada da edi\u00e7\u00e3o 2025 da VNL (Liga das Na\u00e7\u00f5es de V\u00f4lei).<img data-recalc-dims=\"1\" decoding=\"async\" src=\"https:\/\/i0.wp.com\/agenciabrasil.ebc.com.br\/ebc.png?w=696&#038;ssl=1\" style=\"width:1px; height:1px; display:inline;\"\/><img data-recalc-dims=\"1\" decoding=\"async\" src=\"https:\/\/i0.wp.com\/agenciabrasil.ebc.com.br\/ebc.gif?w=696&#038;ssl=1\" style=\"width:1px; height:1px; display:inline;\"\/><\/p>\n<blockquote class=\"twitter-tweet\">\n<p dir=\"ltr\" lang=\"pt\" xml:lang=\"pt\">A sele\u00e7\u00e3o brasileira lutou, levou o jogo para tie-break, mas foi superada por Cuba por 3 sets a 2 pela segunda rodada da Liga das Na\u00e7\u00f5es 2025 masculina.<\/p>\n<p>O Brasil volta \u00e0 quadra do Maracan\u00e3zinho no s\u00e1bado, \u00e0s 10h, contra a Ucr\u00e2nia! <a href=\"https:\/\/t.co\/wlixYe5WWH\">pic.twitter.com\/wlixYe5WWH<\/a><\/p>\n<p>\u2014 V\u00f4lei Brasil (@volei) <a href=\"https:\/\/twitter.com\/volei\/status\/1933299931374366798?ref_src=twsrc%5Etfw\" rel=\"noopener\">June 12, 2025<\/a><\/p><\/blockquote>\n<p>Ap\u00f3s o rev\u00e9s, o Brasil ocupa a terceira coloca\u00e7\u00e3o da classifica\u00e7\u00e3o com quatro pontos. Na estreia na competi\u00e7\u00e3o, a equipe comandada pelo t\u00e9cnico Bernardinho derrotou o Ir\u00e3 por 3 sets a 0 (parciais de 25\/19, 25\/16 e 25\/18).<\/p>\n<p>Na partida desta quinta, o oposto Darlan foi o destaque da sele\u00e7\u00e3o brasileira, com 21 pontos (19 de ataque e 2 de saque). O pr\u00f3ximo compromisso do Brasil na VNL ser\u00e1 diante da Ucr\u00e2nia, a partir das 10h (hor\u00e1rio de Bras\u00edlia) do pr\u00f3ximo s\u00e1bado (14).<\/p>\n<p>      <!-- Relacionada --><\/p>\n<p>            <!-- Relacionada -->\n    <\/div>\n<p><script async src=\"\/\/platform.twitter.com\/widgets.js\" charset=\"utf-8\"><\/script><br \/>\n<br \/><br \/>\n<br \/><a href=\"https:\/\/agenciabrasil.ebc.com.br\/esportes\/noticia\/2025-06\/brasil-luta-muito-mas-e-derrotado-por-cuba-na-liga-das-nacoes\" rel=\"noopener\">Ag\u00eancia Brasil<\/a><\/p>\n","protected":false},"excerpt":{"rendered":"<p>A sele\u00e7\u00e3o brasileira lutou muito, conseguiu levar para o tie-break, mas acabou derrotada por 3 sets a 2 (parciais de 27\/25, 26\/24, 21\/25, 20\/25 e 15\/13) por Cuba, na noite desta quinta-feira (12) no gin\u00e1sio do Marac\u00e3nazinho, no Rio de Janeiro, pela segunda rodada da edi\u00e7\u00e3o 2025 da VNL (Liga das Na\u00e7\u00f5es de V\u00f4lei). A [&hellip;]<\/p>\n","protected":false},"author":1,"featured_media":36109,"comment_status":"open","ping_status":"open","sticky":false,"template":"","format":"standard","meta":{"_jetpack_newsletter_access":"","_jetpack_dont_email_post_to_subs":false,"_jetpack_newsletter_tier_id":0,"_jetpack_memberships_contains_paywalled_content":false,"_mbp_banners":[],"_jetpack_feature_clip_id":0,"_jetpack_memberships_contains_paid_content":false,"footnotes":"","jetpack_publicize_message":"","jetpack_publicize_feature_enabled":true,"jetpack_social_post_already_shared":true,"jetpack_social_options":{"image_generator_settings":{"template":"highway","default_image_id":0,"font":"","enabled":false},"version":2},"jetpack_post_was_ever_published":false},"categories":[23],"tags":[],"class_list":["post-36108","post","type-post","status-publish","format-standard","has-post-thumbnail","category-esportes"],"jetpack_publicize_connections":[],"jetpack-related-posts":[],"jetpack_shortlink":"https:\/\/wp.me\/p7Eq1F-9oo","jetpack_sharing_enabled":true,"jetpack_featured_media_url":"https:\/\/i0.wp.com\/guialimeira.com.br\/news\/wp-content\/uploads\/2025\/06\/1a_etapa_adulto_rio_de_janeiro_masculino_12062025_21.jpg?fit=1600%2C800&ssl=1","_links":{"self":[{"href":"https:\/\/guialimeira.com.br\/news\/wp-json\/wp\/v2\/posts\/36108","targetHints":{"allow":["GET"]}}],"collection":[{"href":"https:\/\/guialimeira.com.br\/news\/wp-json\/wp\/v2\/posts"}],"about":[{"href":"https:\/\/guialimeira.com.br\/news\/wp-json\/wp\/v2\/types\/post"}],"author":[{"embeddable":true,"href":"https:\/\/guialimeira.com.br\/news\/wp-json\/wp\/v2\/users\/1"}],"replies":[{"embeddable":true,"href":"https:\/\/guialimeira.com.br\/news\/wp-json\/wp\/v2\/comments?post=36108"}],"version-history":[{"count":0,"href":"https:\/\/guialimeira.com.br\/news\/wp-json\/wp\/v2\/posts\/36108\/revisions"}],"wp:featuredmedia":[{"embeddable":true,"href":"https:\/\/guialimeira.com.br\/news\/wp-json\/wp\/v2\/media\/36109"}],"wp:attachment":[{"href":"https:\/\/guialimeira.com.br\/news\/wp-json\/wp\/v2\/media?parent=36108"}],"wp:term":[{"taxonomy":"category","embeddable":true,"href":"https:\/\/guialimeira.com.br\/news\/wp-json\/wp\/v2\/categories?post=36108"},{"taxonomy":"post_tag","embeddable":true,"href":"https:\/\/guialimeira.com.br\/news\/wp-json\/wp\/v2\/tags?post=36108"}],"curies":[{"name":"wp","href":"https:\/\/api.w.org\/{rel}","templated":true}]}}