{"id":3608,"date":"2024-05-03T13:04:43","date_gmt":"2024-05-03T16:04:43","guid":{"rendered":"https:\/\/guialimeira.com.br\/2024\/05\/03\/saude-reforca-a-importancia-da-vacinacao-contra-a-febre-amarela-portal-do-municipio-de-piracicaba\/"},"modified":"2024-05-03T13:04:43","modified_gmt":"2024-05-03T16:04:43","slug":"saude-reforca-a-importancia-da-vacinacao-contra-a-febre-amarela-portal-do-municipio-de-piracicaba","status":"publish","type":"post","link":"https:\/\/guialimeira.com.br\/news\/saude-reforca-a-importancia-da-vacinacao-contra-a-febre-amarela-portal-do-municipio-de-piracicaba\/","title":{"rendered":"Sa\u00fade refor\u00e7a a import\u00e2ncia da vacina\u00e7\u00e3o contra a febre amarela \u2013 Portal do Munic\u00edpio de Piracicaba"},"content":{"rendered":"<p> <br \/>\n<\/p>\n<div>\n<figure class=\"text-center\">\n<img data-recalc-dims=\"1\" width=\"696\" height=\"502\" src=\"https:\/\/i0.wp.com\/piracicaba.sp.gov.br\/wp-content\/uploads\/2024\/05\/Vacina-da-Febre-Amarela-esta-disponivel-gratuitamente-na-rede-municipal-de-saude-1024x738.jpeg?resize=696%2C502&#038;ssl=1\" class=\"img-fluid img-thumbnail border-1 wp-post-image\" alt=\"Vacina da Febre Amarela est\u00e1 dispon\u00edvel gratuitamente na rede municipal de sa\u00fade\" itemprop=\"image\" decoding=\"async\" fetchpriority=\"high\" srcset=\"https:\/\/piracicaba.sp.gov.br\/wp-content\/uploads\/2024\/05\/Vacina-da-Febre-Amarela-esta-disponivel-gratuitamente-na-rede-municipal-de-saude-1024x738.jpeg 1024w, https:\/\/piracicaba.sp.gov.br\/wp-content\/uploads\/2024\/05\/Vacina-da-Febre-Amarela-esta-disponivel-gratuitamente-na-rede-municipal-de-saude-300x216.jpeg 300w, https:\/\/piracicaba.sp.gov.br\/wp-content\/uploads\/2024\/05\/Vacina-da-Febre-Amarela-esta-disponivel-gratuitamente-na-rede-municipal-de-saude-768x554.jpeg 768w, https:\/\/piracicaba.sp.gov.br\/wp-content\/uploads\/2024\/05\/Vacina-da-Febre-Amarela-esta-disponivel-gratuitamente-na-rede-municipal-de-saude.jpeg 1122w\" sizes=\"(max-width: 1024px) 100vw, 1024px\"\/><figcaption class=\"text-center small fw-bold fst-italic mt-1\">Vacina da Febre Amarela est\u00e1 dispon\u00edvel gratuitamente na rede municipal de sa\u00fade<\/figcaption><\/figure>\n<p>Dois recentes casos de\u00a0febre\u00a0amarela, com um \u00f3bito, ambos em moradores na macrorregi\u00e3o de Campinas, acendeu o alerta\u00a0das\u00a0autoridades em sa\u00fade em todo o Estado de S\u00e3o Paulo. Desta forma, a Secretaria Municipal de Sa\u00fade, por meio do Departamento de Imuniza\u00e7\u00e3o da Vigil\u00e2ncia Epidemiol\u00f3gica de Piracicaba, refor\u00e7a a import\u00e2ncia e conscientiza sobre a imuniza\u00e7\u00e3o de rotina, n\u00e3o apenas em momento epid\u00eamico ou pand\u00eamico, para evitar casos mais graves.<\/p>\n<p>A SMS vai intensificar as a\u00e7\u00f5es de vigil\u00e2ncia em sa\u00fade e vacina\u00e7\u00e3o na cidade\u00a0nas\u00a0unidades b\u00e1sicas de sa\u00fade e unidades de sa\u00fade da fam\u00edlia, uma vez que a vacina contra\u00a0febre\u00a0amarela faz parte do calend\u00e1rio de imuniza\u00e7\u00e3o e est\u00e1 dispon\u00edvel em todos os postos de sa\u00fade. At\u00e9 30\/04\/24, a cobertura vacinal contra\u00a0febre\u00a0amarela no munic\u00edpio \u00e9 de 61,9% para crian\u00e7as menores de um ano.<br \/>O esquema vacinal consiste em 2 doses para as crian\u00e7as menores de 5 anos, sendo 1 dose aos 9 meses de vida e 1 refor\u00e7o aos 4 anos de idade. Para crian\u00e7as e adultos maiores de 5 anos, o esquema vacinal \u00e9 de apenas uma dose.<\/p>\n<p>Segundo o Minist\u00e9rio da Sa\u00fade, desde abril de 2017 o Brasil adota o esquema vacinal de apenas uma dose durante toda a vida, medida que est\u00e1 de acordo com as recomenda\u00e7\u00f5es da Organiza\u00e7\u00e3o Mundial de Sa\u00fade (OMS). Toda pessoa que reside em \u00c1reas com Recomenda\u00e7\u00e3o da Vacina contra febre amarela e pessoas que viajar\u00e3o para essas \u00e1reas deve imunizar-se pelo menos 10 dias antes do deslocamento.<\/p>\n<p><strong>VACINA\u00c7\u00c3O \u2013<\/strong>\u00a0Em 2018, devido aos in\u00fameros casos da doen\u00e7a, o Minist\u00e9rio da Sa\u00fade adotou o fracionamento de doses da vacina contra a febre amarela em tr\u00eas estados: Bahia, Rio de Janeiro e S\u00e3o Paulo. A medida foi recomendada pela Organiza\u00e7\u00e3o Pan-Americana da Sa\u00fade (OPAS) como uma das estrat\u00e9gias de imuniza\u00e7\u00e3o, por ser um caso de emerg\u00eancia. Dessa forma, \u00e9 importante relembrar que quem se vacinou, na \u00e9poca, com a dose fracionada, precisa realizar uma nova vacina\u00e7\u00e3o ap\u00f3s um intervalo de oito anos.<br \/>No site da\u00a0Prefeitura \u00e9 poss\u00edvel encontrar as unidades de sa\u00fade, com datas e hor\u00e1rios em que a vacina est\u00e1 dispon\u00edvel a popula\u00e7\u00e3o. <a href=\"https:\/\/piracicaba.sp.gov.br\/servicos\/horario-de-funcionamento-das-salas-de-vacina-nas-unidades-de-saude\/\" target=\"_blank\" rel=\"noreferrer noopener\"><strong>CLIQUE AQUI<\/strong><\/a><\/p>\n<p><strong>NOVOS CASOS \u2013<\/strong>\u00a0O Estado de S\u00e3o Paulo alerta a popula\u00e7\u00e3o para o risco de contamina\u00e7\u00e3o por\u00a0febre\u00a0amarela ap\u00f3s o Estado registrar, no \u00faltimo dia 29\/03, o primeiro \u00f3bito confirmado pela doen\u00e7a em 2024. O caso foi\u00a0de um homem de 50 anos, morador de \u00c1guas de Lind\u00f3ia e que se deslocava tamb\u00e9m pela regi\u00e3o de Monte Si\u00e3o, em Minas Gerais. Al\u00e9m disso, um caso foi identificado na zona rural de Serra Negra, envolvendo um homem de 28 anos, que estava vacinado e se recuperou completamente.<\/p>\n<p><strong>A DOEN\u00c7A \u2013<\/strong>\u00a0A febre amarela \u00e9 uma doen\u00e7a infecciosa febril aguda, imunopreven\u00edvel, de evolu\u00e7\u00e3o abrupta e gravidade vari\u00e1vel, com elevada letalidade nas suas formas graves. A doen\u00e7a \u00e9 causada por um v\u00edrus transmitido por mosquitos, e possui dois ciclos de transmiss\u00e3o (urbano e silvestre). No ciclo urbano, a transmiss\u00e3o ocorre a partir de vetores urbanos (Ae. aegypti) infectados. No ciclo silvestre, os transmissores s\u00e3o mosquitos com h\u00e1bitos predominantemente silvestres, sendo os g\u00eaneros Haemagogus e Sabethes os mais importantes.<\/p>\n<p>No ciclo silvestre, os primatas n\u00e3o humanos (PNHs) \u2013 macacos, por exemplo \u2013 s\u00e3o considerados os principais hospedeiros, amplificadores do v\u00edrus, e s\u00e3o v\u00edtimas da doen\u00e7a assim como o ser humano, que, nesse ciclo, apresenta-se como hospedeiro acidental.<\/p>\n<p>\u00c9 uma doen\u00e7a de notifica\u00e7\u00e3o compuls\u00f3ria imediata, ou seja, todo evento suspeito (tanto morte de primatas n\u00e3o-humanos, quanto casos humanos com sintomatologia compat\u00edvel) deve ser prontamente comunicado\/notificado, em at\u00e9 24 horas ap\u00f3s a suspeita inicial, \u00e0s autoridades locais competentes.<\/p>\n<p>A orienta\u00e7\u00e3o \u00e9 que, caso a pessoa encontre um macaco morto, n\u00e3o toque no animal nem o enterre; evite que crian\u00e7as, outros animais e curiosos se aproximem; comunique o CCZ pelo\u00a0telefone 3427-2400 e aguarde um t\u00e9cnico do Servi\u00e7o de Sa\u00fade.<\/p>\n<\/div>\n<p><br \/>\n<br \/><a href=\"https:\/\/piracicaba.sp.gov.br\/noticias\/saude-reforca-a-importancia-da-vacinacao-contra-a-febre-amarela\/\" rel=\"noopener\">Informa\u00e7\u00f5es PMP <\/a><\/p>\n","protected":false},"excerpt":{"rendered":"<p>Vacina da Febre Amarela est\u00e1 dispon\u00edvel gratuitamente na rede municipal de sa\u00fade Dois recentes casos de\u00a0febre\u00a0amarela, com um \u00f3bito, ambos em moradores na macrorregi\u00e3o de Campinas, acendeu o alerta\u00a0das\u00a0autoridades em sa\u00fade em todo o Estado de S\u00e3o Paulo. Desta forma, a Secretaria Municipal de Sa\u00fade, por meio do Departamento de Imuniza\u00e7\u00e3o da Vigil\u00e2ncia Epidemiol\u00f3gica de [&hellip;]<\/p>\n","protected":false},"author":1,"featured_media":3609,"comment_status":"open","ping_status":"open","sticky":false,"template":"","format":"standard","meta":{"_jetpack_newsletter_access":"","_jetpack_dont_email_post_to_subs":false,"_jetpack_newsletter_tier_id":0,"_jetpack_memberships_contains_paywalled_content":false,"_mbp_banners":[],"_jetpack_feature_clip_id":0,"_jetpack_memberships_contains_paid_content":false,"footnotes":"","jetpack_publicize_message":"","jetpack_publicize_feature_enabled":true,"jetpack_social_post_already_shared":true,"jetpack_social_options":{"image_generator_settings":{"template":"highway","default_image_id":0,"font":"","enabled":false},"version":2},"jetpack_post_was_ever_published":false},"categories":[20],"tags":[],"class_list":["post-3608","post","type-post","status-publish","format-standard","has-post-thumbnail","category-regiao"],"jetpack_publicize_connections":[],"jetpack-related-posts":[],"jetpack_shortlink":"https:\/\/wp.me\/p7Eq1F-Wc","jetpack_sharing_enabled":true,"jetpack_featured_media_url":"https:\/\/i0.wp.com\/guialimeira.com.br\/news\/wp-content\/uploads\/2024\/05\/Vacina-da-Febre-Amarela-esta-disponivel-gratuitamente-na-rede-municipal-de-saude.jpeg?fit=1122%2C809&ssl=1","_links":{"self":[{"href":"https:\/\/guialimeira.com.br\/news\/wp-json\/wp\/v2\/posts\/3608","targetHints":{"allow":["GET"]}}],"collection":[{"href":"https:\/\/guialimeira.com.br\/news\/wp-json\/wp\/v2\/posts"}],"about":[{"href":"https:\/\/guialimeira.com.br\/news\/wp-json\/wp\/v2\/types\/post"}],"author":[{"embeddable":true,"href":"https:\/\/guialimeira.com.br\/news\/wp-json\/wp\/v2\/users\/1"}],"replies":[{"embeddable":true,"href":"https:\/\/guialimeira.com.br\/news\/wp-json\/wp\/v2\/comments?post=3608"}],"version-history":[{"count":0,"href":"https:\/\/guialimeira.com.br\/news\/wp-json\/wp\/v2\/posts\/3608\/revisions"}],"wp:featuredmedia":[{"embeddable":true,"href":"https:\/\/guialimeira.com.br\/news\/wp-json\/wp\/v2\/media\/3609"}],"wp:attachment":[{"href":"https:\/\/guialimeira.com.br\/news\/wp-json\/wp\/v2\/media?parent=3608"}],"wp:term":[{"taxonomy":"category","embeddable":true,"href":"https:\/\/guialimeira.com.br\/news\/wp-json\/wp\/v2\/categories?post=3608"},{"taxonomy":"post_tag","embeddable":true,"href":"https:\/\/guialimeira.com.br\/news\/wp-json\/wp\/v2\/tags?post=3608"}],"curies":[{"name":"wp","href":"https:\/\/api.w.org\/{rel}","templated":true}]}}