{"id":36077,"date":"2025-06-12T19:04:05","date_gmt":"2025-06-12T22:04:05","guid":{"rendered":"https:\/\/guialimeira.com.br\/2025\/06\/12\/brasil-leva-ouro-e-prata-na-etapa-da-copa-do-mundo-de-bocha-na-china\/"},"modified":"2025-06-12T19:04:05","modified_gmt":"2025-06-12T22:04:05","slug":"brasil-leva-ouro-e-prata-na-etapa-da-copa-do-mundo-de-bocha-na-china","status":"publish","type":"post","link":"https:\/\/guialimeira.com.br\/news\/brasil-leva-ouro-e-prata-na-etapa-da-copa-do-mundo-de-bocha-na-china\/","title":{"rendered":"Brasil leva ouro e prata na etapa da Copa do Mundo de bocha na China"},"content":{"rendered":"<p> <br \/>\n<\/p>\n<div>\n<p>O cearense Maciel Sousa Santos e o paranaense Eliseu dos Santos foram os primeiros a subir ao p\u00f3dio na\u00a0etapa de Beijing (China) da Copa do Mundo de bocha.<a href=\"https:\/\/www.instagram.com\/p\/DKyQAACoLeq\/\" rel=\"noopener\"><strong>\u00a0Maciel faturou a medalha de ouro<\/strong><\/a> na noite de quarta-feira (11) ao derrotar o chin\u00eas Zhiqiang Yan por 9 a 0, na final individual da classe BC2 (atletas n\u00e3o recebe assist\u00eancia durante os lances). O cearense avan\u00e7ou \u00e0 final ap\u00f3s tr\u00eas vit\u00f3rias e uma derrota na fase de grupos. \u00a0<img data-recalc-dims=\"1\" decoding=\"async\" src=\"https:\/\/i0.wp.com\/agenciabrasil.ebc.com.br\/ebc.png?w=696&#038;ssl=1\" style=\"width:1px; height:1px; display:inline;\"\/><img data-recalc-dims=\"1\" decoding=\"async\" src=\"https:\/\/i0.wp.com\/agenciabrasil.ebc.com.br\/ebc.gif?w=696&#038;ssl=1\" style=\"width:1px; height:1px; display:inline;\"\/><\/p>\n<p>Eliseu dos Santos tamb\u00e9m assegurou presen\u00e7a na final classe BC4 (para atletas com defici\u00eancias severas que n\u00e3o recebem assist\u00eancia) ao somar tr\u00eas triunfos e uma derrota na primeira fase (grupos).\u00a0No entanto, ele ficou com a prata ao ser superado na final (6 a 2) pelo chin\u00eas Yuansen Zheng.<\/p>\n<blockquote class=\"instagram-media\" data-instgrm-captioned=\"\" data-instgrm-permalink=\"https:\/\/www.instagram.com\/p\/DKyPk3So_mn\/?utm_source=ig_embed&amp;utm_campaign=loading\" data-instgrm-version=\"14\" style=\" background:#FFF; border:0; border-radius:3px; box-shadow:0 0 1px 0 rgba(0,0,0,0.5),0 1px 10px 0 rgba(0,0,0,0.15); margin: 1px; max-width:540px; min-width:326px; padding:0; width:99.375%; width:-webkit-calc(100% - 2px); width:calc(100% - 2px);\">\n<\/blockquote>\n<p>Outros dois representantes do Brasil terminaram na quarta posi\u00e7\u00e3o ap\u00f3s perderem a disputa pelo bronze individual da classe BC1 (que tem a op\u00e7\u00e3o de aux\u00edlio de ajudantes): a pernambucana Andreza Vit\u00f3ria e o \u00a0paulista Jos\u00e9 Carlos Oliveira.<\/p>\n<h2>Disputa\u00a0de duplas e equipes nesta noite<\/h2>\n<p>Na estreia por equipes da classe BC1\/BC2, o time brasileiro (formado por Jos\u00e9 Carlos, Maciel Santos e Andreza Vit\u00f3ria) levou a melhor sobre o Canad\u00e1 (8 a 1) na primeira rodada da fase de grupos. O pr\u00f3ximo advers\u00e1rio ser\u00e1 Hong Kong logo mais \u00e0s 22h30 (hor\u00e1rio de Bras\u00edlia). Na sequ\u00eancia, \u00e0s 4h30 de sexta (13), a equipe brasileira enfrenta a do Chile. Na chave do Brasil tamb\u00e9m est\u00e1 o Canad\u00e1.<\/p>\n<p>No torneio de duplas da classe BC3 (atletas com defici\u00eancias severas), os brasileiros Evani Calado e Matheus Carvalho venceram advers\u00e1rios sauditas na estreia. Evani e Matheus Carvalho voltam a competir \u00e0 1h de sexta (13) contra dupla indiana e depois encara parceria da Fran\u00e7a.<\/p>\n<p>J\u00e1 na disputa de dupla da classe BC4 (para atletas com defici\u00eancias severas que n\u00e3o recebem assist\u00eancia), os brasileiros Laissa Guerreira e Eliseu dos Santos sofreram rev\u00e9s dos japoneses (4 a 1) na estreia. Laissa e Eliseu voltam a competir \u00e0s 22h30 desta sexta contra advers\u00e1rios do Egito. A partir das 3h30 de eles encaram uma dupla chinesa.<\/p>\n<p>      <!-- Relacionada --><\/p>\n<p>            <!-- Relacionada -->\n    <\/div>\n<p><script async src=\"\/\/www.instagram.com\/embed.js\"><\/script><br \/>\n<br \/><br \/>\n<br \/><a href=\"https:\/\/agenciabrasil.ebc.com.br\/esportes\/noticia\/2025-06\/brasil-leva-ouro-e-prata-na-etapa-da-copa-do-mundo-de-bocha-na-china\" rel=\"noopener\">Ag\u00eancia Brasil<\/a><\/p>\n","protected":false},"excerpt":{"rendered":"<p>O cearense Maciel Sousa Santos e o paranaense Eliseu dos Santos foram os primeiros a subir ao p\u00f3dio na\u00a0etapa de Beijing (China) da Copa do Mundo de bocha.\u00a0Maciel faturou a medalha de ouro na noite de quarta-feira (11) ao derrotar o chin\u00eas Zhiqiang Yan por 9 a 0, na final individual da classe BC2 (atletas [&hellip;]<\/p>\n","protected":false},"author":1,"featured_media":36078,"comment_status":"open","ping_status":"open","sticky":false,"template":"","format":"standard","meta":{"_jetpack_newsletter_access":"","_jetpack_dont_email_post_to_subs":false,"_jetpack_newsletter_tier_id":0,"_jetpack_memberships_contains_paywalled_content":false,"_mbp_banners":[],"_jetpack_feature_clip_id":0,"_jetpack_memberships_contains_paid_content":false,"footnotes":"","jetpack_publicize_message":"","jetpack_publicize_feature_enabled":true,"jetpack_social_post_already_shared":true,"jetpack_social_options":{"image_generator_settings":{"template":"highway","default_image_id":0,"font":"","enabled":false},"version":2},"jetpack_post_was_ever_published":false},"categories":[23],"tags":[],"class_list":["post-36077","post","type-post","status-publish","format-standard","has-post-thumbnail","category-esportes"],"jetpack_publicize_connections":[],"jetpack-related-posts":[],"jetpack_shortlink":"https:\/\/wp.me\/p7Eq1F-9nT","jetpack_sharing_enabled":true,"jetpack_featured_media_url":"https:\/\/i0.wp.com\/guialimeira.com.br\/news\/wp-content\/uploads\/2025\/06\/51415861372_fe1a6dba07_o.jpg?fit=1600%2C800&ssl=1","_links":{"self":[{"href":"https:\/\/guialimeira.com.br\/news\/wp-json\/wp\/v2\/posts\/36077","targetHints":{"allow":["GET"]}}],"collection":[{"href":"https:\/\/guialimeira.com.br\/news\/wp-json\/wp\/v2\/posts"}],"about":[{"href":"https:\/\/guialimeira.com.br\/news\/wp-json\/wp\/v2\/types\/post"}],"author":[{"embeddable":true,"href":"https:\/\/guialimeira.com.br\/news\/wp-json\/wp\/v2\/users\/1"}],"replies":[{"embeddable":true,"href":"https:\/\/guialimeira.com.br\/news\/wp-json\/wp\/v2\/comments?post=36077"}],"version-history":[{"count":0,"href":"https:\/\/guialimeira.com.br\/news\/wp-json\/wp\/v2\/posts\/36077\/revisions"}],"wp:featuredmedia":[{"embeddable":true,"href":"https:\/\/guialimeira.com.br\/news\/wp-json\/wp\/v2\/media\/36078"}],"wp:attachment":[{"href":"https:\/\/guialimeira.com.br\/news\/wp-json\/wp\/v2\/media?parent=36077"}],"wp:term":[{"taxonomy":"category","embeddable":true,"href":"https:\/\/guialimeira.com.br\/news\/wp-json\/wp\/v2\/categories?post=36077"},{"taxonomy":"post_tag","embeddable":true,"href":"https:\/\/guialimeira.com.br\/news\/wp-json\/wp\/v2\/tags?post=36077"}],"curies":[{"name":"wp","href":"https:\/\/api.w.org\/{rel}","templated":true}]}}