{"id":3606,"date":"2024-05-03T12:29:47","date_gmt":"2024-05-03T15:29:47","guid":{"rendered":"https:\/\/guialimeira.com.br\/2024\/05\/03\/sp-realiza-acoes-de-conscientizacao-durante-o-maio-amarelo\/"},"modified":"2024-05-03T12:29:47","modified_gmt":"2024-05-03T15:29:47","slug":"sp-realiza-acoes-de-conscientizacao-durante-o-maio-amarelo","status":"publish","type":"post","link":"https:\/\/guialimeira.com.br\/news\/sp-realiza-acoes-de-conscientizacao-durante-o-maio-amarelo\/","title":{"rendered":"SP realiza a\u00e7\u00f5es de conscientiza\u00e7\u00e3o durante o Maio Amarelo"},"content":{"rendered":"<p> <br \/>\n<\/p>\n<div id=\"\">&#13;<br \/>\n                                <!-- Title -->&#13;<br \/>\n                                &#13;<br \/>\n&#13;<br \/>\n                                <!-- Excerpt -->&#13;<\/p>\n<p class=\"excerpt\">A\u00e7\u00f5es visam conscientizar motoristas, ciclistas e pedestres sobre os perigos no tr\u00e2nsito e a import\u00e2ncia de um comportamento respons\u00e1vel<\/p>\n<p>&#13;<br \/>\n&#13;<br \/>\n                                &#13;\n                            <\/p><\/div>\n<div id=\"\">&#13;<\/p>\n<figure id=\"attachment_5876097\" style=\"width: 100%;max-width: 777px\" class=\"wp-caption alignnone\"><img data-recalc-dims=\"1\" decoding=\"async\" loading=\"lazy\" class=\"wp-image-5876097 \" src=\"https:\/\/i0.wp.com\/www.saopaulo.sp.gov.br\/wp-content\/uploads\/2024\/05\/a9fa8439-ec4d-43e6-a1c5-fb27a2166ef0-e1714677831291-300x132.png?resize=696%2C306&#038;ssl=1\" alt=\"\" width=\"696\" height=\"306\" srcset=\"https:\/\/www.saopaulo.sp.gov.br\/wp-content\/uploads\/2024\/05\/a9fa8439-ec4d-43e6-a1c5-fb27a2166ef0-e1714677831291-300x132.png 300w, https:\/\/www.saopaulo.sp.gov.br\/wp-content\/uploads\/2024\/05\/a9fa8439-ec4d-43e6-a1c5-fb27a2166ef0-e1714677831291-1024x452.png 1024w, https:\/\/www.saopaulo.sp.gov.br\/wp-content\/uploads\/2024\/05\/a9fa8439-ec4d-43e6-a1c5-fb27a2166ef0-e1714677831291-768x339.png 768w, https:\/\/www.saopaulo.sp.gov.br\/wp-content\/uploads\/2024\/05\/a9fa8439-ec4d-43e6-a1c5-fb27a2166ef0-e1714677831291-1536x678.png 1536w, https:\/\/www.saopaulo.sp.gov.br\/wp-content\/uploads\/2024\/05\/a9fa8439-ec4d-43e6-a1c5-fb27a2166ef0-e1714677831291-2048x904.png 2048w\" sizes=\"auto, (max-width: 777px) 100vw, 777px\"\/><figcaption class=\"wp-caption-text\">O movimento Maio Amarelo segue o tema \u201cPaz no tr\u00e2nsito come\u00e7a por voc\u00ea\u201d<\/figcaption><\/figure>\n<p>Com o tema \u201cPaz no tr\u00e2nsito come\u00e7a por voc\u00ea\u201d, o Movimento Maio Amarelo 2024 iniciou na quarta-feira (1) com um chamado \u00e0 responsabilidade individual e coletiva para a constru\u00e7\u00e3o de uma circula\u00e7\u00e3o de ve\u00edculos mais segura. Em apoio \u00e0 iniciativa, a Ag\u00eancia de Transporte do Estado de S\u00e3o Paulo (Artesp) e as concession\u00e1rias do Programa de Concess\u00f5es Rodovi\u00e1rias do Estado desenvolveram uma s\u00e9rie de a\u00e7\u00f5es educativas e de conscientiza\u00e7\u00e3o ao longo do m\u00eas.<\/p>\n<p>A campanha busca colocar em pauta a relev\u00e2ncia da seguran\u00e7a vi\u00e1ria e mobilizar toda a sociedade para engajamento em a\u00e7\u00f5es que promovam um tr\u00e2nsito mais pac\u00edfico e harmonioso. O objetivo \u00e9 reunir diversos setores, incluindo o poder p\u00fablico, empresas, entidades de classe, associa\u00e7\u00f5es e a sociedade civil organizada, para fomentar um debate amplo sobre o tema, impulsionar a\u00e7\u00f5es concretas e disseminar conhecimento para a constru\u00e7\u00e3o de um futuro com menos acidentes e v\u00edtimas nas estradas.<\/p>\n<p>Ao longo do m\u00eas de maio, as concession\u00e1rias rodovi\u00e1rias programaram um cronograma de atividades com o intuito de propagar a mensagem do Maio Amarelo 2024 e estimular a constru\u00e7\u00e3o de um tr\u00e2nsito mais seguro. As a\u00e7\u00f5es englobam campanhas e blitz educativas, palestras, eventos e outras iniciativas que visam conscientizar motoristas, pedestres, ciclistas e motociclistas sobre a import\u00e2ncia de um comportamento seguro e respons\u00e1vel no tr\u00e2nsito.<\/p>\n<p>\u201cA Artesp tem a honra de apoiar o Movimento Maio Amarelo 2024\u201d, afirma Milton Persoli, diretor-geral da ag\u00eancia. \u201cAcreditamos que a uni\u00e3o de esfor\u00e7os \u00e9 fundamental para conscientizar a popula\u00e7\u00e3o sobre a necessidade de um comportamento seguro no tr\u00e2nsito. Juntos, podemos fazer a diferen\u00e7a e salvar vidas\u201d, finaliza Persoli.<\/p>\n<p>As atividades ser\u00e3o realizadas na capital, Grande S\u00e3o Paulo, litoral e interior. Durante o per\u00edodo, ser\u00e3o desenvolvidas atividades com pedestres, caminhoneiros, motoristas, motociclistas, ciclistas, estudantes e crian\u00e7as<\/p>\n<p><a href=\"http:\/\/www.artesp.sp.gov.br\/Style%20Library\/extranet\/novas-paginas\/CustomPage.aspx?page=111\" target=\"_blank\" rel=\"noopener noreferrer\">Confira aqui<\/a>\u00a0todas as atividades realizadas pelo Programa de Concess\u00f5es Rodovi\u00e1rias durante o Maio Amarelo.<\/p>\n<p>Siga o canal \u201cGoverno de S\u00e3o Paulo\u201d no WhatsApp:<br \/><a href=\"https:\/\/bit.ly\/govspnozap\" target=\"_blank\" rel=\"noopener noreferrer\">https:\/\/bit.ly\/govspnozap<\/a><\/p>\n<\/p><\/div>\n<p><br \/>\n<br \/><a href=\"https:\/\/www.saopaulo.sp.gov.br\/spnoticias\/ultimas-noticias\/seguranca-no-transito-sp-realiza-acoes-de-conscientizacao-durante-o-maio-amarelo\/\" rel=\"noopener\">Informa\u00e7\u00f5es GOV.SP<\/a><\/p>\n","protected":false},"excerpt":{"rendered":"<p>&#13; &#13; &#13; &#13; &#13; A\u00e7\u00f5es visam conscientizar motoristas, ciclistas e pedestres sobre os perigos no tr\u00e2nsito e a import\u00e2ncia de um comportamento respons\u00e1vel &#13; &#13; &#13; &#13; O movimento Maio Amarelo segue o tema \u201cPaz no tr\u00e2nsito come\u00e7a por voc\u00ea\u201d Com o tema \u201cPaz no tr\u00e2nsito come\u00e7a por voc\u00ea\u201d, o Movimento Maio Amarelo 2024 [&hellip;]<\/p>\n","protected":false},"author":1,"featured_media":3607,"comment_status":"open","ping_status":"open","sticky":false,"template":"","format":"standard","meta":{"_jetpack_newsletter_access":"","_jetpack_dont_email_post_to_subs":false,"_jetpack_newsletter_tier_id":0,"_jetpack_memberships_contains_paywalled_content":false,"_mbp_banners":[],"_jetpack_feature_clip_id":0,"_jetpack_memberships_contains_paid_content":false,"footnotes":"","jetpack_publicize_message":"","jetpack_publicize_feature_enabled":true,"jetpack_social_post_already_shared":true,"jetpack_social_options":{"image_generator_settings":{"template":"highway","default_image_id":0,"font":"","enabled":false},"version":2},"jetpack_post_was_ever_published":false},"categories":[21],"tags":[],"class_list":["post-3606","post","type-post","status-publish","format-standard","has-post-thumbnail","category-sp-news"],"jetpack_publicize_connections":[],"jetpack-related-posts":[],"jetpack_shortlink":"https:\/\/wp.me\/p7Eq1F-Wa","jetpack_sharing_enabled":true,"jetpack_featured_media_url":"https:\/\/i0.wp.com\/guialimeira.com.br\/news\/wp-content\/uploads\/2024\/05\/SP-realiza-acoes-de-conscientizacao-durante-o-Maio-Amarelo.png?fit=300%2C132&ssl=1","_links":{"self":[{"href":"https:\/\/guialimeira.com.br\/news\/wp-json\/wp\/v2\/posts\/3606","targetHints":{"allow":["GET"]}}],"collection":[{"href":"https:\/\/guialimeira.com.br\/news\/wp-json\/wp\/v2\/posts"}],"about":[{"href":"https:\/\/guialimeira.com.br\/news\/wp-json\/wp\/v2\/types\/post"}],"author":[{"embeddable":true,"href":"https:\/\/guialimeira.com.br\/news\/wp-json\/wp\/v2\/users\/1"}],"replies":[{"embeddable":true,"href":"https:\/\/guialimeira.com.br\/news\/wp-json\/wp\/v2\/comments?post=3606"}],"version-history":[{"count":0,"href":"https:\/\/guialimeira.com.br\/news\/wp-json\/wp\/v2\/posts\/3606\/revisions"}],"wp:featuredmedia":[{"embeddable":true,"href":"https:\/\/guialimeira.com.br\/news\/wp-json\/wp\/v2\/media\/3607"}],"wp:attachment":[{"href":"https:\/\/guialimeira.com.br\/news\/wp-json\/wp\/v2\/media?parent=3606"}],"wp:term":[{"taxonomy":"category","embeddable":true,"href":"https:\/\/guialimeira.com.br\/news\/wp-json\/wp\/v2\/categories?post=3606"},{"taxonomy":"post_tag","embeddable":true,"href":"https:\/\/guialimeira.com.br\/news\/wp-json\/wp\/v2\/tags?post=3606"}],"curies":[{"name":"wp","href":"https:\/\/api.w.org\/{rel}","templated":true}]}}