{"id":3599,"date":"2024-05-03T11:28:53","date_gmt":"2024-05-03T14:28:53","guid":{"rendered":"https:\/\/guialimeira.com.br\/2024\/05\/03\/sp-abre-inscricoes-para-curso-online-de-libras-nesta-sexta-feira-3\/"},"modified":"2024-05-03T11:28:53","modified_gmt":"2024-05-03T14:28:53","slug":"sp-abre-inscricoes-para-curso-online-de-libras-nesta-sexta-feira-3","status":"publish","type":"post","link":"https:\/\/guialimeira.com.br\/news\/sp-abre-inscricoes-para-curso-online-de-libras-nesta-sexta-feira-3\/","title":{"rendered":"SP abre inscri\u00e7\u00f5es para curso online de Libras nesta sexta-feira (3)"},"content":{"rendered":"<p> <br \/>\n<\/p>\n<div id=\"\">&#13;<br \/>\n                                <!-- Title -->&#13;<br \/>\n                                &#13;<br \/>\n&#13;<br \/>\n                                <!-- Excerpt -->&#13;<\/p>\n<p class=\"excerpt\">Curso gratuito ser\u00e1 dividido em sete turmas com aulas ao vivo \u00e0 noite \u00e0s segundas, quartas e sextas<\/p>\n<p>&#13;<br \/>\n&#13;<br \/>\n                                &#13;\n                            <\/p><\/div>\n<div id=\"\">&#13;<\/p>\n<figure id=\"attachment_5393966\" style=\"width: 100%;max-width: 657px\" class=\"wp-caption alignnone\"><img data-recalc-dims=\"1\" decoding=\"async\" loading=\"lazy\" class=\" wp-image-5393966\" src=\"https:\/\/i0.wp.com\/www.saopaulo.sp.gov.br\/wp-content\/uploads\/2021\/07\/LIBRAS-VALE-ESSE-300x228.jpg?resize=657%2C499&#038;ssl=1\" alt=\"\" width=\"657\" height=\"499\" srcset=\"https:\/\/www.saopaulo.sp.gov.br\/wp-content\/uploads\/2021\/07\/LIBRAS-VALE-ESSE-300x228.jpg 300w, https:\/\/www.saopaulo.sp.gov.br\/wp-content\/uploads\/2021\/07\/LIBRAS-VALE-ESSE-768x584.jpg 768w, https:\/\/www.saopaulo.sp.gov.br\/wp-content\/uploads\/2021\/07\/LIBRAS-VALE-ESSE.jpg 900w\" sizes=\"auto, (max-width: 657px) 100vw, 657px\"\/><figcaption class=\"wp-caption-text\">O curso ser\u00e1 dividido em sete turmas com diferentes hor\u00e1rios<\/figcaption><\/figure>\n<p>Nesta sexta-feira (3), \u00e0s 10h, o Governo de S\u00e3o Paulo, atrav\u00e9s da Secretaria de Estado dos Direitos da Pessoa com Defici\u00eancia (SEDPcD), abre as inscri\u00e7\u00f5es para o curso online de Libras, a L\u00edngua Brasileira de Sinais, voltado a adultos. Este curso gratuito j\u00e1 capacitou mais de 23 mil pessoas maiores de 18 anos em todo o estado.<\/p>\n<p>O curso ser\u00e1 dividido em sete turmas com aulas ao vivo \u00e0 noite \u00e0s segundas, quartas e sextas.<\/p>\n<p>O curso abrange uma vasta gama de t\u00f3picos, desde os fundamentos at\u00e9 express\u00f5es mais avan\u00e7adas da Libras, permitindo uma comunica\u00e7\u00e3o eficaz com a comunidade surda. O conte\u00fado program\u00e1tico contempla os seguintes temas: O que \u00e9 a Libras; Identidade surda; Cultura surda; Comunica\u00e7\u00e3o: surdo x ouvinte; Regionalismos na libras; Sistema de nota\u00e7\u00e3o da libras; Alfabeto manual; Sinais pessoais; Cumprimentos\/sauda\u00e7\u00f5es; Condi\u00e7\u00f5es clim\u00e1ticas; Adv\u00e9rbios de tempo e calend\u00e1rio; Singular e plural; Animais; Express\u00f5es faciais; Materiais escolares e de escrit\u00f3rio; Pronomes pessoais, possessivos, demonstrativos e interrogativos; N\u00fameros: cardinais e quantidades; Dias da semana; Fam\u00edlia; Sentimentos; Horas\/dura\u00e7\u00e3o; Ambientes da resid\u00eancia; Localidades; Dire\u00e7\u00e3o\/perspectiva; Meios de transporte; Profiss\u00f5es; Documentos; Verbos; Configura\u00e7\u00f5es de m\u00e3o.<\/p>\n<p>A iniciativa tem como prop\u00f3sito principal capacitar pessoas n\u00e3o surdas a se comunicarem efetivamente com a comunidade surda do estado de S\u00e3o Paulo. O curso est\u00e1 aberto ao p\u00fablico em geral a partir de 18 anos, com ou sem defici\u00eancia, interessado em aprender a Libras.<\/p>\n<p>Cada turma contar\u00e1 com 40 horas de dura\u00e7\u00e3o, sendo 30 horas de aulas ao vivo via Zoom e 10 horas de atividades complementares. Para receber o certificado, \u00e9 necess\u00e1rio participar de pelo menos 75% das aulas ao vivo e alcan\u00e7ar uma m\u00e9dia final de 5,0 ou superior.<\/p>\n<p>Siga o canal \u201cGoverno de S\u00e3o Paulo\u201d no WhatsApp:<br \/><a href=\"https:\/\/bit.ly\/govspnozap\" target=\"_blank\" rel=\"noopener noreferrer\">https:\/\/bit.ly\/govspnozap<\/a><\/p>\n<\/p><\/div>\n<p><br \/>\n<br \/><a href=\"https:\/\/www.saopaulo.sp.gov.br\/spnoticias\/ultimas-noticias\/governo-de-sp-abre-inscricoes-para-curso-online-de-libras-nesta-sexta-feira-3\/\" rel=\"noopener\">Informa\u00e7\u00f5es GOV.SP<\/a><\/p>\n","protected":false},"excerpt":{"rendered":"<p>&#13; &#13; &#13; &#13; &#13; Curso gratuito ser\u00e1 dividido em sete turmas com aulas ao vivo \u00e0 noite \u00e0s segundas, quartas e sextas &#13; &#13; &#13; &#13; O curso ser\u00e1 dividido em sete turmas com diferentes hor\u00e1rios Nesta sexta-feira (3), \u00e0s 10h, o Governo de S\u00e3o Paulo, atrav\u00e9s da Secretaria de Estado dos Direitos da [&hellip;]<\/p>\n","protected":false},"author":1,"featured_media":3600,"comment_status":"open","ping_status":"open","sticky":false,"template":"","format":"standard","meta":{"_jetpack_newsletter_access":"","_jetpack_dont_email_post_to_subs":false,"_jetpack_newsletter_tier_id":0,"_jetpack_memberships_contains_paywalled_content":false,"_mbp_banners":[],"_jetpack_feature_clip_id":0,"_jetpack_memberships_contains_paid_content":false,"footnotes":"","jetpack_publicize_message":"","jetpack_publicize_feature_enabled":true,"jetpack_social_post_already_shared":true,"jetpack_social_options":{"image_generator_settings":{"template":"highway","default_image_id":0,"font":"","enabled":false},"version":2},"jetpack_post_was_ever_published":false},"categories":[21],"tags":[],"class_list":["post-3599","post","type-post","status-publish","format-standard","has-post-thumbnail","category-sp-news"],"jetpack_publicize_connections":[],"jetpack-related-posts":[],"jetpack_shortlink":"https:\/\/wp.me\/p7Eq1F-W3","jetpack_sharing_enabled":true,"jetpack_featured_media_url":"https:\/\/i0.wp.com\/guialimeira.com.br\/news\/wp-content\/uploads\/2024\/05\/SP-abre-inscricoes-para-curso-online-de-Libras-nesta-sexta-feira.jpg?fit=300%2C228&ssl=1","_links":{"self":[{"href":"https:\/\/guialimeira.com.br\/news\/wp-json\/wp\/v2\/posts\/3599","targetHints":{"allow":["GET"]}}],"collection":[{"href":"https:\/\/guialimeira.com.br\/news\/wp-json\/wp\/v2\/posts"}],"about":[{"href":"https:\/\/guialimeira.com.br\/news\/wp-json\/wp\/v2\/types\/post"}],"author":[{"embeddable":true,"href":"https:\/\/guialimeira.com.br\/news\/wp-json\/wp\/v2\/users\/1"}],"replies":[{"embeddable":true,"href":"https:\/\/guialimeira.com.br\/news\/wp-json\/wp\/v2\/comments?post=3599"}],"version-history":[{"count":0,"href":"https:\/\/guialimeira.com.br\/news\/wp-json\/wp\/v2\/posts\/3599\/revisions"}],"wp:featuredmedia":[{"embeddable":true,"href":"https:\/\/guialimeira.com.br\/news\/wp-json\/wp\/v2\/media\/3600"}],"wp:attachment":[{"href":"https:\/\/guialimeira.com.br\/news\/wp-json\/wp\/v2\/media?parent=3599"}],"wp:term":[{"taxonomy":"category","embeddable":true,"href":"https:\/\/guialimeira.com.br\/news\/wp-json\/wp\/v2\/categories?post=3599"},{"taxonomy":"post_tag","embeddable":true,"href":"https:\/\/guialimeira.com.br\/news\/wp-json\/wp\/v2\/tags?post=3599"}],"curies":[{"name":"wp","href":"https:\/\/api.w.org\/{rel}","templated":true}]}}